{"id":5058,"date":"2026-08-17T09:08:51","date_gmt":"2026-08-17T09:08:51","guid":{"rendered":"https:\/\/turkiyemhaber.com\/?p=5058"},"modified":"2026-08-17T22:41:40","modified_gmt":"2026-08-17T22:41:40","slug":"aile-ve-genclik-fonuna-aktarilan-tutar-219-milyar-liraya-yukseldi","status":"publish","type":"post","link":"https:\/\/turkiyemhaber.com\/?p=5058","title":{"rendered":"Aile ve Gen\u00e7lik Fonu&#039;na aktar\u0131lan tutar 21,9 milyar liraya y\u00fckseldi"},"content":{"rendered":"<p>Aile m\u00fcessesesinin desteklenmesi ve gen\u00e7lerin sosyal risklere kar\u015f\u0131 korunmas\u0131 amac\u0131yla kurulan Aile ve Gen\u00e7lik Fonuna Enerji ve Tabii Kaynaklar Bakanl\u0131\u011f\u0131 taraf\u0131ndan aktar\u0131lan tutar, 21,9 milyar liray\u0131 buldu.<\/p>\n\n\n<p class=\"wp-block-paragraph\">\u00a0 Aile ve Gen\u00e7lik Fonu \u00fczerinden evlenecek gen\u00e7lere sa\u011flanan destekler s\u00fcrerken enerji ve madencilik gelirlerinden aktar\u0131lan pay da her ge\u00e7en g\u00fcn art\u0131yor.<\/p>\n\n\n\n<p class=\"wp-block-paragraph\">Fona kaynak olu\u015fturulmas\u0131 amac\u0131yla T\u00fcrk\u00a0Petrol Kanunu kapsam\u0131nda tahsil edilen devlet hissesi ile Maden\u00a0Kanunu kapsam\u0131nda tahsil edilen devlet hakk\u0131n\u0131n bir b\u00f6l\u00fcm\u00fc, Enerji ve Tabii\u00a0Kaynaklar Bakanl\u0131\u011f\u0131 taraf\u0131ndan fona aktar\u0131l\u0131yor.<\/p>\n\n\n\n<p class=\"wp-block-paragraph\">2026 y\u0131l\u0131nda fona transfer edilen tutar 7,8 milyar liray\u0131 a\u015ft\u0131 2024 y\u0131l\u0131nda ba\u015flat\u0131lan uygulama kapsam\u0131nda fona aktar\u0131lan tutar ciddi bir seviyeye ula\u015ft\u0131. Sadece 2026 y\u0131l\u0131nda fona transfer edilen tutar 7,8 milyar liray\u0131 a\u015ft\u0131. B\u00f6ylece Aile ve Gen\u00e7lik Fonu\u2019na petrol ve maden gelirlerinden aktar\u0131lan toplam kaynak, 21,9 milyar liray\u0131 buldu. Bu kayna\u011f\u0131n 12,1 milyar liral\u0131k k\u0131sm\u0131 madenlerden, 9,8 milyar liral\u0131k b\u00f6l\u00fcm\u00fc de petrol ve do\u011fal gazdan geldi.<\/p>\n\n\n\n<h2 class=\"wp-block-heading\">&#8220;185 binden fazla gencimizin hayallerini ger\u00e7ekle\u015ftirmesine destek verdik&#8221;<\/h2>\n\n\n\n<p class=\"wp-block-paragraph\">Enerji ve Tabii Kaynaklar Bakan\u0131 Alparslan Bayraktar, &#8220;Yerli ve mill\u00ee enerji kaynaklar\u0131m\u0131zdan elde etti\u011fimiz gelirleri gen\u00e7lerimizin gelece\u011fi i\u00e7in seferber ediyoruz. Bug\u00fcne kadar petrol,\u00a0do\u011falgaz\u00a0ve maden gelirlerimizden Aile ve Gen\u00e7lik Fonu\u2019na aktard\u0131\u011f\u0131m\u0131z kaynak 21,9 milyar liray\u0131 buldu. Sa\u011flad\u0131\u011f\u0131m\u0131z bu imk\u00e2nla 185 binden fazla gencimizin yuva kurmas\u0131na ve hayallerini ger\u00e7ekle\u015ftirmesine destek verdik. Enerjide Tam Ba\u011f\u0131ms\u0131z T\u00fcrkiye hedefiyle durmadan \u00e7al\u0131\u015fmaya, \u00fclkemizin zenginliklerini gen\u00e7lerimizin refah\u0131na kullanmaya devam edece\u011fiz&#8221; dedi.<\/p>\n\n\n\n<p class=\"wp-block-paragraph\">Evlenecek olan ve Aile ve Gen\u00e7lik Fonu\u2019ndan yararlanmak i\u00e7in gerekli \u015fartlar\u0131 sa\u011flayan gen\u00e7lere, 18-25 ya\u015f aral\u0131\u011f\u0131nda olmalar\u0131 halinde 250 bin lira, 26-29 ya\u015f aral\u0131\u011f\u0131nda olmalar\u0131 halinde 200 bin lira destek sa\u011flan\u0131yor.<\/p>\n","protected":false},"excerpt":{"rendered":"<p>Aile m\u00fcessesesinin desteklenmesi ve gen\u00e7lerin sosyal risklere kar\u015f\u0131 korunmas\u0131 amac\u0131yla kurulan Aile ve Gen\u00e7lik Fonuna<\/p>\n","protected":false},"author":1,"featured_media":5083,"comment_status":"open","ping_status":"open","sticky":false,"template":"","format":"standard","meta":{"_rtcl_gb_attr":"","footnotes":""},"categories":[1],"tags":[],"class_list":["post-5058","post","type-post","status-publish","format-standard","has-post-thumbnail","hentry","category-http-turkiyemhaber-com-wp-content-uploads-2026-03-saray-59-haber-13-mart-pdf"],"_links":{"self":[{"href":"https:\/\/turkiyemhaber.com\/index.php?rest_route=\/wp\/v2\/posts\/5058","targetHints":{"allow":["GET"]}}],"collection":[{"href":"https:\/\/turkiyemhaber.com\/index.php?rest_route=\/wp\/v2\/posts"}],"about":[{"href":"https:\/\/turkiyemhaber.com\/index.php?rest_route=\/wp\/v2\/types\/post"}],"author":[{"embeddable":true,"href":"https:\/\/turkiyemhaber.com\/index.php?rest_route=\/wp\/v2\/users\/1"}],"replies":[{"embeddable":true,"href":"https:\/\/turkiyemhaber.com\/index.php?rest_route=%2Fwp%2Fv2%2Fcomments&post=5058"}],"version-history":[{"count":1,"href":"https:\/\/turkiyemhaber.com\/index.php?rest_route=\/wp\/v2\/posts\/5058\/revisions"}],"predecessor-version":[{"id":5084,"href":"https:\/\/turkiyemhaber.com\/index.php?rest_route=\/wp\/v2\/posts\/5058\/revisions\/5084"}],"wp:featuredmedia":[{"embeddable":true,"href":"https:\/\/turkiyemhaber.com\/index.php?rest_route=\/wp\/v2\/media\/5083"}],"wp:attachment":[{"href":"https:\/\/turkiyemhaber.com\/index.php?rest_route=%2Fwp%2Fv2%2Fmedia&parent=5058"}],"wp:term":[{"taxonomy":"category","embeddable":true,"href":"https:\/\/turkiyemhaber.com\/index.php?rest_route=%2Fwp%2Fv2%2Fcategories&post=5058"},{"taxonomy":"post_tag","embeddable":true,"href":"https:\/\/turkiyemhaber.com\/index.php?rest_route=%2Fwp%2Fv2%2Ftags&post=5058"}],"curies":[{"name":"wp","href":"https:\/\/api.w.org\/{rel}","templated":true}]}}