{"id":5057,"date":"2026-08-17T09:08:51","date_gmt":"2026-08-17T09:08:51","guid":{"rendered":"https:\/\/turkiyemhaber.com\/?p=5057"},"modified":"2026-08-17T22:43:48","modified_gmt":"2026-08-17T22:43:48","slug":"eski-ak-parti-kocaeli-milletvekili-azize-sibel-gonul-hayatini-kaybetti","status":"publish","type":"post","link":"https:\/\/turkiyemhaber.com\/?p=5057","title":{"rendered":"Eski AK Parti Kocaeli Milletvekili Azize Sibel G\u00f6n\u00fcl hayat\u0131n\u0131 kaybetti"},"content":{"rendered":"<p>Eski AK Parti Kocaeli Milletvekili ve AK Parti Genel Merkez Kad\u0131n Kollar\u0131 Ba\u015fkan\u0131 Azize Sibel G\u00f6n\u00fcl, tedavi g\u00f6rd\u00fc\u011f\u00fc hastanede ya\u015fam\u0131n\u0131 yitirdi. Cumhurba\u015fkan\u0131 Erdo\u011fan da Azize Sibel G\u00f6n\u00fcl&#8217;\u00fcn vefat\u0131yla ilgili taziye mesaj\u0131 yay\u0131mlad\u0131.<\/p>\n\n\n<p class=\"wp-block-paragraph\">Ak Parti Kocaeli&#8217;de milletvekilli\u011fi ve Kad\u0131n Kollar\u0131 Genel Ba\u015fkanl\u0131\u011f\u0131 ba\u015fta olmak \u00fczere \u00f6nemli g\u00f6revlerde bulunan, 2019 yerel se\u00e7imlerinde AK Parti\u2019nin \u0130zmit Belediye Ba\u015fkan aday\u0131 olan Azize Sibel G\u00f6n\u00fcl, 60 ya\u015f\u0131nda hayat\u0131n\u0131 kaybetti. Yakla\u015f\u0131k 4 y\u0131ld\u0131r kanser tedavisi g\u00f6ren G\u00f6n\u00fcl, bug\u00fcn \u0130zmit\u2019te d\u00fczenlenen cenaze t\u00f6reninin ard\u0131ndan son yolculu\u011funa u\u011furland\u0131.<\/p>\n\n\n\n<figure class=\"wp-block-image\"><a class=\"swipe\" href=\"https:\/\/www.cagdaskocaeli.com.tr\/sites\/549\/uploads\/2026\/08\/17\/gonul-son-yolculuguna-ugurlandi-1785700174.jpg\" target=\"_blank\" rel=\"noreferrer noopener\"><img decoding=\"async\" src=\"https:\/\/www.cagdaskocaeli.com.tr\/sites\/549\/uploads\/2026\/08\/17\/large\/gonul-son-yolculuguna-ugurlandi-1785700174.jpg\" alt=\"Eski AK Parti Kocaeli Milletvekili Sibel G\u00f6n\u00fcl son yolculu\u011funa u\u011furland\u0131\"\/><\/a><\/figure>\n\n\n\n<h2 class=\"wp-block-heading\">\u0130ZM\u0130T\u2019TE SON G\u00d6REV<\/h2>\n\n\n\n<p class=\"wp-block-paragraph\">Bir s\u00fcredir \u0130stanbul\u2019daki Medical Park Hastanesi\u2019nin yo\u011fun bak\u0131m \u00fcnitesinde tedavi g\u00f6ren G\u00f6n\u00fcl, kanserle verdi\u011fi m\u00fccadeleyi kaybetti. G\u00f6n\u00fcl\u2019\u00fcn vefat\u0131 ailesi, yak\u0131nlar\u0131, sevenleri ve AK Parti te\u015fkilat\u0131nda b\u00fcy\u00fck \u00fcz\u00fcnt\u00fcye neden oldu.<\/p>\n\n\n\n<figure class=\"wp-block-image\"><a class=\"swipe\" href=\"https:\/\/www.cagdaskocaeli.com.tr\/sites\/549\/uploads\/2026\/08\/17\/gonul-son-yolculuguna-ugurlandi-1785927085.jpg\" target=\"_blank\" rel=\"noreferrer noopener\"><img decoding=\"async\" src=\"https:\/\/www.cagdaskocaeli.com.tr\/sites\/549\/uploads\/2026\/08\/17\/large\/gonul-son-yolculuguna-ugurlandi-1785927085.jpg\" alt=\"Eski AK Parti Kocaeli Milletvekili Sibel G\u00f6n\u00fcl son yolculu\u011funa u\u011furland\u0131\"\/><\/a><\/figure>\n\n\n\n<h2 class=\"wp-block-heading\">KENT MEZARLI\u011eI\u2019NDA TOPRA\u011eA VER\u0130LD\u0130<\/h2>\n\n\n\n<p class=\"wp-block-paragraph\">G\u00f6n\u00fcl i\u00e7in bug\u00fcn \u0130zmit Fevziye Camii\u2019nde ikindi namaz\u0131n\u0131n ard\u0131ndan cenaze namaz\u0131 k\u0131l\u0131nd\u0131. Cenaze t\u00f6renine ailesi, yak\u0131nlar\u0131, siyasi parti temsilcileri, te\u015fkilat mensuplar\u0131 ve \u00e7ok say\u0131da vatanda\u015f kat\u0131ld\u0131. K\u0131l\u0131nan cenaze namaz\u0131n\u0131n ard\u0131ndan G\u00f6n\u00fcl\u2019\u00fcn cenzesi, \u0130zmit Kent Mezarl\u0131\u011f\u0131\u2019nda topra\u011fa verildi.<\/p>\n\n\n\n<figure class=\"wp-block-image\"><a class=\"swipe\" href=\"https:\/\/www.cagdaskocaeli.com.tr\/sites\/549\/uploads\/2026\/08\/17\/gonul-son-yolculuguna-ugurlandi-1788616589.jpg\"><img decoding=\"async\" src=\"https:\/\/www.cagdaskocaeli.com.tr\/sites\/549\/uploads\/2026\/08\/17\/large\/gonul-son-yolculuguna-ugurlandi-1788616589.jpg\" alt=\"Eski AK Parti Kocaeli Milletvekili Sibel G\u00f6n\u00fcl son yolculu\u011funa u\u011furland\u0131\"\/><\/a><\/figure>\n\n\n\n<h2 class=\"wp-block-heading\">SON G\u00d6REVDE YALNIZ BIRAKMADILAR<\/h2>\n\n\n\n<p class=\"wp-block-paragraph\">Azize Sibel G\u00f6n\u00fcl\u2019\u00fcn son yolculu\u011funda G\u00f6n\u00fcl ailesini Kocaeli Valisi&nbsp;<a rel=\"noreferrer noopener\" target=\"_blank\" href=\"https:\/\/www.cagdaskocaeli.com.tr\/haberleri\/ilhami-aktas\"><\/a><a href=\"https:\/\/www.cagdaskocaeli.com.tr\/haberleri\/ilhami-aktas\" target=\"_blank\" rel=\"noreferrer noopener\">\u0130lhami Akta\u015f<\/a>, AK Parti Kocaeli Milletvekilleri Radiye Sezer Kat\u0131rc\u0131o\u011flu, Cemil Yaman, Sami \u00c7ak\u0131r, Veysel Tipio\u011flu, Mehmet Akif Y\u0131lmaz, AK Parti Bursa Milletvekili Emine Yavuz G\u00f6zge\u00e7, Cumhurba\u015fkanl\u0131\u011f\u0131 Etik Kurulu \u00dcyesi ve Ge\u00e7mi\u015f D\u00f6nem Kocaeli B\u00fcy\u00fck\u015fehir Belediye Ba\u015fkan\u0131 \u0130brahim Karaosmano\u011flu, Yeni Parti Kocaeli Milletvekilleri Nail \u00c7iler, Harun \u00d6zg\u00fcr Y\u0131ld\u0131zl\u0131, \u0130Y\u0130 Parti Kocaeli Milletvekili L\u00fctf\u00fc T\u00fcrkkan, Kocaeli B\u00fcy\u00fck\u015fehir Belediye Ba\u015fkan\u0131&nbsp;<a rel=\"noreferrer noopener\" target=\"_blank\" href=\"https:\/\/www.cagdaskocaeli.com.tr\/haberleri\/tahir-buyukakin\"><\/a><a href=\"https:\/\/www.cagdaskocaeli.com.tr\/haberleri\/tahir-buyukakin\" target=\"_blank\" rel=\"noreferrer noopener\">Tahir B\u00fcy\u00fckak\u0131n<\/a>, il\u00e7e belediye ba\u015fkanlar\u0131, AK Parti Genel Merkez Kad\u0131n Kollar\u0131 Ba\u015fkan\u0131 Tu\u011fba I\u015f\u0131k Ercan, AK Parti \u0130l Ba\u015fkan\u0131 \u015eahin Talus ve il y\u00f6neticileri, AK Parti MKYK \u00dcyesi Davut Co\u015fkun \u015eivilo\u011flu, Yeni Parti \u0130l Ba\u015fkan\u0131 Erdem Arcan,&nbsp;<a rel=\"noreferrer noopener\" target=\"_blank\" href=\"https:\/\/www.cagdaskocaeli.com.tr\/haberleri\/chp\">CHP<\/a>&nbsp;\u0130l Ba\u015fkan\u0131 Selman Y\u0131ld\u0131r\u0131m, MHP \u0130l Ba\u015fkan\u0131 Enes Emengen, Saadet Partisi \u0130l Ba\u015fkan\u0131 Recep Sar\u0131do\u011fan, \u0130Y\u0130 Parti \u0130l Ba\u015fkan\u0131 Kamil \u015eirin, \u0130Y\u0130 Parti G\u0130K \u00dcyesi Cumali Durmu\u015f, AK Parti \u0130l Gen\u00e7lik Kollar\u0131 Ba\u015fkan\u0131 Do\u011fan Orak, AK Parti \u0130l Kad\u0131n Kollar\u0131 Ba\u015fkan\u0131 Yasemin \u00d6zdemir, belediyelerin meclis \u00fcyeleri, sivil toplum kurulu\u015flar\u0131 ve odalar\u0131n temsilcileri yaln\u0131z b\u0131rakmad\u0131.<\/p>\n\n\n\n<figure class=\"wp-block-image\"><a class=\"swipe\" href=\"https:\/\/www.cagdaskocaeli.com.tr\/sites\/549\/uploads\/2026\/08\/17\/sibel-gonul-son-yolculuguna-ugurlandi-1783548514.jpg\" target=\"_blank\" rel=\"noreferrer noopener\"><img decoding=\"async\" src=\"https:\/\/www.cagdaskocaeli.com.tr\/sites\/549\/uploads\/2026\/08\/17\/large\/sibel-gonul-son-yolculuguna-ugurlandi-1783548514.jpg\" alt=\"Eski AK Parti Kocaeli Milletvekili Sibel G\u00f6n\u00fcl son yolculu\u011funa u\u011furland\u0131\"\/><\/a><\/figure>\n\n\n\n<h2 class=\"wp-block-heading\">GE\u00c7M\u0130\u015e D\u00d6NEM G\u00d6REV YAPANLAR DA YALNIZ BIRAKMADI<\/h2>\n\n\n\n<p class=\"wp-block-paragraph\">Ge\u00e7mi\u015f d\u00f6nem g\u00f6rev yapanlar da cenazede haz\u0131r bulundu. Cenazeye Eski Ba\u015fbakan Yard\u0131mc\u0131s\u0131 ve AK Parti Kocaeli Milletvekili Fikri I\u015f\u0131k, Eski Bakan ve Kocaeli Milletvekili Nihat Erg\u00fcn, Ge\u00e7mi\u015f d\u00f6nem AK Parti Kocaeli Milletvekili \u0130lyas \u015eeker, CHP ge\u00e7mi\u015f d\u00f6nem Kocaeli Milletvekili Hikmet Erenkaya, ge\u00e7mi\u015f d\u00f6nem AK Parti Kocaeli \u0130l Ba\u015fkan\u0131 Mehmet Ellibe\u015f, Ge\u00e7mi\u015f d\u00f6nem MHP \u0130l Ba\u015fkan\u0131 Ayd\u0131n \u00dcnl\u00fc, ge\u00e7mi\u015f d\u00f6nem meclis \u00fcyeleri ve il\u00e7e ba\u015fkanlar\u0131 da kat\u0131ld\u0131.<\/p>\n","protected":false},"excerpt":{"rendered":"<p>Eski AK Parti Kocaeli Milletvekili ve AK Parti Genel Merkez Kad\u0131n Kollar\u0131 Ba\u015fkan\u0131 Azize Sibel<\/p>\n","protected":false},"author":1,"featured_media":5085,"comment_status":"open","ping_status":"open","sticky":false,"template":"","format":"standard","meta":{"_rtcl_gb_attr":"","footnotes":""},"categories":[1],"tags":[],"class_list":["post-5057","post","type-post","status-publish","format-standard","has-post-thumbnail","hentry","category-http-turkiyemhaber-com-wp-content-uploads-2026-03-saray-59-haber-13-mart-pdf"],"_links":{"self":[{"href":"https:\/\/turkiyemhaber.com\/index.php?rest_route=\/wp\/v2\/posts\/5057","targetHints":{"allow":["GET"]}}],"collection":[{"href":"https:\/\/turkiyemhaber.com\/index.php?rest_route=\/wp\/v2\/posts"}],"about":[{"href":"https:\/\/turkiyemhaber.com\/index.php?rest_route=\/wp\/v2\/types\/post"}],"author":[{"embeddable":true,"href":"https:\/\/turkiyemhaber.com\/index.php?rest_route=\/wp\/v2\/users\/1"}],"replies":[{"embeddable":true,"href":"https:\/\/turkiyemhaber.com\/index.php?rest_route=%2Fwp%2Fv2%2Fcomments&post=5057"}],"version-history":[{"count":1,"href":"https:\/\/turkiyemhaber.com\/index.php?rest_route=\/wp\/v2\/posts\/5057\/revisions"}],"predecessor-version":[{"id":5086,"href":"https:\/\/turkiyemhaber.com\/index.php?rest_route=\/wp\/v2\/posts\/5057\/revisions\/5086"}],"wp:featuredmedia":[{"embeddable":true,"href":"https:\/\/turkiyemhaber.com\/index.php?rest_route=\/wp\/v2\/media\/5085"}],"wp:attachment":[{"href":"https:\/\/turkiyemhaber.com\/index.php?rest_route=%2Fwp%2Fv2%2Fmedia&parent=5057"}],"wp:term":[{"taxonomy":"category","embeddable":true,"href":"https:\/\/turkiyemhaber.com\/index.php?rest_route=%2Fwp%2Fv2%2Fcategories&post=5057"},{"taxonomy":"post_tag","embeddable":true,"href":"https:\/\/turkiyemhaber.com\/index.php?rest_route=%2Fwp%2Fv2%2Ftags&post=5057"}],"curies":[{"name":"wp","href":"https:\/\/api.w.org\/{rel}","templated":true}]}}