{"id":5051,"date":"2026-08-16T20:30:18","date_gmt":"2026-08-16T20:30:18","guid":{"rendered":"https:\/\/turkiyemhaber.com\/?p=5051"},"modified":"2026-08-16T20:30:18","modified_gmt":"2026-08-16T20:30:18","slug":"cumhurbaskani-erdogan-trumptan-f35-sozu-aldim-yerine-getirilmesini-bekliyorum","status":"publish","type":"post","link":"https:\/\/turkiyemhaber.com\/?p=5051","title":{"rendered":"Cumhurba\u015fkan\u0131 Erdo\u011fan: Trump&#039;tan F35 s\u00f6z\u00fc ald\u0131m, yerine getirilmesini bekliyorum"},"content":{"rendered":"<p>Cumhurba\u015fkan\u0131 Recep Tayyip Erdo\u011fan, El Cezire&#8217;ye T\u00fcrkiye&#8217;nin d\u0131\u015f politika g\u00fcndemini de\u011ferlendirdi. F35 program\u0131na d\u00f6n\u00fc\u015f, Mekke Anla\u015fmas\u0131, Suriye, Gazze ve AB ili\u015fkilerine ili\u015fkin mesajlar verdi. Erdo\u011fan, F35&#8217;ler i\u00e7in ABD Ba\u015fkan\u0131 Trump&#8217;tan s\u00f6z ald\u0131\u011f\u0131n\u0131 belirterek, &#8220;S\u00f6z\u00fcn yerine getirilmesini bekliyorum&#8221; dedi.<\/p>\n","protected":false},"excerpt":{"rendered":"<p>Cumhurba\u015fkan\u0131 Recep Tayyip Erdo\u011fan, El Cezire&#8217;ye T\u00fcrkiye&#8217;nin d\u0131\u015f politika g\u00fcndemini de\u011ferlendirdi. F35 program\u0131na d\u00f6n\u00fc\u015f, Mekke<\/p>\n","protected":false},"author":1,"featured_media":5030,"comment_status":"open","ping_status":"open","sticky":false,"template":"","format":"standard","meta":{"_rtcl_gb_attr":"","footnotes":""},"categories":[1],"tags":[],"class_list":["post-5051","post","type-post","status-publish","format-standard","has-post-thumbnail","hentry","category-http-turkiyemhaber-com-wp-content-uploads-2026-03-saray-59-haber-13-mart-pdf"],"_links":{"self":[{"href":"https:\/\/turkiyemhaber.com\/index.php?rest_route=\/wp\/v2\/posts\/5051","targetHints":{"allow":["GET"]}}],"collection":[{"href":"https:\/\/turkiyemhaber.com\/index.php?rest_route=\/wp\/v2\/posts"}],"about":[{"href":"https:\/\/turkiyemhaber.com\/index.php?rest_route=\/wp\/v2\/types\/post"}],"author":[{"embeddable":true,"href":"https:\/\/turkiyemhaber.com\/index.php?rest_route=\/wp\/v2\/users\/1"}],"replies":[{"embeddable":true,"href":"https:\/\/turkiyemhaber.com\/index.php?rest_route=%2Fwp%2Fv2%2Fcomments&post=5051"}],"version-history":[{"count":0,"href":"https:\/\/turkiyemhaber.com\/index.php?rest_route=\/wp\/v2\/posts\/5051\/revisions"}],"wp:featuredmedia":[{"embeddable":true,"href":"https:\/\/turkiyemhaber.com\/index.php?rest_route=\/wp\/v2\/media\/5030"}],"wp:attachment":[{"href":"https:\/\/turkiyemhaber.com\/index.php?rest_route=%2Fwp%2Fv2%2Fmedia&parent=5051"}],"wp:term":[{"taxonomy":"category","embeddable":true,"href":"https:\/\/turkiyemhaber.com\/index.php?rest_route=%2Fwp%2Fv2%2Fcategories&post=5051"},{"taxonomy":"post_tag","embeddable":true,"href":"https:\/\/turkiyemhaber.com\/index.php?rest_route=%2Fwp%2Fv2%2Ftags&post=5051"}],"curies":[{"name":"wp","href":"https:\/\/api.w.org\/{rel}","templated":true}]}}