{"id":5037,"date":"2026-08-16T08:09:50","date_gmt":"2026-08-16T08:09:50","guid":{"rendered":"https:\/\/turkiyemhaber.com\/?p=5037"},"modified":"2026-08-16T08:09:50","modified_gmt":"2026-08-16T08:09:50","slug":"itfaiye-aracinin-sepetiyle-duvar-arasinda-sikisan-uzman-cavus-yasamini-yitirdi","status":"publish","type":"post","link":"https:\/\/turkiyemhaber.com\/?p=5037","title":{"rendered":"\u0130tfaiye arac\u0131n\u0131n sepetiyle duvar aras\u0131nda s\u0131k\u0131\u015fan uzman \u00e7avu\u015f ya\u015fam\u0131n\u0131 yitirdi"},"content":{"rendered":"<p>Hakkari&#8217;nin Derecik il\u00e7esinde anahtar\u0131n\u0131 unuttu\u011fu evine girebilmek i\u00e7in itfaiye arac\u0131n\u0131n merdiveniyle balkona ula\u015fmaya \u00e7al\u0131\u015fan uzman \u00e7avu\u015f, arac\u0131n kaymas\u0131 sonucu duvar ile merdiveninin sepeti aras\u0131nda s\u0131k\u0131\u015farak hayat\u0131n\u0131 kaybetti.<\/p>\n","protected":false},"excerpt":{"rendered":"<p>Hakkari&#8217;nin Derecik il\u00e7esinde anahtar\u0131n\u0131 unuttu\u011fu evine girebilmek i\u00e7in itfaiye arac\u0131n\u0131n merdiveniyle balkona ula\u015fmaya \u00e7al\u0131\u015fan uzman<\/p>\n","protected":false},"author":1,"featured_media":5030,"comment_status":"open","ping_status":"open","sticky":false,"template":"","format":"standard","meta":{"_rtcl_gb_attr":"","footnotes":""},"categories":[1],"tags":[],"class_list":["post-5037","post","type-post","status-publish","format-standard","has-post-thumbnail","hentry","category-http-turkiyemhaber-com-wp-content-uploads-2026-03-saray-59-haber-13-mart-pdf"],"_links":{"self":[{"href":"https:\/\/turkiyemhaber.com\/index.php?rest_route=\/wp\/v2\/posts\/5037","targetHints":{"allow":["GET"]}}],"collection":[{"href":"https:\/\/turkiyemhaber.com\/index.php?rest_route=\/wp\/v2\/posts"}],"about":[{"href":"https:\/\/turkiyemhaber.com\/index.php?rest_route=\/wp\/v2\/types\/post"}],"author":[{"embeddable":true,"href":"https:\/\/turkiyemhaber.com\/index.php?rest_route=\/wp\/v2\/users\/1"}],"replies":[{"embeddable":true,"href":"https:\/\/turkiyemhaber.com\/index.php?rest_route=%2Fwp%2Fv2%2Fcomments&post=5037"}],"version-history":[{"count":0,"href":"https:\/\/turkiyemhaber.com\/index.php?rest_route=\/wp\/v2\/posts\/5037\/revisions"}],"wp:featuredmedia":[{"embeddable":true,"href":"https:\/\/turkiyemhaber.com\/index.php?rest_route=\/wp\/v2\/media\/5030"}],"wp:attachment":[{"href":"https:\/\/turkiyemhaber.com\/index.php?rest_route=%2Fwp%2Fv2%2Fmedia&parent=5037"}],"wp:term":[{"taxonomy":"category","embeddable":true,"href":"https:\/\/turkiyemhaber.com\/index.php?rest_route=%2Fwp%2Fv2%2Fcategories&post=5037"},{"taxonomy":"post_tag","embeddable":true,"href":"https:\/\/turkiyemhaber.com\/index.php?rest_route=%2Fwp%2Fv2%2Ftags&post=5037"}],"curies":[{"name":"wp","href":"https:\/\/api.w.org\/{rel}","templated":true}]}}