{"id":5036,"date":"2026-08-16T08:09:50","date_gmt":"2026-08-16T08:09:50","guid":{"rendered":"https:\/\/turkiyemhaber.com\/?p=5036"},"modified":"2026-08-16T08:09:50","modified_gmt":"2026-08-16T08:09:50","slug":"alihan-kuris-tutuklandi","status":"publish","type":"post","link":"https:\/\/turkiyemhaber.com\/?p=5036","title":{"rendered":"Alihan Kuri\u015f tutukland\u0131"},"content":{"rendered":"<p>Ankara Cumhuriyet Ba\u015fsavc\u0131l\u0131\u011f\u0131n\u0131n \u00e7\u0131kar ama\u00e7l\u0131 Alihan Kuri\u015f Su\u00e7 \u00d6rg\u00fct\u00fcne y\u00f6nelik y\u00fcr\u00fctt\u00fc\u011f\u00fc soru\u015fturma kapsam\u0131nda g\u00f6zalt\u0131na al\u0131nan 38 \u015f\u00fcpheliden 32si hakk\u0131nda tutuklama, 6s\u0131 hakk\u0131nda ise adli kontrol tedbiri uygulanmas\u0131na karar verildi. \u00d6rg\u00fct lideri Alihan Kuri\u015f tutukland\u0131.<\/p>\n","protected":false},"excerpt":{"rendered":"<p>Ankara Cumhuriyet Ba\u015fsavc\u0131l\u0131\u011f\u0131n\u0131n \u00e7\u0131kar ama\u00e7l\u0131 Alihan Kuri\u015f Su\u00e7 \u00d6rg\u00fct\u00fcne y\u00f6nelik y\u00fcr\u00fctt\u00fc\u011f\u00fc soru\u015fturma kapsam\u0131nda g\u00f6zalt\u0131na al\u0131nan<\/p>\n","protected":false},"author":1,"featured_media":5030,"comment_status":"open","ping_status":"open","sticky":false,"template":"","format":"standard","meta":{"_rtcl_gb_attr":"","footnotes":""},"categories":[1],"tags":[],"class_list":["post-5036","post","type-post","status-publish","format-standard","has-post-thumbnail","hentry","category-http-turkiyemhaber-com-wp-content-uploads-2026-03-saray-59-haber-13-mart-pdf"],"_links":{"self":[{"href":"https:\/\/turkiyemhaber.com\/index.php?rest_route=\/wp\/v2\/posts\/5036","targetHints":{"allow":["GET"]}}],"collection":[{"href":"https:\/\/turkiyemhaber.com\/index.php?rest_route=\/wp\/v2\/posts"}],"about":[{"href":"https:\/\/turkiyemhaber.com\/index.php?rest_route=\/wp\/v2\/types\/post"}],"author":[{"embeddable":true,"href":"https:\/\/turkiyemhaber.com\/index.php?rest_route=\/wp\/v2\/users\/1"}],"replies":[{"embeddable":true,"href":"https:\/\/turkiyemhaber.com\/index.php?rest_route=%2Fwp%2Fv2%2Fcomments&post=5036"}],"version-history":[{"count":0,"href":"https:\/\/turkiyemhaber.com\/index.php?rest_route=\/wp\/v2\/posts\/5036\/revisions"}],"wp:featuredmedia":[{"embeddable":true,"href":"https:\/\/turkiyemhaber.com\/index.php?rest_route=\/wp\/v2\/media\/5030"}],"wp:attachment":[{"href":"https:\/\/turkiyemhaber.com\/index.php?rest_route=%2Fwp%2Fv2%2Fmedia&parent=5036"}],"wp:term":[{"taxonomy":"category","embeddable":true,"href":"https:\/\/turkiyemhaber.com\/index.php?rest_route=%2Fwp%2Fv2%2Fcategories&post=5036"},{"taxonomy":"post_tag","embeddable":true,"href":"https:\/\/turkiyemhaber.com\/index.php?rest_route=%2Fwp%2Fv2%2Ftags&post=5036"}],"curies":[{"name":"wp","href":"https:\/\/api.w.org\/{rel}","templated":true}]}}