{"id":5029,"date":"2026-08-15T19:09:31","date_gmt":"2026-08-15T19:09:31","guid":{"rendered":"https:\/\/turkiyemhaber.com\/?p=5029"},"modified":"2026-08-15T19:09:31","modified_gmt":"2026-08-15T19:09:31","slug":"isgalci-israil-filistinli-ailelerin-evlerine-saldiriyor","status":"publish","type":"post","link":"https:\/\/turkiyemhaber.com\/?p=5029","title":{"rendered":"\u0130\u015fgalci \u0130srail Filistinli ailelerin evlerine sald\u0131r\u0131yor"},"content":{"rendered":"<p>\u0130\u015fgal alt\u0131ndaki Bat\u0131 \u015eeriaya ba\u011fl\u0131 Nablusun g\u00fcneyinde bulunan Kusra beldesinden Filistinli \u0130brahim Fevzi, Filistin topraklar\u0131n\u0131 gasbeden \u0130sraillilerin, evine girerek kendisine sald\u0131rd\u0131\u011f\u0131n\u0131, bo\u011faz\u0131n\u0131 s\u0131kt\u0131\u011f\u0131n\u0131; e\u015fiyle \u00e7ocuklar\u0131n\u0131 ise bir odaya kapatt\u0131\u011f\u0131n\u0131 belirterek, s\u00f6z konusu sald\u0131r\u0131lar nedeniyle evlerinden ayr\u0131lmak zorunda kald\u0131klar\u0131n\u0131 s\u00f6yledi.<\/p>\n","protected":false},"excerpt":{"rendered":"<p>\u0130\u015fgal alt\u0131ndaki Bat\u0131 \u015eeriaya ba\u011fl\u0131 Nablusun g\u00fcneyinde bulunan Kusra beldesinden Filistinli \u0130brahim Fevzi, Filistin topraklar\u0131n\u0131<\/p>\n","protected":false},"author":1,"featured_media":0,"comment_status":"open","ping_status":"open","sticky":false,"template":"","format":"standard","meta":{"_rtcl_gb_attr":"","footnotes":""},"categories":[1],"tags":[],"class_list":["post-5029","post","type-post","status-publish","format-standard","hentry","category-http-turkiyemhaber-com-wp-content-uploads-2026-03-saray-59-haber-13-mart-pdf"],"_links":{"self":[{"href":"https:\/\/turkiyemhaber.com\/index.php?rest_route=\/wp\/v2\/posts\/5029","targetHints":{"allow":["GET"]}}],"collection":[{"href":"https:\/\/turkiyemhaber.com\/index.php?rest_route=\/wp\/v2\/posts"}],"about":[{"href":"https:\/\/turkiyemhaber.com\/index.php?rest_route=\/wp\/v2\/types\/post"}],"author":[{"embeddable":true,"href":"https:\/\/turkiyemhaber.com\/index.php?rest_route=\/wp\/v2\/users\/1"}],"replies":[{"embeddable":true,"href":"https:\/\/turkiyemhaber.com\/index.php?rest_route=%2Fwp%2Fv2%2Fcomments&post=5029"}],"version-history":[{"count":0,"href":"https:\/\/turkiyemhaber.com\/index.php?rest_route=\/wp\/v2\/posts\/5029\/revisions"}],"wp:attachment":[{"href":"https:\/\/turkiyemhaber.com\/index.php?rest_route=%2Fwp%2Fv2%2Fmedia&parent=5029"}],"wp:term":[{"taxonomy":"category","embeddable":true,"href":"https:\/\/turkiyemhaber.com\/index.php?rest_route=%2Fwp%2Fv2%2Fcategories&post=5029"},{"taxonomy":"post_tag","embeddable":true,"href":"https:\/\/turkiyemhaber.com\/index.php?rest_route=%2Fwp%2Fv2%2Ftags&post=5029"}],"curies":[{"name":"wp","href":"https:\/\/api.w.org\/{rel}","templated":true}]}}