{"id":5027,"date":"2026-08-15T19:09:31","date_gmt":"2026-08-15T19:09:31","guid":{"rendered":"https:\/\/turkiyemhaber.com\/?p=5027"},"modified":"2026-08-15T19:09:31","modified_gmt":"2026-08-15T19:09:31","slug":"organize-suc-orgutu-elebasi-serkan-kurtulus-tutuklandi","status":"publish","type":"post","link":"https:\/\/turkiyemhaber.com\/?p=5027","title":{"rendered":"Organize su\u00e7 \u00f6rg\u00fct\u00fc eleba\u015f\u0131 Serkan Kurtulu\u015f tutukland\u0131"},"content":{"rendered":"<p>K\u0131rm\u0131z\u0131 b\u00fcltenle uluslararas\u0131 seviyede aran\u0131rken Arjantin&#8217;de yakalanarak T\u00fcrkiye&#8217;ye iade edilen organize su\u00e7 \u00f6rg\u00fct\u00fc eleba\u015f\u0131 Serkan Kurtulu\u015f, \u0130zmir 3. A\u011f\u0131r Ceza Mahkemesince tutukland\u0131.<\/p>\n","protected":false},"excerpt":{"rendered":"<p>K\u0131rm\u0131z\u0131 b\u00fcltenle uluslararas\u0131 seviyede aran\u0131rken Arjantin&#8217;de yakalanarak T\u00fcrkiye&#8217;ye iade edilen organize su\u00e7 \u00f6rg\u00fct\u00fc eleba\u015f\u0131 Serkan<\/p>\n","protected":false},"author":1,"featured_media":0,"comment_status":"open","ping_status":"open","sticky":false,"template":"","format":"standard","meta":{"_rtcl_gb_attr":"","footnotes":""},"categories":[1],"tags":[],"class_list":["post-5027","post","type-post","status-publish","format-standard","hentry","category-http-turkiyemhaber-com-wp-content-uploads-2026-03-saray-59-haber-13-mart-pdf"],"_links":{"self":[{"href":"https:\/\/turkiyemhaber.com\/index.php?rest_route=\/wp\/v2\/posts\/5027","targetHints":{"allow":["GET"]}}],"collection":[{"href":"https:\/\/turkiyemhaber.com\/index.php?rest_route=\/wp\/v2\/posts"}],"about":[{"href":"https:\/\/turkiyemhaber.com\/index.php?rest_route=\/wp\/v2\/types\/post"}],"author":[{"embeddable":true,"href":"https:\/\/turkiyemhaber.com\/index.php?rest_route=\/wp\/v2\/users\/1"}],"replies":[{"embeddable":true,"href":"https:\/\/turkiyemhaber.com\/index.php?rest_route=%2Fwp%2Fv2%2Fcomments&post=5027"}],"version-history":[{"count":0,"href":"https:\/\/turkiyemhaber.com\/index.php?rest_route=\/wp\/v2\/posts\/5027\/revisions"}],"wp:attachment":[{"href":"https:\/\/turkiyemhaber.com\/index.php?rest_route=%2Fwp%2Fv2%2Fmedia&parent=5027"}],"wp:term":[{"taxonomy":"category","embeddable":true,"href":"https:\/\/turkiyemhaber.com\/index.php?rest_route=%2Fwp%2Fv2%2Fcategories&post=5027"},{"taxonomy":"post_tag","embeddable":true,"href":"https:\/\/turkiyemhaber.com\/index.php?rest_route=%2Fwp%2Fv2%2Ftags&post=5027"}],"curies":[{"name":"wp","href":"https:\/\/api.w.org\/{rel}","templated":true}]}}