{"id":4994,"date":"2026-08-15T13:24:44","date_gmt":"2026-08-15T13:24:44","guid":{"rendered":"https:\/\/turkiyemhaber.com\/?p=4994"},"modified":"2026-08-15T13:24:44","modified_gmt":"2026-08-15T13:24:44","slug":"son-dakika-izmirde-deprem-mi-oldu-az-once-deprem-izmirde-nerede-oldu-izmir-deprem-kandilli-ve-afad-son-depremler-listesi-15-agustos-2026","status":"publish","type":"post","link":"https:\/\/turkiyemhaber.com\/?p=4994","title":{"rendered":"Son dakika \u0130zmir&#8217;de deprem mi oldu? Az \u00f6nce deprem \u0130zmir&#8217;de nerede oldu? \u0130zmir deprem Kandilli ve AFAD son depremler listesi 15 A\u011fustos 2026"},"content":{"rendered":"<div><img decoding=\"async\" src=\"https:\/\/images.ntv.com.tr\/images\/477a4d82-9d42-44a3-8135-f2a9ec017f8a.jpg?width=930&amp;format=webp\" class=\"type:primaryImage\" alt=\"Son dakika \u0130zmir'de deprem mi oldu? Az \u00f6nce deprem \u0130zmir'de nerede oldu? \u0130zmir deprem Kandilli ve AFAD son depremler listesi 15 A\u011fustos 2026\"><\/p>\n<p>Son dakika \u0130zmir deprem haberleri.. \u0130zmir&#8217;de deprem mi oldu? Az \u00f6nce deprem \u0130zmir&#8217;de nerede oldu? \u0130zmir Kandilli ve AFAD son depremler.. 15 A\u011fustos 2026 \u0130zmir deprem son dakika haberleri haberin detay\u0131nda&#8230; Art\u00e7\u0131 deprem mi oldu \u0130zmir&#8217;de? \u0130zmir son deprem b\u00fcy\u00fckl\u00fc\u011f\u00fc ne kadar? \u0130zmir&#8217;de ve \u0130zmir yak\u0131n\u0131ndaki depremler nelerdir? \u0130zmir&#8217;de anl\u0131k deprem mi oldu? Son dakika \u0130zmir canl\u0131 deprem haritas\u0131.. Kandilli Rasathanesi ve Deprem Ara\u015ft\u0131rma Enstit\u00fcs\u00fc ve AFAD \u0130zmir deprem haberleri.. \u0130zmir&#8217;de hangi il\u00e7elerde deprem oldu ve hangi il\u00e7elerde en \u00e7ok hissedildi? Bug\u00fcn \u0130zmir&#8217;de deprem mi oldu? Deprem \u0130zmir&#8217;de ne zaman ve ka\u00e7 \u015fiddetinde oldu? En son \u0130zmir&#8217;de nerede deprem oldu? \u0130zmir deprem haberleriyle ilgili en \u00e7ok merak edilenlerin cevab\u0131 haberde&#8230;<\/p>\n<p>Tarih-saat 15 A\u011fustos 2026 00:01 itibariyle Karaburun (\u0130zmir) 3.8 \u015fiddetinde bir deprem olmu\u015ftur.<br \/>\nSon dakika \u0130zmir deprem haberleri 15 A\u011fustos 2026.. \u0130zmir AFAD son depremler ve \u0130zmir Kandilli son dakika deprem listesi..<\/p><\/div>\n<p class=\"wpematico_credit\"><small>Powered by <a href=\"http:\/\/www.wpematico.com\" target=\"_blank\">WPeMatico<\/a><\/small><\/p>\n","protected":false},"excerpt":{"rendered":"<p>Son dakika \u0130zmir deprem haberleri.. \u0130zmir&#8217;de deprem mi oldu? Az \u00f6nce deprem \u0130zmir&#8217;de nerede oldu?<\/p>\n","protected":false},"author":1,"featured_media":0,"comment_status":"closed","ping_status":"closed","sticky":false,"template":"","format":"standard","meta":{"_rtcl_gb_attr":"","footnotes":""},"categories":[1],"tags":[],"class_list":["post-4994","post","type-post","status-publish","format-standard","hentry","category-http-turkiyemhaber-com-wp-content-uploads-2026-03-saray-59-haber-13-mart-pdf"],"_links":{"self":[{"href":"https:\/\/turkiyemhaber.com\/index.php?rest_route=\/wp\/v2\/posts\/4994","targetHints":{"allow":["GET"]}}],"collection":[{"href":"https:\/\/turkiyemhaber.com\/index.php?rest_route=\/wp\/v2\/posts"}],"about":[{"href":"https:\/\/turkiyemhaber.com\/index.php?rest_route=\/wp\/v2\/types\/post"}],"author":[{"embeddable":true,"href":"https:\/\/turkiyemhaber.com\/index.php?rest_route=\/wp\/v2\/users\/1"}],"replies":[{"embeddable":true,"href":"https:\/\/turkiyemhaber.com\/index.php?rest_route=%2Fwp%2Fv2%2Fcomments&post=4994"}],"version-history":[{"count":0,"href":"https:\/\/turkiyemhaber.com\/index.php?rest_route=\/wp\/v2\/posts\/4994\/revisions"}],"wp:attachment":[{"href":"https:\/\/turkiyemhaber.com\/index.php?rest_route=%2Fwp%2Fv2%2Fmedia&parent=4994"}],"wp:term":[{"taxonomy":"category","embeddable":true,"href":"https:\/\/turkiyemhaber.com\/index.php?rest_route=%2Fwp%2Fv2%2Fcategories&post=4994"},{"taxonomy":"post_tag","embeddable":true,"href":"https:\/\/turkiyemhaber.com\/index.php?rest_route=%2Fwp%2Fv2%2Ftags&post=4994"}],"curies":[{"name":"wp","href":"https:\/\/api.w.org\/{rel}","templated":true}]}}