{"id":4988,"date":"2026-08-15T13:24:42","date_gmt":"2026-08-15T13:24:42","guid":{"rendered":"https:\/\/turkiyemhaber.com\/?p=4988"},"modified":"2026-08-15T13:24:42","modified_gmt":"2026-08-15T13:24:42","slug":"son-dakika-elazigda-deprem-mi-oldu-az-once-deprem-elazigda-nerede-oldu-elazig-deprem-kandilli-ve-afad-son-depremler-listesi-12-agustos-2026","status":"publish","type":"post","link":"https:\/\/turkiyemhaber.com\/?p=4988","title":{"rendered":"Son dakika Elaz\u0131\u011f&#8217;da deprem mi oldu? Az \u00f6nce deprem Elaz\u0131\u011f&#8217;da nerede oldu? Elaz\u0131\u011f deprem Kandilli ve AFAD son depremler listesi 12 A\u011fustos 2026"},"content":{"rendered":"<div><img decoding=\"async\" src=\"https:\/\/images.ntv.com.tr\/images\/477a4d82-9d42-44a3-8135-f2a9ec017f8a.jpg?width=930&amp;format=webp\" class=\"type:primaryImage\" alt=\"Son dakika Elaz\u0131\u011f'da deprem mi oldu? Az \u00f6nce deprem Elaz\u0131\u011f'da nerede oldu? Elaz\u0131\u011f deprem Kandilli ve AFAD son depremler listesi 12 A\u011fustos 2026\"><\/p>\n<p>Son dakika Elaz\u0131\u011f deprem haberleri.. Elaz\u0131\u011f&#8217;da deprem mi oldu? Az \u00f6nce deprem Elaz\u0131\u011f&#8217;da nerede oldu? Elaz\u0131\u011f Kandilli ve AFAD son depremler.. 12 A\u011fustos 2026 Elaz\u0131\u011f deprem son dakika haberleri haberin detay\u0131nda&#8230; Art\u00e7\u0131 deprem mi oldu Elaz\u0131\u011f&#8217;da? Elaz\u0131\u011f son deprem b\u00fcy\u00fckl\u00fc\u011f\u00fc ne kadar? Elaz\u0131\u011f&#8217;da ve Elaz\u0131\u011f yak\u0131n\u0131ndaki depremler nelerdir? Elaz\u0131\u011f&#8217;da anl\u0131k deprem mi oldu? Son dakika Elaz\u0131\u011f canl\u0131 deprem haritas\u0131.. Kandilli Rasathanesi ve Deprem Ara\u015ft\u0131rma Enstit\u00fcs\u00fc ve AFAD Elaz\u0131\u011f deprem haberleri.. Elaz\u0131\u011f&#8217;da hangi il\u00e7elerde deprem oldu ve hangi il\u00e7elerde en \u00e7ok hissedildi? Bug\u00fcn Elaz\u0131\u011f&#8217;da deprem mi oldu? Deprem Elaz\u0131\u011f&#8217;da ne zaman ve ka\u00e7 \u015fiddetinde oldu? En son Elaz\u0131\u011f&#8217;da nerede deprem oldu? Elaz\u0131\u011f deprem haberleriyle ilgili en \u00e7ok merak edilenlerin cevab\u0131 haberde&#8230;<\/p>\n<p>Tarih-saat 12 A\u011fustos 2026 20:40 itibariyle Merkez (Elaz\u0131\u011f) 3.6 \u015fiddetinde bir deprem olmu\u015ftur.<br \/>\nSon dakika Elaz\u0131\u011f deprem haberleri 12 A\u011fustos 2026.. Elaz\u0131\u011f AFAD son depremler ve Elaz\u0131\u011f Kandilli son dakika deprem listesi..<\/p><\/div>\n<p class=\"wpematico_credit\"><small>Powered by <a href=\"http:\/\/www.wpematico.com\" target=\"_blank\">WPeMatico<\/a><\/small><\/p>\n","protected":false},"excerpt":{"rendered":"<p>Son dakika Elaz\u0131\u011f deprem haberleri.. Elaz\u0131\u011f&#8217;da deprem mi oldu? Az \u00f6nce deprem Elaz\u0131\u011f&#8217;da nerede oldu?<\/p>\n","protected":false},"author":1,"featured_media":0,"comment_status":"closed","ping_status":"closed","sticky":false,"template":"","format":"standard","meta":{"_rtcl_gb_attr":"","footnotes":""},"categories":[1],"tags":[],"class_list":["post-4988","post","type-post","status-publish","format-standard","hentry","category-http-turkiyemhaber-com-wp-content-uploads-2026-03-saray-59-haber-13-mart-pdf"],"_links":{"self":[{"href":"https:\/\/turkiyemhaber.com\/index.php?rest_route=\/wp\/v2\/posts\/4988","targetHints":{"allow":["GET"]}}],"collection":[{"href":"https:\/\/turkiyemhaber.com\/index.php?rest_route=\/wp\/v2\/posts"}],"about":[{"href":"https:\/\/turkiyemhaber.com\/index.php?rest_route=\/wp\/v2\/types\/post"}],"author":[{"embeddable":true,"href":"https:\/\/turkiyemhaber.com\/index.php?rest_route=\/wp\/v2\/users\/1"}],"replies":[{"embeddable":true,"href":"https:\/\/turkiyemhaber.com\/index.php?rest_route=%2Fwp%2Fv2%2Fcomments&post=4988"}],"version-history":[{"count":0,"href":"https:\/\/turkiyemhaber.com\/index.php?rest_route=\/wp\/v2\/posts\/4988\/revisions"}],"wp:attachment":[{"href":"https:\/\/turkiyemhaber.com\/index.php?rest_route=%2Fwp%2Fv2%2Fmedia&parent=4988"}],"wp:term":[{"taxonomy":"category","embeddable":true,"href":"https:\/\/turkiyemhaber.com\/index.php?rest_route=%2Fwp%2Fv2%2Fcategories&post=4988"},{"taxonomy":"post_tag","embeddable":true,"href":"https:\/\/turkiyemhaber.com\/index.php?rest_route=%2Fwp%2Fv2%2Ftags&post=4988"}],"curies":[{"name":"wp","href":"https:\/\/api.w.org\/{rel}","templated":true}]}}