{"id":4985,"date":"2026-08-15T13:24:41","date_gmt":"2026-08-15T13:24:41","guid":{"rendered":"https:\/\/turkiyemhaber.com\/?p=4985"},"modified":"2026-08-15T13:24:41","modified_gmt":"2026-08-15T13:24:41","slug":"son-dakika-kirklarelide-deprem-mi-oldu-az-once-deprem-kirklarelide-nerede-oldu-kirklareli-deprem-kandilli-ve-afad-son-depremler-listesi-11-agustos-2026","status":"publish","type":"post","link":"https:\/\/turkiyemhaber.com\/?p=4985","title":{"rendered":"Son dakika K\u0131rklareli&#8217;de deprem mi oldu? Az \u00f6nce deprem K\u0131rklareli&#8217;de nerede oldu? K\u0131rklareli deprem Kandilli ve AFAD son depremler listesi 11 A\u011fustos 2026"},"content":{"rendered":"<div><img decoding=\"async\" src=\"https:\/\/images.ntv.com.tr\/images\/477a4d82-9d42-44a3-8135-f2a9ec017f8a.jpg?width=930&amp;format=webp\" class=\"type:primaryImage\" alt=\"Son dakika K\u0131rklareli'de deprem mi oldu? Az \u00f6nce deprem K\u0131rklareli'de nerede oldu? K\u0131rklareli deprem Kandilli ve AFAD son depremler listesi 11 A\u011fustos 2026\"><\/p>\n<p>Son dakika K\u0131rklareli deprem haberleri.. K\u0131rklareli&#8217;de deprem mi oldu? Az \u00f6nce deprem K\u0131rklareli&#8217;de nerede oldu? K\u0131rklareli Kandilli ve AFAD son depremler.. 11 A\u011fustos 2026 K\u0131rklareli deprem son dakika haberleri haberin detay\u0131nda&#8230; Art\u00e7\u0131 deprem mi oldu K\u0131rklareli&#8217;de? K\u0131rklareli son deprem b\u00fcy\u00fckl\u00fc\u011f\u00fc ne kadar? K\u0131rklareli&#8217;de ve K\u0131rklareli yak\u0131n\u0131ndaki depremler nelerdir? K\u0131rklareli&#8217;de anl\u0131k deprem mi oldu? Son dakika K\u0131rklareli canl\u0131 deprem haritas\u0131.. Kandilli Rasathanesi ve Deprem Ara\u015ft\u0131rma Enstit\u00fcs\u00fc ve AFAD K\u0131rklareli deprem haberleri.. K\u0131rklareli&#8217;de hangi il\u00e7elerde deprem oldu ve hangi il\u00e7elerde en \u00e7ok hissedildi? Bug\u00fcn K\u0131rklareli&#8217;de deprem mi oldu? Deprem K\u0131rklareli&#8217;de ne zaman ve ka\u00e7 \u015fiddetinde oldu? En son K\u0131rklareli&#8217;de nerede deprem oldu? K\u0131rklareli deprem haberleriyle ilgili en \u00e7ok merak edilenlerin cevab\u0131 haberde&#8230;<\/p>\n<p>Tarih-saat 11 A\u011fustos 2026 20:21 itibariyle Kof\u00e7az (K\u0131rklareli) 4.3 \u015fiddetinde bir deprem olmu\u015ftur.<br \/>\nSon dakika K\u0131rklareli deprem haberleri 11 A\u011fustos 2026.. K\u0131rklareli AFAD son depremler ve K\u0131rklareli Kandilli son dakika deprem listesi..<\/p><\/div>\n<p class=\"wpematico_credit\"><small>Powered by <a href=\"http:\/\/www.wpematico.com\" target=\"_blank\">WPeMatico<\/a><\/small><\/p>\n","protected":false},"excerpt":{"rendered":"<p>Son dakika K\u0131rklareli deprem haberleri.. K\u0131rklareli&#8217;de deprem mi oldu? Az \u00f6nce deprem K\u0131rklareli&#8217;de nerede oldu?<\/p>\n","protected":false},"author":1,"featured_media":0,"comment_status":"closed","ping_status":"closed","sticky":false,"template":"","format":"standard","meta":{"_rtcl_gb_attr":"","footnotes":""},"categories":[1],"tags":[],"class_list":["post-4985","post","type-post","status-publish","format-standard","hentry","category-http-turkiyemhaber-com-wp-content-uploads-2026-03-saray-59-haber-13-mart-pdf"],"_links":{"self":[{"href":"https:\/\/turkiyemhaber.com\/index.php?rest_route=\/wp\/v2\/posts\/4985","targetHints":{"allow":["GET"]}}],"collection":[{"href":"https:\/\/turkiyemhaber.com\/index.php?rest_route=\/wp\/v2\/posts"}],"about":[{"href":"https:\/\/turkiyemhaber.com\/index.php?rest_route=\/wp\/v2\/types\/post"}],"author":[{"embeddable":true,"href":"https:\/\/turkiyemhaber.com\/index.php?rest_route=\/wp\/v2\/users\/1"}],"replies":[{"embeddable":true,"href":"https:\/\/turkiyemhaber.com\/index.php?rest_route=%2Fwp%2Fv2%2Fcomments&post=4985"}],"version-history":[{"count":0,"href":"https:\/\/turkiyemhaber.com\/index.php?rest_route=\/wp\/v2\/posts\/4985\/revisions"}],"wp:attachment":[{"href":"https:\/\/turkiyemhaber.com\/index.php?rest_route=%2Fwp%2Fv2%2Fmedia&parent=4985"}],"wp:term":[{"taxonomy":"category","embeddable":true,"href":"https:\/\/turkiyemhaber.com\/index.php?rest_route=%2Fwp%2Fv2%2Fcategories&post=4985"},{"taxonomy":"post_tag","embeddable":true,"href":"https:\/\/turkiyemhaber.com\/index.php?rest_route=%2Fwp%2Fv2%2Ftags&post=4985"}],"curies":[{"name":"wp","href":"https:\/\/api.w.org\/{rel}","templated":true}]}}