{"id":4980,"date":"2026-08-15T13:24:39","date_gmt":"2026-08-15T13:24:39","guid":{"rendered":"https:\/\/turkiyemhaber.com\/?p=4980"},"modified":"2026-08-15T13:24:39","modified_gmt":"2026-08-15T13:24:39","slug":"son-dakika-kahramanmarasta-deprem-mi-oldu-az-once-deprem-kahramanmarasta-nerede-oldu-kahramanmaras-deprem-kandilli-ve-afad-son-depremler-listesi-09-agustos-2026","status":"publish","type":"post","link":"https:\/\/turkiyemhaber.com\/?p=4980","title":{"rendered":"Son dakika Kahramanmara\u015f&#8217;ta deprem mi oldu? Az \u00f6nce deprem Kahramanmara\u015f&#8217;ta nerede oldu? Kahramanmara\u015f deprem Kandilli ve AFAD son depremler listesi 09 A\u011fustos 2026"},"content":{"rendered":"<div><img decoding=\"async\" src=\"https:\/\/images.ntv.com.tr\/images\/477a4d82-9d42-44a3-8135-f2a9ec017f8a.jpg?width=930&amp;format=webp\" class=\"type:primaryImage\" alt=\"Son dakika Kahramanmara\u015f'ta deprem mi oldu? Az \u00f6nce deprem Kahramanmara\u015f'ta nerede oldu? Kahramanmara\u015f deprem Kandilli ve AFAD son depremler listesi 09 A\u011fustos 2026\"><\/p>\n<p>Son dakika Kahramanmara\u015f deprem haberleri.. Kahramanmara\u015f&#8217;ta deprem mi oldu? Az \u00f6nce deprem Kahramanmara\u015f&#8217;ta nerede oldu? Kahramanmara\u015f Kandilli ve AFAD son depremler.. 09 A\u011fustos 2026 Kahramanmara\u015f deprem son dakika haberleri haberin detay\u0131nda&#8230; Art\u00e7\u0131 deprem mi oldu Kahramanmara\u015f&#8217;ta? Kahramanmara\u015f son deprem b\u00fcy\u00fckl\u00fc\u011f\u00fc ne kadar? Kahramanmara\u015f&#8217;ta ve Kahramanmara\u015f yak\u0131n\u0131ndaki depremler nelerdir? Kahramanmara\u015f&#8217;ta anl\u0131k deprem mi oldu? Son dakika Kahramanmara\u015f canl\u0131 deprem haritas\u0131.. Kandilli Rasathanesi ve Deprem Ara\u015ft\u0131rma Enstit\u00fcs\u00fc ve AFAD Kahramanmara\u015f deprem haberleri.. Kahramanmara\u015f&#8217;ta hangi il\u00e7elerde deprem oldu ve hangi il\u00e7elerde en \u00e7ok hissedildi? Bug\u00fcn Kahramanmara\u015f&#8217;ta deprem mi oldu? Deprem Kahramanmara\u015f&#8217;ta ne zaman ve ka\u00e7 \u015fiddetinde oldu? En son Kahramanmara\u015f&#8217;ta nerede deprem oldu? Kahramanmara\u015f deprem haberleriyle ilgili en \u00e7ok merak edilenlerin cevab\u0131 haberde&#8230;<\/p>\n<p>Tarih-saat 09 A\u011fustos 2026 15:06 itibariyle G\u00f6ksun (Kahramanmara\u015f) 3.5 \u015fiddetinde bir deprem olmu\u015ftur.<br \/>\nSon dakika Kahramanmara\u015f deprem haberleri 09 A\u011fustos 2026.. Kahramanmara\u015f AFAD son depremler ve Kahramanmara\u015f Kandilli son dakika deprem listesi..<\/p><\/div>\n<p class=\"wpematico_credit\"><small>Powered by <a href=\"http:\/\/www.wpematico.com\" target=\"_blank\">WPeMatico<\/a><\/small><\/p>\n","protected":false},"excerpt":{"rendered":"<p>Son dakika Kahramanmara\u015f deprem haberleri.. Kahramanmara\u015f&#8217;ta deprem mi oldu? Az \u00f6nce deprem Kahramanmara\u015f&#8217;ta nerede oldu?<\/p>\n","protected":false},"author":1,"featured_media":0,"comment_status":"closed","ping_status":"closed","sticky":false,"template":"","format":"standard","meta":{"_rtcl_gb_attr":"","footnotes":""},"categories":[1],"tags":[],"class_list":["post-4980","post","type-post","status-publish","format-standard","hentry","category-http-turkiyemhaber-com-wp-content-uploads-2026-03-saray-59-haber-13-mart-pdf"],"_links":{"self":[{"href":"https:\/\/turkiyemhaber.com\/index.php?rest_route=\/wp\/v2\/posts\/4980","targetHints":{"allow":["GET"]}}],"collection":[{"href":"https:\/\/turkiyemhaber.com\/index.php?rest_route=\/wp\/v2\/posts"}],"about":[{"href":"https:\/\/turkiyemhaber.com\/index.php?rest_route=\/wp\/v2\/types\/post"}],"author":[{"embeddable":true,"href":"https:\/\/turkiyemhaber.com\/index.php?rest_route=\/wp\/v2\/users\/1"}],"replies":[{"embeddable":true,"href":"https:\/\/turkiyemhaber.com\/index.php?rest_route=%2Fwp%2Fv2%2Fcomments&post=4980"}],"version-history":[{"count":0,"href":"https:\/\/turkiyemhaber.com\/index.php?rest_route=\/wp\/v2\/posts\/4980\/revisions"}],"wp:attachment":[{"href":"https:\/\/turkiyemhaber.com\/index.php?rest_route=%2Fwp%2Fv2%2Fmedia&parent=4980"}],"wp:term":[{"taxonomy":"category","embeddable":true,"href":"https:\/\/turkiyemhaber.com\/index.php?rest_route=%2Fwp%2Fv2%2Fcategories&post=4980"},{"taxonomy":"post_tag","embeddable":true,"href":"https:\/\/turkiyemhaber.com\/index.php?rest_route=%2Fwp%2Fv2%2Ftags&post=4980"}],"curies":[{"name":"wp","href":"https:\/\/api.w.org\/{rel}","templated":true}]}}