{"id":4975,"date":"2026-08-15T13:24:37","date_gmt":"2026-08-15T13:24:37","guid":{"rendered":"https:\/\/turkiyemhaber.com\/?p=4975"},"modified":"2026-08-15T13:24:37","modified_gmt":"2026-08-15T13:24:37","slug":"son-dakika-muglada-deprem-mi-oldu-az-once-deprem-muglada-nerede-oldu-mugla-deprem-kandilli-ve-afad-son-depremler-listesi-07-agustos-2026","status":"publish","type":"post","link":"https:\/\/turkiyemhaber.com\/?p=4975","title":{"rendered":"Son dakika Mu\u011fla&#8217;da deprem mi oldu? Az \u00f6nce deprem Mu\u011fla&#8217;da nerede oldu? Mu\u011fla deprem Kandilli ve AFAD son depremler listesi 07 A\u011fustos 2026"},"content":{"rendered":"<div><img decoding=\"async\" src=\"https:\/\/images.ntv.com.tr\/images\/477a4d82-9d42-44a3-8135-f2a9ec017f8a.jpg?width=930&amp;format=webp\" class=\"type:primaryImage\" alt=\"Son dakika Mu\u011fla'da deprem mi oldu? Az \u00f6nce deprem Mu\u011fla'da nerede oldu? Mu\u011fla deprem Kandilli ve AFAD son depremler listesi 07 A\u011fustos 2026\"><\/p>\n<p>Son dakika Mu\u011fla deprem haberleri.. Mu\u011fla&#8217;da deprem mi oldu? Az \u00f6nce deprem Mu\u011fla&#8217;da nerede oldu? Mu\u011fla Kandilli ve AFAD son depremler.. 07 A\u011fustos 2026 Mu\u011fla deprem son dakika haberleri haberin detay\u0131nda&#8230; Art\u00e7\u0131 deprem mi oldu Mu\u011fla&#8217;da? Mu\u011fla son deprem b\u00fcy\u00fckl\u00fc\u011f\u00fc ne kadar? Mu\u011fla&#8217;da ve Mu\u011fla yak\u0131n\u0131ndaki depremler nelerdir? Mu\u011fla&#8217;da anl\u0131k deprem mi oldu? Son dakika Mu\u011fla canl\u0131 deprem haritas\u0131.. Kandilli Rasathanesi ve Deprem Ara\u015ft\u0131rma Enstit\u00fcs\u00fc ve AFAD Mu\u011fla deprem haberleri.. Mu\u011fla&#8217;da hangi il\u00e7elerde deprem oldu ve hangi il\u00e7elerde en \u00e7ok hissedildi? Bug\u00fcn Mu\u011fla&#8217;da deprem mi oldu? Deprem Mu\u011fla&#8217;da ne zaman ve ka\u00e7 \u015fiddetinde oldu? En son Mu\u011fla&#8217;da nerede deprem oldu? Mu\u011fla deprem haberleriyle ilgili en \u00e7ok merak edilenlerin cevab\u0131 haberde&#8230;<\/p>\n<p>Tarih-saat 07 A\u011fustos 2026 10:10 itibariyle Marmaris (Mu\u011fla) 4.1 \u015fiddetinde bir deprem olmu\u015ftur.<br \/>\nSon dakika Mu\u011fla deprem haberleri 07 A\u011fustos 2026.. Mu\u011fla AFAD son depremler ve Mu\u011fla Kandilli son dakika deprem listesi..<\/p><\/div>\n<p class=\"wpematico_credit\"><small>Powered by <a href=\"http:\/\/www.wpematico.com\" target=\"_blank\">WPeMatico<\/a><\/small><\/p>\n","protected":false},"excerpt":{"rendered":"<p>Son dakika Mu\u011fla deprem haberleri.. Mu\u011fla&#8217;da deprem mi oldu? Az \u00f6nce deprem Mu\u011fla&#8217;da nerede oldu?<\/p>\n","protected":false},"author":1,"featured_media":0,"comment_status":"closed","ping_status":"closed","sticky":false,"template":"","format":"standard","meta":{"_rtcl_gb_attr":"","footnotes":""},"categories":[1],"tags":[],"class_list":["post-4975","post","type-post","status-publish","format-standard","hentry","category-http-turkiyemhaber-com-wp-content-uploads-2026-03-saray-59-haber-13-mart-pdf"],"_links":{"self":[{"href":"https:\/\/turkiyemhaber.com\/index.php?rest_route=\/wp\/v2\/posts\/4975","targetHints":{"allow":["GET"]}}],"collection":[{"href":"https:\/\/turkiyemhaber.com\/index.php?rest_route=\/wp\/v2\/posts"}],"about":[{"href":"https:\/\/turkiyemhaber.com\/index.php?rest_route=\/wp\/v2\/types\/post"}],"author":[{"embeddable":true,"href":"https:\/\/turkiyemhaber.com\/index.php?rest_route=\/wp\/v2\/users\/1"}],"replies":[{"embeddable":true,"href":"https:\/\/turkiyemhaber.com\/index.php?rest_route=%2Fwp%2Fv2%2Fcomments&post=4975"}],"version-history":[{"count":0,"href":"https:\/\/turkiyemhaber.com\/index.php?rest_route=\/wp\/v2\/posts\/4975\/revisions"}],"wp:attachment":[{"href":"https:\/\/turkiyemhaber.com\/index.php?rest_route=%2Fwp%2Fv2%2Fmedia&parent=4975"}],"wp:term":[{"taxonomy":"category","embeddable":true,"href":"https:\/\/turkiyemhaber.com\/index.php?rest_route=%2Fwp%2Fv2%2Fcategories&post=4975"},{"taxonomy":"post_tag","embeddable":true,"href":"https:\/\/turkiyemhaber.com\/index.php?rest_route=%2Fwp%2Fv2%2Ftags&post=4975"}],"curies":[{"name":"wp","href":"https:\/\/api.w.org\/{rel}","templated":true}]}}