{"id":4963,"date":"2026-08-13T13:21:13","date_gmt":"2026-08-13T13:21:13","guid":{"rendered":"https:\/\/turkiyemhaber.com\/?p=4963"},"modified":"2026-08-13T13:23:53","modified_gmt":"2026-08-13T13:23:53","slug":"derya-ulug-malatya-kultur-yolu-festivalinde-sahne-aldi","status":"publish","type":"post","link":"https:\/\/turkiyemhaber.com\/?p=4963","title":{"rendered":"Derya Ulu\u011f Malatya K\u00fclt\u00fcr Yolu Festivali&#8217;nde Sahne Ald\u0131"},"content":{"rendered":"\n<p class=\"wp-block-paragraph\">\u015eark\u0131c\u0131 Derya Ulu\u011f, K\u00fclt\u00fcr ve Turizm Bakanl\u0131\u011f\u0131 taraf\u0131ndan d\u00fczenlenen Malatya K\u00fclt\u00fcr Yolu Festivali kapsam\u0131nda konser verdi.<\/p>\n\n\n\n<p class=\"wp-block-paragraph\">Ye\u015filyurt il\u00e7esindeki 100. Y\u0131l Kent Park\u0131&#8217;nda ger\u00e7ekle\u015ftirilen konserde sahne alan Ulu\u011f, sevilen \u015fark\u0131lar\u0131n\u0131 m\u00fczikseverler i\u00e7in seslendirdi. Konser alan\u0131n\u0131 dolduran dinleyiciler, sanat\u00e7\u0131ya \u015fark\u0131lar\u0131 boyunca alk\u0131\u015flar\u0131 ve ritimleriyle e\u015flik etti.<\/p>\n\n\n\n<h2 class=\"wp-block-heading\">SAHNEDE DUYGUSAL MESAJ<\/h2>\n\n\n\n<p class=\"wp-block-paragraph\">Derya Ulu\u011f, konser s\u0131ras\u0131nda yapt\u0131\u011f\u0131 konu\u015fmada, masum insanlar\u0131n ya\u015fad\u0131\u011f\u0131 ac\u0131lar\u0131 sahnelerde dile getirmeye \u00e7al\u0131\u015ft\u0131\u011f\u0131n\u0131 s\u00f6yledi.<\/p>\n\n\n\n<p class=\"wp-block-paragraph\">Ulu\u011f, \u00f6zellikle Filistin ve Gazze&#8217;de ya\u015fananlara dikkat \u00e7ekerek, \u00e7ocuklar\u0131n, bebeklerin ve kad\u0131nlar\u0131n ya\u015fad\u0131\u011f\u0131 ac\u0131lar\u0131n sona ermesi temennisinde bulundu.<\/p>\n\n\n\n<p class=\"wp-block-paragraph\">Sanat\u00e7\u0131, masum insanlar\u0131n hayat\u0131n\u0131 kaybetmemesi gerekti\u011fini belirterek, ya\u015fanan ac\u0131lar\u0131n unutulmamas\u0131 ve bar\u0131\u015f \u00e7a\u011fr\u0131s\u0131n\u0131n duyulmas\u0131 i\u00e7in sahnelerde sesini y\u00fckseltmeye devam edece\u011fini ifade etti.<\/p>\n\n\n\n<p class=\"wp-block-paragraph\">Konser, Derya Ulu\u011f&#8217;un seslendirdi\u011fi \u015fark\u0131lar ve izleyicilerin yo\u011fun kat\u0131l\u0131m\u0131yla devam etti.<\/p>\n","protected":false},"excerpt":{"rendered":"<p>\u015eark\u0131c\u0131 Derya Ulu\u011f, K\u00fclt\u00fcr ve Turizm Bakanl\u0131\u011f\u0131 taraf\u0131ndan d\u00fczenlenen Malatya K\u00fclt\u00fcr Yolu Festivali kapsam\u0131nda konser<\/p>\n","protected":false},"author":1,"featured_media":4967,"comment_status":"open","ping_status":"open","sticky":false,"template":"","format":"standard","meta":{"_rtcl_gb_attr":"","footnotes":""},"categories":[41,74],"tags":[],"class_list":["post-4963","post","type-post","status-publish","format-standard","has-post-thumbnail","hentry","category-magazin","category-yerel-haberler"],"_links":{"self":[{"href":"https:\/\/turkiyemhaber.com\/index.php?rest_route=\/wp\/v2\/posts\/4963","targetHints":{"allow":["GET"]}}],"collection":[{"href":"https:\/\/turkiyemhaber.com\/index.php?rest_route=\/wp\/v2\/posts"}],"about":[{"href":"https:\/\/turkiyemhaber.com\/index.php?rest_route=\/wp\/v2\/types\/post"}],"author":[{"embeddable":true,"href":"https:\/\/turkiyemhaber.com\/index.php?rest_route=\/wp\/v2\/users\/1"}],"replies":[{"embeddable":true,"href":"https:\/\/turkiyemhaber.com\/index.php?rest_route=%2Fwp%2Fv2%2Fcomments&post=4963"}],"version-history":[{"count":1,"href":"https:\/\/turkiyemhaber.com\/index.php?rest_route=\/wp\/v2\/posts\/4963\/revisions"}],"predecessor-version":[{"id":4965,"href":"https:\/\/turkiyemhaber.com\/index.php?rest_route=\/wp\/v2\/posts\/4963\/revisions\/4965"}],"wp:featuredmedia":[{"embeddable":true,"href":"https:\/\/turkiyemhaber.com\/index.php?rest_route=\/wp\/v2\/media\/4967"}],"wp:attachment":[{"href":"https:\/\/turkiyemhaber.com\/index.php?rest_route=%2Fwp%2Fv2%2Fmedia&parent=4963"}],"wp:term":[{"taxonomy":"category","embeddable":true,"href":"https:\/\/turkiyemhaber.com\/index.php?rest_route=%2Fwp%2Fv2%2Fcategories&post=4963"},{"taxonomy":"post_tag","embeddable":true,"href":"https:\/\/turkiyemhaber.com\/index.php?rest_route=%2Fwp%2Fv2%2Ftags&post=4963"}],"curies":[{"name":"wp","href":"https:\/\/api.w.org\/{rel}","templated":true}]}}