{"id":4960,"date":"2026-08-13T13:18:36","date_gmt":"2026-08-13T13:18:36","guid":{"rendered":"https:\/\/turkiyemhaber.com\/?p=4960"},"modified":"2026-08-13T13:18:42","modified_gmt":"2026-08-13T13:18:42","slug":"malatyada-yoresel-yemek-yarismasi-duzenlendi","status":"publish","type":"post","link":"https:\/\/turkiyemhaber.com\/?p=4960","title":{"rendered":"Malatya&#8217;da Y\u00f6resel Yemek Yar\u0131\u015fmas\u0131 D\u00fczenlendi"},"content":{"rendered":"\n<p class=\"wp-block-paragraph\">Malatya K\u00fclt\u00fcr Yolu Festivali kapsam\u0131nda d\u00fczenlenen 2. Gastronomi ve K\u00fclt\u00fcr Soka\u011f\u0131 etkinliklerinde, <strong>Ev Han\u0131mlar\u0131 Y\u00f6resel Yemek Yar\u0131\u015fmas\u0131<\/strong> ger\u00e7ekle\u015ftirildi.<\/p>\n\n\n\n<ol start=\"100\" class=\"wp-block-list\">\n<li>Y\u0131l Kent Park\u0131&#8217;nda d\u00fczenlenen yar\u0131\u015fmada, Malatya mutfa\u011f\u0131n\u0131n geleneksel lezzetlerinden <strong>tiritli k\u00f6fte (anal\u0131 k\u0131zl\u0131)<\/strong> yar\u0131\u015ft\u0131.<\/li>\n<\/ol>\n\n\n\n<p class=\"wp-block-paragraph\">Yar\u0131\u015fmaya kat\u0131lan ev han\u0131mlar\u0131, kendi evlerinde haz\u0131rlad\u0131klar\u0131 yemekleri festival alan\u0131na getirerek j\u00fcri \u00fcyelerinin de\u011ferlendirmesine sundu.<\/p>\n\n\n\n<h2 class=\"wp-block-heading\">J\u00dcR\u0130 4 KR\u0130TER \u00dcZER\u0130NDEN DE\u011eERLEND\u0130RD\u0130<\/h2>\n\n\n\n<p class=\"wp-block-paragraph\">Yemekler; <strong>lezzet, g\u00f6rsel sunum, y\u00f6reselli\u011fe uygunluk ve hijyen<\/strong> kriterleri \u00fczerinden de\u011ferlendirildi.<\/p>\n\n\n\n<p class=\"wp-block-paragraph\">Puanlama sistemi \u015f\u00f6yle oldu:<\/p>\n\n\n\n<ul class=\"wp-block-list\">\n<li>Lezzet: 40 puan<\/li>\n\n\n\n<li>G\u00f6rsel sunum: 25 puan<\/li>\n\n\n\n<li>Y\u00f6reselli\u011fe uygunluk: 20 puan<\/li>\n\n\n\n<li>Hijyen: 15 puan<\/li>\n<\/ul>\n\n\n\n<p class=\"wp-block-paragraph\">De\u011ferlendirme sonucunda <strong>Sibel Altun<\/strong>, 90,60 puanla yar\u0131\u015fman\u0131n birincisi oldu.<\/p>\n\n\n\n<p class=\"wp-block-paragraph\">Dereceye giren yar\u0131\u015fmac\u0131lar ise \u015f\u00f6yle s\u0131raland\u0131:<\/p>\n\n\n\n<ol class=\"wp-block-list\">\n<li><strong>Sibel Altun<\/strong> \u2013 90,60 puan<\/li>\n\n\n\n<li><strong>G\u00fclsen Karabulut<\/strong> \u2013 90 puan<\/li>\n\n\n\n<li><strong>Semra G\u00fcrb\u00fcz<\/strong> \u2013 89,40 puan<\/li>\n\n\n\n<li><strong>G\u00fcl Bakan<\/strong> \u2013 84,60 puan<\/li>\n<\/ol>\n\n\n\n<h2 class=\"wp-block-heading\">DERECEYE G\u0130RENLER \u00d6D\u00dcLLER\u0130N\u0130 ALACAK<\/h2>\n\n\n\n<p class=\"wp-block-paragraph\">Yar\u0131\u015fmada birinci olan Sibel Altun <strong>Cumhuriyet alt\u0131n\u0131<\/strong>, ikinci G\u00fclsen Karabulut <strong>yar\u0131m alt\u0131n<\/strong>, \u00fc\u00e7\u00fcnc\u00fc Semra G\u00fcrb\u00fcz ise <strong>\u00e7eyrek alt\u0131n<\/strong> kazanmaya hak kazand\u0131.<\/p>\n\n\n\n<p class=\"wp-block-paragraph\">D\u00f6rd\u00fcnc\u00fc olan G\u00fcl Bakan&#8217;a ise <strong>b\u0131\u00e7ak seti<\/strong> verilecek.<\/p>\n\n\n\n<p class=\"wp-block-paragraph\">Dereceye giren yar\u0131\u015fmac\u0131lar\u0131n \u00f6d\u00fclleri, Malatya K\u00fclt\u00fcr Yolu Festivali&#8217;nin son g\u00fcn\u00fc olan <strong>16 A\u011fustos&#8217;ta<\/strong> d\u00fczenlenecek t\u00f6rende takdim edilecek.<\/p>\n\n\n\n<p class=\"wp-block-paragraph\">Yar\u0131\u015fmaya kat\u0131lan t\u00fcm ev han\u0131mlar\u0131na da kat\u0131l\u0131m belgesi verilecek.<\/p>\n","protected":false},"excerpt":{"rendered":"<p>Malatya K\u00fclt\u00fcr Yolu Festivali kapsam\u0131nda d\u00fczenlenen 2. Gastronomi ve K\u00fclt\u00fcr Soka\u011f\u0131 etkinliklerinde, Ev Han\u0131mlar\u0131 Y\u00f6resel<\/p>\n","protected":false},"author":1,"featured_media":4961,"comment_status":"open","ping_status":"open","sticky":false,"template":"","format":"standard","meta":{"_rtcl_gb_attr":"","footnotes":""},"categories":[74],"tags":[],"class_list":["post-4960","post","type-post","status-publish","format-standard","has-post-thumbnail","hentry","category-yerel-haberler"],"_links":{"self":[{"href":"https:\/\/turkiyemhaber.com\/index.php?rest_route=\/wp\/v2\/posts\/4960","targetHints":{"allow":["GET"]}}],"collection":[{"href":"https:\/\/turkiyemhaber.com\/index.php?rest_route=\/wp\/v2\/posts"}],"about":[{"href":"https:\/\/turkiyemhaber.com\/index.php?rest_route=\/wp\/v2\/types\/post"}],"author":[{"embeddable":true,"href":"https:\/\/turkiyemhaber.com\/index.php?rest_route=\/wp\/v2\/users\/1"}],"replies":[{"embeddable":true,"href":"https:\/\/turkiyemhaber.com\/index.php?rest_route=%2Fwp%2Fv2%2Fcomments&post=4960"}],"version-history":[{"count":1,"href":"https:\/\/turkiyemhaber.com\/index.php?rest_route=\/wp\/v2\/posts\/4960\/revisions"}],"predecessor-version":[{"id":4962,"href":"https:\/\/turkiyemhaber.com\/index.php?rest_route=\/wp\/v2\/posts\/4960\/revisions\/4962"}],"wp:featuredmedia":[{"embeddable":true,"href":"https:\/\/turkiyemhaber.com\/index.php?rest_route=\/wp\/v2\/media\/4961"}],"wp:attachment":[{"href":"https:\/\/turkiyemhaber.com\/index.php?rest_route=%2Fwp%2Fv2%2Fmedia&parent=4960"}],"wp:term":[{"taxonomy":"category","embeddable":true,"href":"https:\/\/turkiyemhaber.com\/index.php?rest_route=%2Fwp%2Fv2%2Fcategories&post=4960"},{"taxonomy":"post_tag","embeddable":true,"href":"https:\/\/turkiyemhaber.com\/index.php?rest_route=%2Fwp%2Fv2%2Ftags&post=4960"}],"curies":[{"name":"wp","href":"https:\/\/api.w.org\/{rel}","templated":true}]}}