{"id":4956,"date":"2026-08-13T13:12:33","date_gmt":"2026-08-13T13:12:33","guid":{"rendered":"https:\/\/turkiyemhaber.com\/?p=4956"},"modified":"2026-08-13T13:12:38","modified_gmt":"2026-08-13T13:12:38","slug":"poyraz-tekirdagda-deniz-ulasimini-olumsuz-etkiledi","status":"publish","type":"post","link":"https:\/\/turkiyemhaber.com\/?p=4956","title":{"rendered":"Poyraz Tekirda\u011f&#8217;da Deniz Ula\u015f\u0131m\u0131n\u0131 Olumsuz Etkiledi"},"content":{"rendered":"\n<p class=\"wp-block-paragraph\">Marmara Denizi&#8217;nde etkili olan poyraz, Tekirda\u011f k\u0131y\u0131lar\u0131nda deniz ula\u015f\u0131m\u0131n\u0131 olumsuz etkiledi. \u015eiddetini art\u0131ran r\u00fczgar nedeniyle baz\u0131 gemiler g\u00fcvenli seyir i\u00e7in Tekirda\u011f a\u00e7\u0131klar\u0131nda beklemeye ge\u00e7ti.<\/p>\n\n\n\n<h2 class=\"wp-block-heading\">8 GEM\u0130 TEK\u0130RDA\u011e A\u00c7IKLARINDA DEM\u0130RLED\u0130<\/h2>\n\n\n\n<figure class=\"wp-block-image size-large\"><img loading=\"lazy\" decoding=\"async\" width=\"1024\" height=\"576\" src=\"https:\/\/turkiyemhaber.com\/wp-content\/uploads\/2026\/08\/marmara-da-deniz-ulasimina-poyraz-engeli-5-20141296_amp-1024x576.jpg\" alt=\"\" class=\"wp-image-4958\" srcset=\"https:\/\/turkiyemhaber.com\/wp-content\/uploads\/2026\/08\/marmara-da-deniz-ulasimina-poyraz-engeli-5-20141296_amp-1024x576.jpg 1024w, https:\/\/turkiyemhaber.com\/wp-content\/uploads\/2026\/08\/marmara-da-deniz-ulasimina-poyraz-engeli-5-20141296_amp-300x169.jpg 300w, https:\/\/turkiyemhaber.com\/wp-content\/uploads\/2026\/08\/marmara-da-deniz-ulasimina-poyraz-engeli-5-20141296_amp-768x432.jpg 768w, https:\/\/turkiyemhaber.com\/wp-content\/uploads\/2026\/08\/marmara-da-deniz-ulasimina-poyraz-engeli-5-20141296_amp-18x10.jpg 18w, https:\/\/turkiyemhaber.com\/wp-content\/uploads\/2026\/08\/marmara-da-deniz-ulasimina-poyraz-engeli-5-20141296_amp.jpg 1200w\" sizes=\"auto, (max-width: 1024px) 100vw, 1024px\" \/><\/figure>\n\n\n\n<p class=\"wp-block-paragraph\">R\u00fczgar\u0131n zaman zaman saatte 40 kilometreye ula\u015fmas\u0131yla birlikte, yerli ve yabanc\u0131 band\u0131ral\u0131 8 \u015filep ve tanker Tekirda\u011f a\u00e7\u0131klar\u0131nda demirledi.<\/p>\n\n\n\n<p class=\"wp-block-paragraph\">Gemilerin, hava ve deniz \u015fartlar\u0131n\u0131n normale d\u00f6nmesini bekledi\u011fi belirtildi.<\/p>\n\n\n\n<h2 class=\"wp-block-heading\">DALGALAR KIYILARI ETK\u0130LED\u0130<\/h2>\n\n\n\n<p class=\"wp-block-paragraph\">Poyraz\u0131n etkisiyle Marmara Denizi&#8217;nde olu\u015fan dalgalar, Tekirda\u011f&#8217;\u0131n k\u0131y\u0131 kesimlerinde de etkisini g\u00f6sterdi.<\/p>\n\n\n\n<p class=\"wp-block-paragraph\">Kentte hava s\u0131cakl\u0131\u011f\u0131 yakla\u015f\u0131k 30 derece \u00f6l\u00e7\u00fcl\u00fcrken, poyraz\u0131n etkisini cumartesi g\u00fcn\u00fcne kadar s\u00fcrd\u00fcrmesi bekleniyor.<\/p>\n\n\n\n<p class=\"wp-block-paragraph\">Yetkililer, denize a\u00e7\u0131lacak vatanda\u015flar\u0131n hava ve deniz \u015fartlar\u0131n\u0131 dikkate almalar\u0131 konusunda uyar\u0131da bulundu.<\/p>\n","protected":false},"excerpt":{"rendered":"<p>Marmara Denizi&#8217;nde etkili olan poyraz, Tekirda\u011f k\u0131y\u0131lar\u0131nda deniz ula\u015f\u0131m\u0131n\u0131 olumsuz etkiledi. \u015eiddetini art\u0131ran r\u00fczgar nedeniyle<\/p>\n","protected":false},"author":1,"featured_media":4957,"comment_status":"open","ping_status":"open","sticky":false,"template":"","format":"standard","meta":{"_rtcl_gb_attr":"","footnotes":""},"categories":[74],"tags":[],"class_list":["post-4956","post","type-post","status-publish","format-standard","has-post-thumbnail","hentry","category-yerel-haberler"],"_links":{"self":[{"href":"https:\/\/turkiyemhaber.com\/index.php?rest_route=\/wp\/v2\/posts\/4956","targetHints":{"allow":["GET"]}}],"collection":[{"href":"https:\/\/turkiyemhaber.com\/index.php?rest_route=\/wp\/v2\/posts"}],"about":[{"href":"https:\/\/turkiyemhaber.com\/index.php?rest_route=\/wp\/v2\/types\/post"}],"author":[{"embeddable":true,"href":"https:\/\/turkiyemhaber.com\/index.php?rest_route=\/wp\/v2\/users\/1"}],"replies":[{"embeddable":true,"href":"https:\/\/turkiyemhaber.com\/index.php?rest_route=%2Fwp%2Fv2%2Fcomments&post=4956"}],"version-history":[{"count":1,"href":"https:\/\/turkiyemhaber.com\/index.php?rest_route=\/wp\/v2\/posts\/4956\/revisions"}],"predecessor-version":[{"id":4959,"href":"https:\/\/turkiyemhaber.com\/index.php?rest_route=\/wp\/v2\/posts\/4956\/revisions\/4959"}],"wp:featuredmedia":[{"embeddable":true,"href":"https:\/\/turkiyemhaber.com\/index.php?rest_route=\/wp\/v2\/media\/4957"}],"wp:attachment":[{"href":"https:\/\/turkiyemhaber.com\/index.php?rest_route=%2Fwp%2Fv2%2Fmedia&parent=4956"}],"wp:term":[{"taxonomy":"category","embeddable":true,"href":"https:\/\/turkiyemhaber.com\/index.php?rest_route=%2Fwp%2Fv2%2Fcategories&post=4956"},{"taxonomy":"post_tag","embeddable":true,"href":"https:\/\/turkiyemhaber.com\/index.php?rest_route=%2Fwp%2Fv2%2Ftags&post=4956"}],"curies":[{"name":"wp","href":"https:\/\/api.w.org\/{rel}","templated":true}]}}