{"id":4950,"date":"2026-08-13T13:09:18","date_gmt":"2026-08-13T13:09:18","guid":{"rendered":"https:\/\/turkiyemhaber.com\/?p=4950"},"modified":"2026-08-14T16:43:31","modified_gmt":"2026-08-14T16:43:31","slug":"fethiyede-can-pazari-tur-teknesi-yandi-115-kisi-denize-atladi","status":"publish","type":"post","link":"https:\/\/turkiyemhaber.com\/?p=4950","title":{"rendered":"Fethiye&#8217;de Can Pazar\u0131! Tur Teknesi Yand\u0131, 115 Ki\u015fi Denize Atlad\u0131"},"content":{"rendered":"\n<p class=\"wp-block-paragraph\">Mu\u011fla&#8217;n\u0131n Fethiye il\u00e7esi a\u00e7\u0131klar\u0131nda 115 ki\u015finin bulundu\u011fu gezi teknesinde yang\u0131n \u00e7\u0131kt\u0131. Alevlerin k\u0131sa s\u00fcrede b\u00fcy\u00fcmesi \u00fczerine teknedeki yolcular can yeleklerini giyerek denize atlad\u0131. B\u00f6lgeye sevk edilen Sahil G\u00fcvenlik ekipleri ve \u00e7evredeki tekneler, yolcular\u0131n tahliyesi i\u00e7in seferber oldu.<\/p>\n\n\n\n<h2 class=\"wp-block-heading\">DEN\u0130Z\u0130N ORTASINDA CAN PAZARI<\/h2>\n\n\n\n<figure class=\"wp-block-image size-full\"><img loading=\"lazy\" decoding=\"async\" width=\"640\" height=\"360\" src=\"https:\/\/turkiyemhaber.com\/wp-content\/uploads\/2026\/08\/fethiye-de-gezi-teknesi-alev-aldi-115-kisi-de-20141512_o.jpg\" alt=\"\" class=\"wp-image-4952\" srcset=\"https:\/\/turkiyemhaber.com\/wp-content\/uploads\/2026\/08\/fethiye-de-gezi-teknesi-alev-aldi-115-kisi-de-20141512_o.jpg 640w, https:\/\/turkiyemhaber.com\/wp-content\/uploads\/2026\/08\/fethiye-de-gezi-teknesi-alev-aldi-115-kisi-de-20141512_o-300x169.jpg 300w, https:\/\/turkiyemhaber.com\/wp-content\/uploads\/2026\/08\/fethiye-de-gezi-teknesi-alev-aldi-115-kisi-de-20141512_o-18x10.jpg 18w\" sizes=\"auto, (max-width: 640px) 100vw, 640px\" \/><\/figure>\n\n\n\n<p class=\"wp-block-paragraph\">Olay, Fethiye a\u00e7\u0131klar\u0131nda meydana geldi. Gezi amac\u0131yla denizde bulunan teknede hen\u00fcz belirlenemeyen nedenle yang\u0131n \u00e7\u0131kt\u0131.<\/p>\n\n\n\n<p class=\"wp-block-paragraph\">Alevlerin k\u0131sa s\u00fcrede b\u00fcy\u00fcmesi \u00fczerine teknede bulunan 115 ki\u015fi panik ya\u015fad\u0131. Aralar\u0131nda \u00e7ocuklar\u0131n da bulundu\u011fu yolcular can yeleklerini giyerek denize atlad\u0131.<\/p>\n\n\n\n<figure class=\"wp-block-image size-full\"><img loading=\"lazy\" decoding=\"async\" width=\"640\" height=\"359\" src=\"https:\/\/turkiyemhaber.com\/wp-content\/uploads\/2026\/08\/tatil-cennetince-can-pazari-tu-20141512-2102_1_m.webp\" alt=\"\" class=\"wp-image-4954\" srcset=\"https:\/\/turkiyemhaber.com\/wp-content\/uploads\/2026\/08\/tatil-cennetince-can-pazari-tu-20141512-2102_1_m.webp 640w, https:\/\/turkiyemhaber.com\/wp-content\/uploads\/2026\/08\/tatil-cennetince-can-pazari-tu-20141512-2102_1_m-300x168.webp 300w, https:\/\/turkiyemhaber.com\/wp-content\/uploads\/2026\/08\/tatil-cennetince-can-pazari-tu-20141512-2102_1_m-18x10.webp 18w\" sizes=\"auto, (max-width: 640px) 100vw, 640px\" \/><\/figure>\n\n\n\n<p class=\"wp-block-paragraph\">\u0130hbar \u00fczerine b\u00f6lgeye Sahil G\u00fcvenlik ve sa\u011fl\u0131k ekipleri sevk edildi. Denizde bulunan yolcular\u0131n g\u00fcvenli \u015fekilde tahliye edilmesi i\u00e7in \u00e7al\u0131\u015fma ba\u015flat\u0131l\u0131rken, \u00e7evredeki tekneler de kurtarma \u00e7al\u0131\u015fmalar\u0131na destek verdi.<\/p>\n\n\n\n<h2 class=\"wp-block-heading\">ALEVLER TEKNEY\u0130 SARDI<\/h2>\n\n\n\n<figure class=\"wp-block-image size-full\"><img loading=\"lazy\" decoding=\"async\" width=\"640\" height=\"628\" src=\"https:\/\/turkiyemhaber.com\/wp-content\/uploads\/2026\/08\/tatil-cennetince-can-pazari-tu-20141512-6158_1_m.webp\" alt=\"\" class=\"wp-image-4953\" srcset=\"https:\/\/turkiyemhaber.com\/wp-content\/uploads\/2026\/08\/tatil-cennetince-can-pazari-tu-20141512-6158_1_m.webp 640w, https:\/\/turkiyemhaber.com\/wp-content\/uploads\/2026\/08\/tatil-cennetince-can-pazari-tu-20141512-6158_1_m-300x294.webp 300w, https:\/\/turkiyemhaber.com\/wp-content\/uploads\/2026\/08\/tatil-cennetince-can-pazari-tu-20141512-6158_1_m-12x12.webp 12w\" sizes=\"auto, (max-width: 640px) 100vw, 640px\" \/><\/figure>\n\n\n\n<p class=\"wp-block-paragraph\">Yang\u0131n\u0131n b\u00fcy\u00fcmesiyle alevler gezi teknesinin tamam\u0131n\u0131 etkisi alt\u0131na ald\u0131. Yang\u0131nda teknenin b\u00fcy\u00fck b\u00f6l\u00fcm\u00fcnde hasar meydana gelirken, teknenin daha sonra batmaya ba\u015flad\u0131\u011f\u0131 \u00f6\u011frenildi.<\/p>\n\n\n\n<p class=\"wp-block-paragraph\">Denize atlayan yolcular, ekiplerin \u00e7al\u0131\u015fmas\u0131 ve \u00e7evredeki teknelerin deste\u011fiyle g\u00fcvenli \u015fekilde tahliye edildi. Karaya \u00e7\u0131kar\u0131lan vatanda\u015flar sa\u011fl\u0131k ekipleri taraf\u0131ndan kontrol edildi.<\/p>\n\n\n\n<h2 class=\"wp-block-heading\">CAN KAYBI YA\u015eANMADI<\/h2>\n\n\n\n<p class=\"wp-block-paragraph\">\u0130lk belirlemelere g\u00f6re yang\u0131nda can kayb\u0131 meydana gelmedi. Yang\u0131ndan etkilenen veya denizde kald\u0131klar\u0131 s\u00fcre nedeniyle sa\u011fl\u0131k kontrol\u00fcne ihtiya\u00e7 duyan yolcular ekipler taraf\u0131ndan de\u011ferlendirildi.<\/p>\n\n\n\n<h2 class=\"wp-block-heading\">KAYMAKAM OLAY YER\u0130NDE \u0130NCELEME YAPTI<\/h2>\n\n\n\n<p class=\"wp-block-paragraph\">Fethiye Kaymakam\u0131 Fatih Akkaya da olay\u0131n ard\u0131ndan b\u00f6lgeye giderek incelemelerde bulundu.<\/p>\n\n\n\n<p class=\"wp-block-paragraph\">Kaymakam Akkaya, olayda herhangi bir can kayb\u0131n\u0131n ya\u015fanmad\u0131\u011f\u0131n\u0131 ve yolcular\u0131n Sahil G\u00fcvenlik botu ile \u00e7evredeki di\u011fer tekneler kullan\u0131larak g\u00fcvenli \u015fekilde tahliye edildi\u011fini belirtti.<\/p>\n\n\n\n<p class=\"wp-block-paragraph\">Yang\u0131n\u0131n \u00e7\u0131k\u0131\u015f nedeni hen\u00fcz belirlenemezken, olayla ilgili inceleme ba\u015flat\u0131ld\u0131.<\/p>\n","protected":false},"excerpt":{"rendered":"<p>Mu\u011fla&#8217;n\u0131n Fethiye il\u00e7esi a\u00e7\u0131klar\u0131nda 115 ki\u015finin bulundu\u011fu gezi teknesinde yang\u0131n \u00e7\u0131kt\u0131. Alevlerin k\u0131sa s\u00fcrede b\u00fcy\u00fcmesi<\/p>\n","protected":false},"author":1,"featured_media":4951,"comment_status":"open","ping_status":"open","sticky":false,"template":"","format":"standard","meta":{"_rtcl_gb_attr":"","footnotes":""},"categories":[43],"tags":[],"class_list":["post-4950","post","type-post","status-publish","format-standard","has-post-thumbnail","hentry","category-son-dakika"],"_links":{"self":[{"href":"https:\/\/turkiyemhaber.com\/index.php?rest_route=\/wp\/v2\/posts\/4950","targetHints":{"allow":["GET"]}}],"collection":[{"href":"https:\/\/turkiyemhaber.com\/index.php?rest_route=\/wp\/v2\/posts"}],"about":[{"href":"https:\/\/turkiyemhaber.com\/index.php?rest_route=\/wp\/v2\/types\/post"}],"author":[{"embeddable":true,"href":"https:\/\/turkiyemhaber.com\/index.php?rest_route=\/wp\/v2\/users\/1"}],"replies":[{"embeddable":true,"href":"https:\/\/turkiyemhaber.com\/index.php?rest_route=%2Fwp%2Fv2%2Fcomments&post=4950"}],"version-history":[{"count":1,"href":"https:\/\/turkiyemhaber.com\/index.php?rest_route=\/wp\/v2\/posts\/4950\/revisions"}],"predecessor-version":[{"id":4955,"href":"https:\/\/turkiyemhaber.com\/index.php?rest_route=\/wp\/v2\/posts\/4950\/revisions\/4955"}],"wp:featuredmedia":[{"embeddable":true,"href":"https:\/\/turkiyemhaber.com\/index.php?rest_route=\/wp\/v2\/media\/4951"}],"wp:attachment":[{"href":"https:\/\/turkiyemhaber.com\/index.php?rest_route=%2Fwp%2Fv2%2Fmedia&parent=4950"}],"wp:term":[{"taxonomy":"category","embeddable":true,"href":"https:\/\/turkiyemhaber.com\/index.php?rest_route=%2Fwp%2Fv2%2Fcategories&post=4950"},{"taxonomy":"post_tag","embeddable":true,"href":"https:\/\/turkiyemhaber.com\/index.php?rest_route=%2Fwp%2Fv2%2Ftags&post=4950"}],"curies":[{"name":"wp","href":"https:\/\/api.w.org\/{rel}","templated":true}]}}