{"id":4928,"date":"2026-08-13T12:15:35","date_gmt":"2026-08-13T12:15:35","guid":{"rendered":"https:\/\/turkiyemhaber.com\/?p=4928"},"modified":"2026-08-13T12:15:40","modified_gmt":"2026-08-13T12:15:40","slug":"suleymancilar-operasyonunda-gozaltina-alinanlarin-isimleri-netlesti","status":"publish","type":"post","link":"https:\/\/turkiyemhaber.com\/?p=4928","title":{"rendered":"S\u00fcleymanc\u0131lar Operasyonunda G\u00f6zalt\u0131na Al\u0131nanlar\u0131n \u0130simleri Netle\u015fti"},"content":{"rendered":"\n<p class=\"wp-block-paragraph\"><strong>Ankara Cumhuriyet Ba\u015fsavc\u0131l\u0131\u011f\u0131 taraf\u0131ndan 17 ilde d\u00fczenlenen operasyonda, aralar\u0131nda Alihan Kuri\u015f ve Ayakkab\u0131 D\u00fcnyas\u0131 Y\u00f6netim Kurulu Ba\u015fkan\u0131 Mehmet Akbacako\u011flu\u2019nun da bulundu\u011fu 30 \u015f\u00fcpheli g\u00f6zalt\u0131na al\u0131nd\u0131. Soru\u015fturma kapsam\u0131nda 49 \u015f\u00fcpheli hakk\u0131nda i\u015flem yap\u0131l\u0131rken, 10 \u015f\u00fcphelinin firari, 9 \u015f\u00fcphelinin ise yurt d\u0131\u015f\u0131nda oldu\u011fu tespit edildi.<\/strong><\/p>\n\n\n\n<figure class=\"wp-block-image size-full\"><img loading=\"lazy\" decoding=\"async\" width=\"640\" height=\"522\" src=\"https:\/\/turkiyemhaber.com\/wp-content\/uploads\/2026\/08\/suleymancilara-operasyonda-goz-20141575-2226_1_m.webp\" alt=\"\" class=\"wp-image-4930\" srcset=\"https:\/\/turkiyemhaber.com\/wp-content\/uploads\/2026\/08\/suleymancilara-operasyonda-goz-20141575-2226_1_m.webp 640w, https:\/\/turkiyemhaber.com\/wp-content\/uploads\/2026\/08\/suleymancilara-operasyonda-goz-20141575-2226_1_m-300x245.webp 300w, https:\/\/turkiyemhaber.com\/wp-content\/uploads\/2026\/08\/suleymancilara-operasyonda-goz-20141575-2226_1_m-15x12.webp 15w\" sizes=\"auto, (max-width: 640px) 100vw, 640px\" \/><\/figure>\n\n\n\n<p class=\"wp-block-paragraph\">Ankara Cumhuriyet Ba\u015fsavc\u0131l\u0131\u011f\u0131 taraf\u0131ndan y\u00fcr\u00fct\u00fclen soru\u015fturma kapsam\u0131nda, Alihan Kuri\u015f&#8217;in liderli\u011fini yapt\u0131\u011f\u0131 \u00f6ne s\u00fcr\u00fclen \u00e7\u0131kar ama\u00e7l\u0131 su\u00e7 \u00f6rg\u00fct\u00fcne y\u00f6nelik 17 ilde e\u015f zamanl\u0131 operasyon ger\u00e7ekle\u015ftirildi.<\/p>\n\n\n\n<p class=\"wp-block-paragraph\">Soru\u015fturma kapsam\u0131nda <strong>su\u00e7 \u00f6rg\u00fct\u00fc kurma ve y\u00f6netme, su\u00e7 \u00f6rg\u00fct\u00fcne \u00fcye olma, su\u00e7tan kaynaklanan malvarl\u0131\u011f\u0131 de\u011ferlerini aklama, kamu kurum ve kurulu\u015flar\u0131 zarar\u0131na doland\u0131r\u0131c\u0131l\u0131k ve vergi usul kanununa muhalefet<\/strong> su\u00e7lamalar\u0131yla i\u015flem ba\u015flat\u0131ld\u0131.<\/p>\n\n\n\n<h3 class=\"wp-block-heading\">43 ADRES VE 33 \u015e\u0130RKETE A\u0130T 80 ADRESTE ARAMA<\/h3>\n\n\n\n<p class=\"wp-block-paragraph\">Soru\u015fturma kapsam\u0131nda toplam 49 \u015f\u00fcpheli hakk\u0131nda g\u00f6zalt\u0131 karar\u0131 verildi. \u015e\u00fcphelilere ait <strong>43 adres ile 33 \u015firkete ait 80 adreste<\/strong> arama ve el koyma i\u015flemleri ger\u00e7ekle\u015ftirildi.<\/p>\n\n\n\n<p class=\"wp-block-paragraph\">Dosyan\u0131n oda\u011f\u0131nda \u00f6rg\u00fctl\u00fc mali su\u00e7 iddialar\u0131n\u0131n bulundu\u011fu, \u015f\u00fcphelilerle ba\u011flant\u0131l\u0131 \u015firketler \u00fczerinden ola\u011fan d\u0131\u015f\u0131 para hareketleri ve milyarlarca liral\u0131k ticari i\u015flemlerin incelendi\u011fi belirtildi.<\/p>\n\n\n\n<figure class=\"wp-block-image size-full\"><img loading=\"lazy\" decoding=\"async\" width=\"640\" height=\"420\" src=\"https:\/\/turkiyemhaber.com\/wp-content\/uploads\/2026\/08\/suleymancilar-operasyonunda-go-20141575-3804_1_m.webp\" alt=\"\" class=\"wp-image-4934\" srcset=\"https:\/\/turkiyemhaber.com\/wp-content\/uploads\/2026\/08\/suleymancilar-operasyonunda-go-20141575-3804_1_m.webp 640w, https:\/\/turkiyemhaber.com\/wp-content\/uploads\/2026\/08\/suleymancilar-operasyonunda-go-20141575-3804_1_m-300x197.webp 300w, https:\/\/turkiyemhaber.com\/wp-content\/uploads\/2026\/08\/suleymancilar-operasyonunda-go-20141575-3804_1_m-18x12.webp 18w\" sizes=\"auto, (max-width: 640px) 100vw, 640px\" \/><\/figure>\n\n\n\n<h3 class=\"wp-block-heading\">100 M\u0130LYAR L\u0130RALIK PARA HAREKET\u0130 \u0130NCELEN\u0130YOR<\/h3>\n\n\n\n<p class=\"wp-block-paragraph\">Soru\u015fturma kapsam\u0131nda Mali Su\u00e7lar\u0131 Ara\u015ft\u0131rma Kurulu taraf\u0131ndan haz\u0131rlanan mali analizler de incelemeye al\u0131nd\u0131.<\/p>\n\n\n\n<p class=\"wp-block-paragraph\">Dosyadaki iddialara g\u00f6re, \u00f6rg\u00fctle ba\u011flant\u0131l\u0131 oldu\u011fu de\u011ferlendirilen baz\u0131 ki\u015fi ve \u015firketler \u00fczerinden <strong>100 milyar liran\u0131n \u00fczerinde para hareketinin yurt d\u0131\u015f\u0131na \u00e7\u0131kar\u0131ld\u0131\u011f\u0131<\/strong> y\u00f6n\u00fcndeki tespitler ara\u015ft\u0131r\u0131l\u0131yor.<\/p>\n\n\n\n<p class=\"wp-block-paragraph\">S\u00f6z konusu para hareketlerinin su\u00e7tan elde edilen gelirle ba\u011flant\u0131s\u0131, y\u00fcr\u00fct\u00fclecek mali ve adli incelemeler sonucunda netle\u015fecek.<\/p>\n\n\n\n<p class=\"wp-block-paragraph\">Yurt d\u0131\u015f\u0131 kaynakl\u0131 para transferleri ve bu hareketlerde bulundu\u011fu \u00f6ne s\u00fcr\u00fclen ba\u011flant\u0131lar da soru\u015fturma kapsam\u0131nda inceleniyor.<\/p>\n\n\n\n<figure class=\"wp-block-image size-full\"><img loading=\"lazy\" decoding=\"async\" width=\"735\" height=\"490\" src=\"https:\/\/turkiyemhaber.com\/wp-content\/uploads\/2026\/08\/suleymancilar-operasyonunda-unlu-ayakkabi-markasinin-sahibi-de-gozalti_20141575_44-1.jpg\" alt=\"\" class=\"wp-image-4937\" srcset=\"https:\/\/turkiyemhaber.com\/wp-content\/uploads\/2026\/08\/suleymancilar-operasyonunda-unlu-ayakkabi-markasinin-sahibi-de-gozalti_20141575_44-1.jpg 735w, https:\/\/turkiyemhaber.com\/wp-content\/uploads\/2026\/08\/suleymancilar-operasyonunda-unlu-ayakkabi-markasinin-sahibi-de-gozalti_20141575_44-1-300x200.jpg 300w, https:\/\/turkiyemhaber.com\/wp-content\/uploads\/2026\/08\/suleymancilar-operasyonunda-unlu-ayakkabi-markasinin-sahibi-de-gozalti_20141575_44-1-18x12.jpg 18w, https:\/\/turkiyemhaber.com\/wp-content\/uploads\/2026\/08\/suleymancilar-operasyonunda-unlu-ayakkabi-markasinin-sahibi-de-gozalti_20141575_44-1-600x400.jpg 600w\" sizes=\"auto, (max-width: 735px) 100vw, 735px\" \/><\/figure>\n\n\n\n<h3 class=\"wp-block-heading\">AL\u0130HAN KUR\u0130\u015e DAH\u0130L 30 \u015e\u00dcPHEL\u0130 G\u00d6ZALTINDA<\/h3>\n\n\n\n<p class=\"wp-block-paragraph\">\u0130stanbul, Ankara ve Antalya ba\u015fta olmak \u00fczere 17 ilde ger\u00e7ekle\u015ftirilen operasyonlarda <strong>Alihan Kuri\u015f&#8217;in de aralar\u0131nda bulundu\u011fu 30 \u015f\u00fcpheli g\u00f6zalt\u0131na al\u0131nd\u0131.<\/strong><\/p>\n\n\n\n<p class=\"wp-block-paragraph\">10 \u015f\u00fcphelinin firari oldu\u011fu, 9 \u015f\u00fcphelinin ise yurt d\u0131\u015f\u0131nda bulundu\u011fu tespit edildi. Firari \u015f\u00fcphelilerin yakalanmas\u0131 ve yurt d\u0131\u015f\u0131nda bulunan \u015f\u00fcphelilerle ilgili adli i\u015flemlerin y\u00fcr\u00fct\u00fclmesi i\u00e7in \u00e7al\u0131\u015fmalar devam ediyor.<\/p>\n\n\n\n<figure class=\"wp-block-image size-full\"><img loading=\"lazy\" decoding=\"async\" width=\"640\" height=\"500\" src=\"https:\/\/turkiyemhaber.com\/wp-content\/uploads\/2026\/08\/suleymancilara-operasyonda-goz-20141575-3146_1_m-1.webp\" alt=\"\" class=\"wp-image-4933\" srcset=\"https:\/\/turkiyemhaber.com\/wp-content\/uploads\/2026\/08\/suleymancilara-operasyonda-goz-20141575-3146_1_m-1.webp 640w, https:\/\/turkiyemhaber.com\/wp-content\/uploads\/2026\/08\/suleymancilara-operasyonda-goz-20141575-3146_1_m-1-300x234.webp 300w, https:\/\/turkiyemhaber.com\/wp-content\/uploads\/2026\/08\/suleymancilara-operasyonda-goz-20141575-3146_1_m-1-15x12.webp 15w\" sizes=\"auto, (max-width: 640px) 100vw, 640px\" \/><\/figure>\n\n\n\n<h3 class=\"wp-block-heading\">AYAKKABI D\u00dcNYASI Y\u00d6NET\u0130M KURULU BA\u015eKANI DA G\u00d6ZALTINDA<\/h3>\n\n\n\n<p class=\"wp-block-paragraph\">Operasyonda dikkat \u00e7eken isimlerden biri <strong>Ayakkab\u0131 D\u00fcnyas\u0131 Y\u00f6netim Kurulu Ba\u015fkan\u0131 Mehmet Akbacako\u011flu<\/strong> oldu.<\/p>\n\n\n\n<p class=\"wp-block-paragraph\">Akbacako\u011flu&#8217;nun da g\u00f6zalt\u0131na al\u0131nan 30 \u015f\u00fcpheli aras\u0131nda bulundu\u011fu, Ayakkab\u0131 D\u00fcnyas\u0131 Kundura Sanayi ve Ticaret Anonim \u015eirketi&#8217;nin de soru\u015fturma kapsam\u0131nda arama yap\u0131lan \u015firketler aras\u0131nda yer ald\u0131\u011f\u0131 belirtildi.<\/p>\n\n\n\n<figure class=\"wp-block-image size-full\"><img loading=\"lazy\" decoding=\"async\" width=\"640\" height=\"360\" src=\"https:\/\/turkiyemhaber.com\/wp-content\/uploads\/2026\/08\/suleymancilar-operasyonunda-go-20141575-1716_1_m.webp\" alt=\"\" class=\"wp-image-4935\" srcset=\"https:\/\/turkiyemhaber.com\/wp-content\/uploads\/2026\/08\/suleymancilar-operasyonunda-go-20141575-1716_1_m.webp 640w, https:\/\/turkiyemhaber.com\/wp-content\/uploads\/2026\/08\/suleymancilar-operasyonunda-go-20141575-1716_1_m-300x169.webp 300w, https:\/\/turkiyemhaber.com\/wp-content\/uploads\/2026\/08\/suleymancilar-operasyonunda-go-20141575-1716_1_m-18x10.webp 18w\" sizes=\"auto, (max-width: 640px) 100vw, 640px\" \/><\/figure>\n\n\n\n<h3 class=\"wp-block-heading\">KUR\u0130\u015e&#8217;\u0130N BA\u015e SEKRETER\u0130 DE G\u00d6ZALTINDA<\/h3>\n\n\n\n<p class=\"wp-block-paragraph\">G\u00f6zalt\u0131na al\u0131nan isimler aras\u0131nda <strong>Fahri Candemir<\/strong> de bulunuyor. Candemir&#8217;in Alihan Kuri\u015f&#8217;in ba\u015f sekreteri oldu\u011fu belirtildi.<\/p>\n\n\n\n<p class=\"wp-block-paragraph\">Soru\u015fturmada Recep Okumu\u015flar ve Yusuf B\u00fcy\u00fckg\u00f6ze&#8217;nin de S\u00fcleymanc\u0131lar\u0131n kadrosunda yer alan isimler oldu\u011fu, Mustafa G\u00f6kduman&#8217;\u0131n ise ge\u00e7mi\u015fte S\u00fcleymanc\u0131lar\u0131n y\u00f6neticilerinden oldu\u011fu ifade edildi.<\/p>\n\n\n\n<p class=\"wp-block-paragraph\">Ayd\u0131n&#8217;da g\u00f6zalt\u0131na al\u0131nan Zeki Alt\u0131nel&#8217;in S\u00fcleymanc\u0131lar\u0131n Ege B\u00f6lgesi&#8217;ndeki y\u00f6neticilerinden oldu\u011fu, \u0130stanbul&#8217;da g\u00f6zalt\u0131na al\u0131nan Mehmet Hilmi Molla&#8217;n\u0131n ise ticari faaliyetlerinin bulundu\u011fu kaydedildi.<\/p>\n\n\n\n<figure class=\"wp-block-image size-full\"><img loading=\"lazy\" decoding=\"async\" width=\"640\" height=\"358\" src=\"https:\/\/turkiyemhaber.com\/wp-content\/uploads\/2026\/08\/suleymancilar-operasyonunda-go-20141575-3448_1_m.webp\" alt=\"\" class=\"wp-image-4936\" srcset=\"https:\/\/turkiyemhaber.com\/wp-content\/uploads\/2026\/08\/suleymancilar-operasyonunda-go-20141575-3448_1_m.webp 640w, https:\/\/turkiyemhaber.com\/wp-content\/uploads\/2026\/08\/suleymancilar-operasyonunda-go-20141575-3448_1_m-300x168.webp 300w, https:\/\/turkiyemhaber.com\/wp-content\/uploads\/2026\/08\/suleymancilar-operasyonunda-go-20141575-3448_1_m-18x10.webp 18w\" sizes=\"auto, (max-width: 640px) 100vw, 640px\" \/><\/figure>\n\n\n\n<h3 class=\"wp-block-heading\">ESK\u0130 HSK \u00dcYES\u0130 DE G\u00d6ZALTINDA<\/h3>\n\n\n\n<p class=\"wp-block-paragraph\">G\u00f6zalt\u0131na al\u0131nanlar aras\u0131nda eski Hakimler ve Savc\u0131lar Kurulu \u00fcyesi ve Marmara \u00dcniversitesi Hukuk Fak\u00fcltesi \u00f6\u011fretim \u00fcyesi <strong>Prof. Dr. Ahmet G\u00f6k\u00e7en<\/strong> de bulunuyor.<\/p>\n\n\n\n<h3 class=\"wp-block-heading\">G\u00d6ZALTINDAK\u0130 30 \u015e\u00dcPHEL\u0130<\/h3>\n\n\n\n<ol class=\"wp-block-list\">\n<li>Alihan Kuri\u015f<\/li>\n\n\n\n<li>Fahri Candemir<\/li>\n\n\n\n<li>S\u00fcleyman Kahraman<\/li>\n\n\n\n<li>Recep Okumu\u015flar<\/li>\n\n\n\n<li>\u015eeref Toprak<\/li>\n\n\n\n<li>Mehmet Hilmi Molla<\/li>\n\n\n\n<li>Nezih Murat B\u00fcy\u00fckg\u00f6ze<\/li>\n\n\n\n<li>Metin G\u00fcder<\/li>\n\n\n\n<li>Hilmi \u015eenol<\/li>\n\n\n\n<li>S\u00fcleyman Hilmi Din\u00e7<\/li>\n\n\n\n<li>Yunus Aslan<\/li>\n\n\n\n<li>Yusuf B\u00fcy\u00fckg\u00f6ze<\/li>\n\n\n\n<li>Ahmet G\u00f6k\u00e7en<\/li>\n\n\n\n<li>Muharrem Hilmi Akbulut<\/li>\n\n\n\n<li>Mehmet Aksu<\/li>\n\n\n\n<li>Muhammed Da\u011f<\/li>\n\n\n\n<li>Mehmet Bozp\u0131nar<\/li>\n\n\n\n<li>Mehmet Akbacako\u011flu<\/li>\n\n\n\n<li>Ahmet \u015eim\u015fek<\/li>\n\n\n\n<li>\u00d6mer Y\u0131lmaz<\/li>\n\n\n\n<li>Abdulkerim Emrah<\/li>\n\n\n\n<li>\u0130sa \u00c7ardak<\/li>\n\n\n\n<li>Cevat Ba\u011fc\u0131<\/li>\n\n\n\n<li>Zeki Alt\u0131nel<\/li>\n\n\n\n<li>Ahmet Efe<\/li>\n\n\n\n<li>H\u00fcseyin T\u00fcrker<\/li>\n\n\n\n<li>Mehmet Kurban<\/li>\n\n\n\n<li>Mehmet Tekin<\/li>\n\n\n\n<li>Mustafa G\u00f6kduman<\/li>\n\n\n\n<li>\u0130smail Hakk\u0131 Akg\u00fcn<\/li>\n<\/ol>\n\n\n\n<h3 class=\"wp-block-heading\">F\u0130RAR\u0130 10 \u015e\u00dcPHEL\u0130<\/h3>\n\n\n\n<ol class=\"wp-block-list\">\n<li>H. U.<\/li>\n\n\n\n<li>Z. \u00d6.<\/li>\n\n\n\n<li>O. A.<\/li>\n\n\n\n<li>S. S. K.<\/li>\n\n\n\n<li>H. D.<\/li>\n\n\n\n<li>M. K.<\/li>\n\n\n\n<li>H. T. K.<\/li>\n\n\n\n<li>K. P.<\/li>\n\n\n\n<li>R. E.<\/li>\n\n\n\n<li>A. U. P.<\/li>\n<\/ol>\n\n\n\n<h3 class=\"wp-block-heading\">YURT DI\u015eINDA BULUNAN 9 \u015e\u00dcPHEL\u0130<\/h3>\n\n\n\n<ol class=\"wp-block-list\">\n<li>A. S. \u00d6.<\/li>\n\n\n\n<li>S. \u0130.<\/li>\n\n\n\n<li>\u015e. D.<\/li>\n\n\n\n<li>\u0130. C.<\/li>\n\n\n\n<li>M. S.<\/li>\n\n\n\n<li>A. T.<\/li>\n\n\n\n<li>S. S.<\/li>\n\n\n\n<li>U. \u00d6.<\/li>\n\n\n\n<li>\u00d6. B.<\/li>\n<\/ol>\n\n\n\n<h3 class=\"wp-block-heading\">SORU\u015eTURMADA \u0130NCELENEN \u015e\u0130RKETLER<\/h3>\n\n\n\n<p class=\"wp-block-paragraph\">Soru\u015fturma kapsam\u0131nda arama ve inceleme i\u015flemleri yap\u0131lan \u015firketler aras\u0131nda \u015funlar yer al\u0131yor:<\/p>\n\n\n\n<ol class=\"wp-block-list\">\n<li>ELF Yap\u0131 Anonim \u015eirketi<\/li>\n\n\n\n<li>Altun Mimarl\u0131k \u0130n\u015faat Ticaret Anonim \u015eirketi<\/li>\n\n\n\n<li>G\u00fcldeniz \u0130n\u015faat Anonim \u015eirketi<\/li>\n\n\n\n<li>Ardeniz Emlak Anonim \u015eirketi<\/li>\n\n\n\n<li>Garanti Gayrimenkul Geli\u015ftirme Ticaret Limited \u015eirketi<\/li>\n\n\n\n<li>Arden G\u0131da \u0130n\u015faat Sanayi ve Ticaret Limited \u015eirketi<\/li>\n\n\n\n<li>\u015eMS Kopuz G\u0131da Pazarlama ve Sanayi Ticaret Anonim \u015eirketi<\/li>\n\n\n\n<li>Tasfiye Halinde TEB Denizcilik Sanayi ve Ticaret Limited \u015eirketi<\/li>\n\n\n\n<li>\u00d6zg\u00fcr Giyim Tekstil \u00dcr\u00fcnleri Ticaret ve Sanayi Anonim \u015eirketi<\/li>\n\n\n\n<li>Armine Giyim Sanayi ve Ticaret Anonim \u015eirketi<\/li>\n\n\n\n<li>Hisar Sa\u011fl\u0131k Hizmetleri E\u011fitim-Ara\u015ft\u0131rma ve T\u0131bbi Cihazlar \u0130n\u015faat Sanayi ve Ticaret Anonim \u015eirketi<\/li>\n\n\n\n<li>Ayakkab\u0131 D\u00fcnyas\u0131 Kundura Sanayi ve Ticaret Anonim \u015eirketi<\/li>\n\n\n\n<li>Akdeniz Toros Et ve Et Mam\u00fclleri Sanayi ve D\u0131\u015f Ticaret Anonim \u015eirketi<\/li>\n\n\n\n<li>\u0130stanbul Hisar Turizm ve Ticaret Anonim \u015eirketi<\/li>\n\n\n\n<li>MKM Ta\u015f Oca\u011f\u0131 Hafriyat \u0130n\u015faat Sanayi ve Ticaret Anonim \u015eirketi<\/li>\n\n\n\n<li>Perka Yap\u0131 \u0130n\u015faat Sanayi Ticaret Anonim \u015eirketi<\/li>\n\n\n\n<li>G\u00fcnso \u0130n\u015faat G\u0131da E\u011fitim ve Yurt Hizmetleri Ticaret ve Sanayi Anonim \u015eirketi<\/li>\n\n\n\n<li>Seli Kaynak ve Meyve Sular\u0131 \u0130\u015fletmeleri Sanayi Ticaret Anonim \u015eirketi<\/li>\n\n\n\n<li>MKM Otomotiv Sanayi ve Ticaret Limited \u015eirketi<\/li>\n\n\n\n<li>Asya Otomotiv ve Tekstil Pazarlama Ticaret Limited \u015eirketi<\/li>\n\n\n\n<li>MKM Elektronik Ekipmanlar\u0131 ve G\u00fcvenlik Sistemleri Sanayi Ticaret Limited \u015eirketi<\/li>\n\n\n\n<li>Seli Turizm Otelcilik \u0130n\u015faat Ticaret Anonim \u015eirketi<\/li>\n\n\n\n<li>Ada Nak\u0131\u015f Desen Dokuma Giyim \u0130malat Ticaret ve Sanayi Limited \u015eirketi<\/li>\n\n\n\n<li>Verona Ev Tekstil \u00dcr\u00fcnleri Ticaret ve Pazarlama Anonim \u015eirketi<\/li>\n\n\n\n<li>Ada Dokuma \u0130malat Sanayi Ticaret Limited \u015eirketi<\/li>\n\n\n\n<li>G\u00fclery\u00fcz Kuyumculuk Turizm ve Otomotiv Sanayi ve Ticaret Anonim \u015eirketi<\/li>\n\n\n\n<li>Asya S\u00fcs Bitkileri Fidanc\u0131l\u0131k ve Tar\u0131m \u0130\u015fletmeleri Pazarlama Ticaret Limited \u015eirketi<\/li>\n\n\n\n<li>Sakarya \u00dcniversitesi Teknoloji Geli\u015ftirme B\u00f6lgeleri Y\u00f6netici Anonim \u015eirketi<\/li>\n\n\n\n<li>Han Yap\u0131 Grubu M\u00fchendislik Mimarl\u0131k \u0130n\u015faat Turizm Sanayi ve Ticaret Limited \u015eirketi<\/li>\n\n\n\n<li>Bolu Y\u0131ld\u0131z E\u011fitim \u0130n\u015faat Sanayi ve Ticaret Anonim \u015eirketi<\/li>\n\n\n\n<li>Do\u011fu Marmara Avrupa Birli\u011fi \u0130\u015f Geli\u015ftirme Merkezi (AB\u0130GEM) Anonim \u015eirketi<\/li>\n\n\n\n<li>G\u00f6knur G\u0131da Maddeleri Enerji \u0130malat \u0130thalat \u0130hracat Ticaret ve Sanayi Anonim \u015eirketi<\/li>\n<\/ol>\n\n\n\n<figure class=\"wp-block-image size-large\"><img loading=\"lazy\" decoding=\"async\" width=\"578\" height=\"1024\" src=\"http:\/\/turkiyemhaber.com\/wp-content\/uploads\/2026\/08\/suleymancilar-operasyonunda-go-20141575-5718_1_m-578x1024.webp\" alt=\"\" class=\"wp-image-4932\" srcset=\"https:\/\/turkiyemhaber.com\/wp-content\/uploads\/2026\/08\/suleymancilar-operasyonunda-go-20141575-5718_1_m-578x1024.webp 578w, https:\/\/turkiyemhaber.com\/wp-content\/uploads\/2026\/08\/suleymancilar-operasyonunda-go-20141575-5718_1_m-169x300.webp 169w, https:\/\/turkiyemhaber.com\/wp-content\/uploads\/2026\/08\/suleymancilar-operasyonunda-go-20141575-5718_1_m-7x12.webp 7w, https:\/\/turkiyemhaber.com\/wp-content\/uploads\/2026\/08\/suleymancilar-operasyonunda-go-20141575-5718_1_m.webp 640w\" sizes=\"auto, (max-width: 578px) 100vw, 578px\" \/><\/figure>\n\n\n\n<h3 class=\"wp-block-heading\">OPERASYONDA S\u0130LAHLAR ELE GE\u00c7\u0130R\u0130LD\u0130<\/h3>\n\n\n\n<p class=\"wp-block-paragraph\">Operasyon kapsam\u0131nda baz\u0131 adreslerde silahlar da ele ge\u00e7irildi. Bir \u015f\u00fcphelinin evinde <strong>20 ruhsats\u0131z silah ve bunlara ait \u015farj\u00f6rler<\/strong> bulundu.<\/p>\n\n\n\n<p class=\"wp-block-paragraph\">Bir ba\u015fka adreste ger\u00e7ekle\u015ftirilen aramada ise <strong>uzun namlulu silah ve tabanca<\/strong> ele ge\u00e7irildi.<\/p>\n\n\n\n<h3 class=\"wp-block-heading\">SORU\u015eTURMANIN KAPSAMI<\/h3>\n\n\n\n<p class=\"wp-block-paragraph\">Soru\u015fturman\u0131n herhangi bir derne\u011fe veya dini hizmet faaliyetlerine y\u00f6nelik olmad\u0131\u011f\u0131, i\u015flemlerin \u015f\u00fcphelilerin yakalanmas\u0131 ve mali delillerin toplanmas\u0131na y\u00f6nelik s\u00fcrd\u00fcr\u00fcld\u00fc\u011f\u00fc belirtildi.<\/p>\n\n\n\n<p class=\"wp-block-paragraph\">Soru\u015fturma kapsam\u0131nda <strong>MASAK raporlar\u0131, \u015firket kay\u0131tlar\u0131, banka hareketleri ve di\u011fer adli deliller<\/strong> \u00fczerindeki incelemelerin devam etti\u011fi bildirildi.<\/p>\n","protected":false},"excerpt":{"rendered":"<p>Ankara Cumhuriyet Ba\u015fsavc\u0131l\u0131\u011f\u0131 taraf\u0131ndan 17 ilde d\u00fczenlenen operasyonda, aralar\u0131nda Alihan Kuri\u015f ve Ayakkab\u0131 D\u00fcnyas\u0131 Y\u00f6netim<\/p>\n","protected":false},"author":1,"featured_media":4929,"comment_status":"open","ping_status":"open","sticky":false,"template":"","format":"standard","meta":{"_rtcl_gb_attr":"","footnotes":""},"categories":[43],"tags":[],"class_list":["post-4928","post","type-post","status-publish","format-standard","has-post-thumbnail","hentry","category-son-dakika"],"_links":{"self":[{"href":"https:\/\/turkiyemhaber.com\/index.php?rest_route=\/wp\/v2\/posts\/4928","targetHints":{"allow":["GET"]}}],"collection":[{"href":"https:\/\/turkiyemhaber.com\/index.php?rest_route=\/wp\/v2\/posts"}],"about":[{"href":"https:\/\/turkiyemhaber.com\/index.php?rest_route=\/wp\/v2\/types\/post"}],"author":[{"embeddable":true,"href":"https:\/\/turkiyemhaber.com\/index.php?rest_route=\/wp\/v2\/users\/1"}],"replies":[{"embeddable":true,"href":"https:\/\/turkiyemhaber.com\/index.php?rest_route=%2Fwp%2Fv2%2Fcomments&post=4928"}],"version-history":[{"count":1,"href":"https:\/\/turkiyemhaber.com\/index.php?rest_route=\/wp\/v2\/posts\/4928\/revisions"}],"predecessor-version":[{"id":4938,"href":"https:\/\/turkiyemhaber.com\/index.php?rest_route=\/wp\/v2\/posts\/4928\/revisions\/4938"}],"wp:featuredmedia":[{"embeddable":true,"href":"https:\/\/turkiyemhaber.com\/index.php?rest_route=\/wp\/v2\/media\/4929"}],"wp:attachment":[{"href":"https:\/\/turkiyemhaber.com\/index.php?rest_route=%2Fwp%2Fv2%2Fmedia&parent=4928"}],"wp:term":[{"taxonomy":"category","embeddable":true,"href":"https:\/\/turkiyemhaber.com\/index.php?rest_route=%2Fwp%2Fv2%2Fcategories&post=4928"},{"taxonomy":"post_tag","embeddable":true,"href":"https:\/\/turkiyemhaber.com\/index.php?rest_route=%2Fwp%2Fv2%2Ftags&post=4928"}],"curies":[{"name":"wp","href":"https:\/\/api.w.org\/{rel}","templated":true}]}}