{"id":4920,"date":"2026-08-13T03:01:46","date_gmt":"2026-08-13T03:01:46","guid":{"rendered":"https:\/\/turkiyemhaber.com\/?p=4920"},"modified":"2026-08-13T03:01:51","modified_gmt":"2026-08-13T03:01:51","slug":"oyunculugu-birakip-londraya-yerlesmisti-serel-yereli-memleketine-dondu","status":"publish","type":"post","link":"https:\/\/turkiyemhaber.com\/?p=4920","title":{"rendered":"Oyunculu\u011fu B\u0131rak\u0131p Londra\u2019ya Yerle\u015fmi\u015fti! Serel Yereli Memleketine D\u00f6nd\u00fc"},"content":{"rendered":"\n<p class=\"wp-block-paragraph\"><strong>\u201cBodrum Masal\u0131\u201d dizisiyle tan\u0131nan Serel Yereli, uzun s\u00fcredir ya\u015fad\u0131\u011f\u0131 Londra\u2019dan yaz tatili i\u00e7in memleketi \u0130zmir\u2019e geldi. Yereli\u2019nin sosyal medya payla\u015f\u0131mlar\u0131 takip\u00e7ilerinden yo\u011fun ilgi g\u00f6rd\u00fc.<\/strong><\/p>\n\n\n\n<figure class=\"wp-block-image size-full\"><img loading=\"lazy\" decoding=\"async\" width=\"640\" height=\"852\" src=\"https:\/\/turkiyemhaber.com\/wp-content\/uploads\/2026\/08\/20260812_181b4fa4b71249d4a5b0e1b8113815db.webp\" alt=\"\" class=\"wp-image-4922\" srcset=\"https:\/\/turkiyemhaber.com\/wp-content\/uploads\/2026\/08\/20260812_181b4fa4b71249d4a5b0e1b8113815db.webp 640w, https:\/\/turkiyemhaber.com\/wp-content\/uploads\/2026\/08\/20260812_181b4fa4b71249d4a5b0e1b8113815db-225x300.webp 225w, https:\/\/turkiyemhaber.com\/wp-content\/uploads\/2026\/08\/20260812_181b4fa4b71249d4a5b0e1b8113815db-9x12.webp 9w\" sizes=\"auto, (max-width: 640px) 100vw, 640px\" \/><\/figure>\n\n\n\n<p class=\"wp-block-paragraph\">\u201cBodrum Masal\u0131\u201d dizisindeki performans\u0131yla geni\u015f bir hayran kitlesine ula\u015fan Serel Yereli, oyunculu\u011fun ard\u0131ndan m\u00fczik \u00e7al\u0131\u015fmalar\u0131na a\u011f\u0131rl\u0131k vermi\u015fti. Kariyerine \u0130ngiltere\u2019nin ba\u015fkenti Londra\u2019da devam eden Yereli, yaz tatilini ge\u00e7irmek \u00fczere do\u011fup b\u00fcy\u00fcd\u00fc\u011f\u00fc \u0130zmir\u2019e geldi.<\/p>\n\n\n\n<figure class=\"wp-block-image size-full\"><img loading=\"lazy\" decoding=\"async\" width=\"640\" height=\"852\" src=\"https:\/\/turkiyemhaber.com\/wp-content\/uploads\/2026\/08\/20260812_4b93c13a634d42cebcba5127753e8ac7.webp\" alt=\"\" class=\"wp-image-4923\" srcset=\"https:\/\/turkiyemhaber.com\/wp-content\/uploads\/2026\/08\/20260812_4b93c13a634d42cebcba5127753e8ac7.webp 640w, https:\/\/turkiyemhaber.com\/wp-content\/uploads\/2026\/08\/20260812_4b93c13a634d42cebcba5127753e8ac7-225x300.webp 225w, https:\/\/turkiyemhaber.com\/wp-content\/uploads\/2026\/08\/20260812_4b93c13a634d42cebcba5127753e8ac7-9x12.webp 9w\" sizes=\"auto, (max-width: 640px) 100vw, 640px\" \/><\/figure>\n\n\n\n<h3 class=\"wp-block-heading\">\u0130ZM\u0130R\u2019DEN TAT\u0130L PAYLA\u015eIMLARI<\/h3>\n\n\n\n<p class=\"wp-block-paragraph\">\u0130zmir\u2019in g\u00fcne\u015finin ve denizinin tad\u0131n\u0131 \u00e7\u0131karan \u00fcnl\u00fc isim, tatil anlar\u0131n\u0131 sosyal medya hesab\u0131ndan takip\u00e7ileriyle payla\u015fmay\u0131 da ihmal etmedi. Pe\u015f pe\u015fe yay\u0131nlad\u0131\u011f\u0131 tatil kareleri k\u0131sa s\u00fcrede b\u00fcy\u00fck ilgi g\u00f6rd\u00fc.<\/p>\n\n\n\n<figure class=\"wp-block-image size-full\"><img loading=\"lazy\" decoding=\"async\" width=\"640\" height=\"852\" src=\"https:\/\/turkiyemhaber.com\/wp-content\/uploads\/2026\/08\/20260812_242240848b334c48bfec46d3ba35a1f2.webp\" alt=\"\" class=\"wp-image-4924\" srcset=\"https:\/\/turkiyemhaber.com\/wp-content\/uploads\/2026\/08\/20260812_242240848b334c48bfec46d3ba35a1f2.webp 640w, https:\/\/turkiyemhaber.com\/wp-content\/uploads\/2026\/08\/20260812_242240848b334c48bfec46d3ba35a1f2-225x300.webp 225w, https:\/\/turkiyemhaber.com\/wp-content\/uploads\/2026\/08\/20260812_242240848b334c48bfec46d3ba35a1f2-9x12.webp 9w\" sizes=\"auto, (max-width: 640px) 100vw, 640px\" \/><\/figure>\n\n\n\n<p class=\"wp-block-paragraph\">Yereli\u2019nin payla\u015f\u0131mlar\u0131na takip\u00e7ilerinden \u00e7ok say\u0131da be\u011feni ve yorum gelirken, \u00fcnl\u00fc ismin tatil pozlar\u0131 sosyal medyada da g\u00fcndem oldu.<\/p>\n\n\n\n<figure class=\"wp-block-image size-full\"><img loading=\"lazy\" decoding=\"async\" width=\"640\" height=\"813\" src=\"https:\/\/turkiyemhaber.com\/wp-content\/uploads\/2026\/08\/20260812_377adb2cf7a84ba99cb9670bf5a969d6.webp\" alt=\"\" class=\"wp-image-4925\" srcset=\"https:\/\/turkiyemhaber.com\/wp-content\/uploads\/2026\/08\/20260812_377adb2cf7a84ba99cb9670bf5a969d6.webp 640w, https:\/\/turkiyemhaber.com\/wp-content\/uploads\/2026\/08\/20260812_377adb2cf7a84ba99cb9670bf5a969d6-236x300.webp 236w, https:\/\/turkiyemhaber.com\/wp-content\/uploads\/2026\/08\/20260812_377adb2cf7a84ba99cb9670bf5a969d6-9x12.webp 9w\" sizes=\"auto, (max-width: 640px) 100vw, 640px\" \/><\/figure>\n\n\n\n<figure class=\"wp-block-image size-full\"><img loading=\"lazy\" decoding=\"async\" width=\"640\" height=\"852\" src=\"https:\/\/turkiyemhaber.com\/wp-content\/uploads\/2026\/08\/20260812_3ce73e1bfc3d4bd395bc1869286adbc6.webp\" alt=\"\" class=\"wp-image-4926\" srcset=\"https:\/\/turkiyemhaber.com\/wp-content\/uploads\/2026\/08\/20260812_3ce73e1bfc3d4bd395bc1869286adbc6.webp 640w, https:\/\/turkiyemhaber.com\/wp-content\/uploads\/2026\/08\/20260812_3ce73e1bfc3d4bd395bc1869286adbc6-225x300.webp 225w, https:\/\/turkiyemhaber.com\/wp-content\/uploads\/2026\/08\/20260812_3ce73e1bfc3d4bd395bc1869286adbc6-9x12.webp 9w\" sizes=\"auto, (max-width: 640px) 100vw, 640px\" \/><\/figure>\n","protected":false},"excerpt":{"rendered":"<p>\u201cBodrum Masal\u0131\u201d dizisiyle tan\u0131nan Serel Yereli, uzun s\u00fcredir ya\u015fad\u0131\u011f\u0131 Londra\u2019dan yaz tatili i\u00e7in memleketi \u0130zmir\u2019e<\/p>\n","protected":false},"author":1,"featured_media":4921,"comment_status":"open","ping_status":"open","sticky":false,"template":"","format":"standard","meta":{"_rtcl_gb_attr":"","footnotes":""},"categories":[41],"tags":[],"class_list":["post-4920","post","type-post","status-publish","format-standard","has-post-thumbnail","hentry","category-magazin"],"_links":{"self":[{"href":"https:\/\/turkiyemhaber.com\/index.php?rest_route=\/wp\/v2\/posts\/4920","targetHints":{"allow":["GET"]}}],"collection":[{"href":"https:\/\/turkiyemhaber.com\/index.php?rest_route=\/wp\/v2\/posts"}],"about":[{"href":"https:\/\/turkiyemhaber.com\/index.php?rest_route=\/wp\/v2\/types\/post"}],"author":[{"embeddable":true,"href":"https:\/\/turkiyemhaber.com\/index.php?rest_route=\/wp\/v2\/users\/1"}],"replies":[{"embeddable":true,"href":"https:\/\/turkiyemhaber.com\/index.php?rest_route=%2Fwp%2Fv2%2Fcomments&post=4920"}],"version-history":[{"count":1,"href":"https:\/\/turkiyemhaber.com\/index.php?rest_route=\/wp\/v2\/posts\/4920\/revisions"}],"predecessor-version":[{"id":4927,"href":"https:\/\/turkiyemhaber.com\/index.php?rest_route=\/wp\/v2\/posts\/4920\/revisions\/4927"}],"wp:featuredmedia":[{"embeddable":true,"href":"https:\/\/turkiyemhaber.com\/index.php?rest_route=\/wp\/v2\/media\/4921"}],"wp:attachment":[{"href":"https:\/\/turkiyemhaber.com\/index.php?rest_route=%2Fwp%2Fv2%2Fmedia&parent=4920"}],"wp:term":[{"taxonomy":"category","embeddable":true,"href":"https:\/\/turkiyemhaber.com\/index.php?rest_route=%2Fwp%2Fv2%2Fcategories&post=4920"},{"taxonomy":"post_tag","embeddable":true,"href":"https:\/\/turkiyemhaber.com\/index.php?rest_route=%2Fwp%2Fv2%2Ftags&post=4920"}],"curies":[{"name":"wp","href":"https:\/\/api.w.org\/{rel}","templated":true}]}}