{"id":4917,"date":"2026-08-13T02:57:40","date_gmt":"2026-08-13T02:57:40","guid":{"rendered":"https:\/\/turkiyemhaber.com\/?p=4917"},"modified":"2026-08-13T02:57:45","modified_gmt":"2026-08-13T02:57:45","slug":"cerkezkoyde-tir-otomobil-carpisti-1-yarali","status":"publish","type":"post","link":"https:\/\/turkiyemhaber.com\/?p=4917","title":{"rendered":"\u00c7erkezk\u00f6y&#8217;de T\u0131r-Otomobil \u00c7arp\u0131\u015ft\u0131: 1 Yaral\u0131"},"content":{"rendered":"\n<p class=\"wp-block-paragraph\">Tekirda\u011f&#8217;\u0131n \u00c7erkezk\u00f6y il\u00e7esinde t\u0131r ile otomobilin \u00e7arp\u0131\u015fmas\u0131 sonucu meydana gelen trafik kazas\u0131nda 1 ki\u015fi yaraland\u0131.<\/p>\n\n\n\n<p class=\"wp-block-paragraph\">Kaza, <strong>\u00c7erkezk\u00f6y-\u0130stanbul yolu<\/strong> \u00fczerinde meydana geldi. Edinilen bilgilere g\u00f6re, C.B. idaresindeki <strong>34 KFR 707 plakal\u0131 otomobil<\/strong>, ayn\u0131 y\u00f6nde seyir halinde bulunan C.Y. y\u00f6netimindeki <strong>26 EG 355 plakal\u0131 t\u0131rla<\/strong> \u00e7arp\u0131\u015ft\u0131.<\/p>\n\n\n\n<p class=\"wp-block-paragraph\">Kazan\u0131n ard\u0131ndan b\u00f6lgeye polis ve sa\u011fl\u0131k ekipleri sevk edildi. Kazada yaralanan otomobil s\u00fcr\u00fcc\u00fcs\u00fc <strong>C.B.<\/strong>, sa\u011fl\u0131k ekiplerinin olay yerindeki ilk m\u00fcdahalesinin ard\u0131ndan <strong>\u00c7erkezk\u00f6y Devlet Hastanesi&#8217;ne<\/strong> kald\u0131r\u0131ld\u0131.<\/p>\n\n\n\n<p class=\"wp-block-paragraph\"><strong>Kaza nedeniyle \u00c7erkezk\u00f6y-\u0130stanbul yolunda ula\u015f\u0131m bir s\u00fcre tek \u015feritten kontroll\u00fc olarak sa\u011fland\u0131.<\/strong><\/p>\n\n\n\n<h3 class=\"wp-block-heading\">Kaza sonras\u0131 ula\u015f\u0131m kontroll\u00fc sa\u011fland\u0131<\/h3>\n\n\n\n<p class=\"wp-block-paragraph\">Polis ekipleri b\u00f6lgede g\u00fcvenlik \u00f6nlemleri al\u0131rken, kazayla ilgili inceleme ba\u015flat\u0131ld\u0131.<\/p>\n","protected":false},"excerpt":{"rendered":"<p>Tekirda\u011f&#8217;\u0131n \u00c7erkezk\u00f6y il\u00e7esinde t\u0131r ile otomobilin \u00e7arp\u0131\u015fmas\u0131 sonucu meydana gelen trafik kazas\u0131nda 1 ki\u015fi yaraland\u0131.<\/p>\n","protected":false},"author":1,"featured_media":4918,"comment_status":"open","ping_status":"open","sticky":false,"template":"","format":"standard","meta":{"_rtcl_gb_attr":"","footnotes":""},"categories":[74],"tags":[],"class_list":["post-4917","post","type-post","status-publish","format-standard","has-post-thumbnail","hentry","category-yerel-haberler"],"_links":{"self":[{"href":"https:\/\/turkiyemhaber.com\/index.php?rest_route=\/wp\/v2\/posts\/4917","targetHints":{"allow":["GET"]}}],"collection":[{"href":"https:\/\/turkiyemhaber.com\/index.php?rest_route=\/wp\/v2\/posts"}],"about":[{"href":"https:\/\/turkiyemhaber.com\/index.php?rest_route=\/wp\/v2\/types\/post"}],"author":[{"embeddable":true,"href":"https:\/\/turkiyemhaber.com\/index.php?rest_route=\/wp\/v2\/users\/1"}],"replies":[{"embeddable":true,"href":"https:\/\/turkiyemhaber.com\/index.php?rest_route=%2Fwp%2Fv2%2Fcomments&post=4917"}],"version-history":[{"count":1,"href":"https:\/\/turkiyemhaber.com\/index.php?rest_route=\/wp\/v2\/posts\/4917\/revisions"}],"predecessor-version":[{"id":4919,"href":"https:\/\/turkiyemhaber.com\/index.php?rest_route=\/wp\/v2\/posts\/4917\/revisions\/4919"}],"wp:featuredmedia":[{"embeddable":true,"href":"https:\/\/turkiyemhaber.com\/index.php?rest_route=\/wp\/v2\/media\/4918"}],"wp:attachment":[{"href":"https:\/\/turkiyemhaber.com\/index.php?rest_route=%2Fwp%2Fv2%2Fmedia&parent=4917"}],"wp:term":[{"taxonomy":"category","embeddable":true,"href":"https:\/\/turkiyemhaber.com\/index.php?rest_route=%2Fwp%2Fv2%2Fcategories&post=4917"},{"taxonomy":"post_tag","embeddable":true,"href":"https:\/\/turkiyemhaber.com\/index.php?rest_route=%2Fwp%2Fv2%2Ftags&post=4917"}],"curies":[{"name":"wp","href":"https:\/\/api.w.org\/{rel}","templated":true}]}}