{"id":4914,"date":"2026-08-13T02:51:42","date_gmt":"2026-08-13T02:51:42","guid":{"rendered":"https:\/\/turkiyemhaber.com\/?p=4914"},"modified":"2026-08-13T02:51:55","modified_gmt":"2026-08-13T02:51:55","slug":"cerkezkoyde-trafik-kazasi-3-yarali","status":"publish","type":"post","link":"https:\/\/turkiyemhaber.com\/?p=4914","title":{"rendered":"\u00c7erkezk\u00f6y\u2019de Trafik Kazas\u0131: 3 Yaral\u0131"},"content":{"rendered":"\n<p class=\"wp-block-paragraph\"><strong>Tekirda\u011f\u2019\u0131n \u00c7erkezk\u00f6y il\u00e7esinde iki hafif ticari ara\u00e7 ile otomobilin \u00e7arp\u0131\u015ft\u0131\u011f\u0131 trafik kazas\u0131nda 3 ki\u015fi yaraland\u0131. Yaral\u0131lar, sa\u011fl\u0131k ekiplerinin ilk m\u00fcdahalesinin ard\u0131ndan hastaneye kald\u0131r\u0131ld\u0131.<\/strong><\/p>\n\n\n\n<p class=\"wp-block-paragraph\">Kaza, \u00c7erkezk\u00f6y\u2019de Cengiz Topel Caddesi\u2019nde meydana geldi. Edinilen bilgilere g\u00f6re, F.Y. y\u00f6netimindeki <strong>34 KCV 725<\/strong> plakal\u0131 hafif ticari ara\u00e7, K.D. idaresindeki <strong>59 TG 474<\/strong> plakal\u0131 hafif ticari ara\u00e7 ve H.A\u2019n\u0131n kulland\u0131\u011f\u0131 <strong>34 LP 7985<\/strong> plakal\u0131 otomobille \u00e7arp\u0131\u015ft\u0131.<\/p>\n\n\n\n<h3 class=\"wp-block-heading\">HAF\u0130F T\u0130CAR\u0130 ARA\u00c7 TAKLA ATTI<\/h3>\n\n\n\n<p class=\"wp-block-paragraph\">\u00c7arp\u0131\u015fman\u0131n \u015fiddetiyle 34 KCV 725 plakal\u0131 hafif ticari ara\u00e7 takla att\u0131. Kazada s\u00fcr\u00fcc\u00fcler F.Y. ve H.A. ile otomobilde yolcu olarak bulunan bir ki\u015fi yaraland\u0131.<\/p>\n\n\n\n<h3 class=\"wp-block-heading\">EK\u0130PLER SEVK ED\u0130LD\u0130<\/h3>\n\n\n\n<p class=\"wp-block-paragraph\">Kazan\u0131n bildirilmesi \u00fczerine olay yerine <strong>polis, sa\u011fl\u0131k ve itfaiye ekipleri<\/strong> sevk edildi. Sa\u011fl\u0131k ekiplerinin olay yerindeki ilk m\u00fcdahalesinin ard\u0131ndan 3 yaral\u0131 ambulanslarla <strong>\u00c7erkezk\u00f6y Devlet Hastanesi\u2019ne<\/strong> kald\u0131r\u0131ld\u0131.<\/p>\n\n\n\n<p class=\"wp-block-paragraph\">Kazayla ilgili inceleme ba\u015flat\u0131ld\u0131.<\/p>\n","protected":false},"excerpt":{"rendered":"<p>Tekirda\u011f\u2019\u0131n \u00c7erkezk\u00f6y il\u00e7esinde iki hafif ticari ara\u00e7 ile otomobilin \u00e7arp\u0131\u015ft\u0131\u011f\u0131 trafik kazas\u0131nda 3 ki\u015fi yaraland\u0131.<\/p>\n","protected":false},"author":1,"featured_media":4915,"comment_status":"open","ping_status":"open","sticky":false,"template":"","format":"standard","meta":{"_rtcl_gb_attr":"","footnotes":""},"categories":[74],"tags":[],"class_list":["post-4914","post","type-post","status-publish","format-standard","has-post-thumbnail","hentry","category-yerel-haberler"],"_links":{"self":[{"href":"https:\/\/turkiyemhaber.com\/index.php?rest_route=\/wp\/v2\/posts\/4914","targetHints":{"allow":["GET"]}}],"collection":[{"href":"https:\/\/turkiyemhaber.com\/index.php?rest_route=\/wp\/v2\/posts"}],"about":[{"href":"https:\/\/turkiyemhaber.com\/index.php?rest_route=\/wp\/v2\/types\/post"}],"author":[{"embeddable":true,"href":"https:\/\/turkiyemhaber.com\/index.php?rest_route=\/wp\/v2\/users\/1"}],"replies":[{"embeddable":true,"href":"https:\/\/turkiyemhaber.com\/index.php?rest_route=%2Fwp%2Fv2%2Fcomments&post=4914"}],"version-history":[{"count":1,"href":"https:\/\/turkiyemhaber.com\/index.php?rest_route=\/wp\/v2\/posts\/4914\/revisions"}],"predecessor-version":[{"id":4916,"href":"https:\/\/turkiyemhaber.com\/index.php?rest_route=\/wp\/v2\/posts\/4914\/revisions\/4916"}],"wp:featuredmedia":[{"embeddable":true,"href":"https:\/\/turkiyemhaber.com\/index.php?rest_route=\/wp\/v2\/media\/4915"}],"wp:attachment":[{"href":"https:\/\/turkiyemhaber.com\/index.php?rest_route=%2Fwp%2Fv2%2Fmedia&parent=4914"}],"wp:term":[{"taxonomy":"category","embeddable":true,"href":"https:\/\/turkiyemhaber.com\/index.php?rest_route=%2Fwp%2Fv2%2Fcategories&post=4914"},{"taxonomy":"post_tag","embeddable":true,"href":"https:\/\/turkiyemhaber.com\/index.php?rest_route=%2Fwp%2Fv2%2Ftags&post=4914"}],"curies":[{"name":"wp","href":"https:\/\/api.w.org\/{rel}","templated":true}]}}