{"id":4905,"date":"2026-08-13T02:28:25","date_gmt":"2026-08-13T02:28:25","guid":{"rendered":"https:\/\/turkiyemhaber.com\/?p=4905"},"modified":"2026-08-13T02:28:31","modified_gmt":"2026-08-13T02:28:31","slug":"denize-giris-yasaklandi-saray-ve-vizede-plajlar-kapatildi","status":"publish","type":"post","link":"https:\/\/turkiyemhaber.com\/?p=4905","title":{"rendered":"Denize Giri\u015f Yasakland\u0131: Saray ve Vize\u2019de Plajlar Kapat\u0131ld\u0131"},"content":{"rendered":"\n<p class=\"wp-block-paragraph\"><strong>Tekirda\u011f\u2019\u0131n Saray ve K\u0131rklareli\u2019nin Vize il\u00e7elerinde olumsuz hava ve deniz \u015fartlar\u0131 nedeniyle 13 A\u011fustos 2026 tarihinde denize girmek yasakland\u0131.<\/strong><\/p>\n\n\n\n<p class=\"wp-block-paragraph\">Karadeniz k\u0131y\u0131s\u0131nda bulunan iki il\u00e7ede al\u0131nan karar, vatanda\u015flar\u0131n g\u00fcvenli\u011fini sa\u011flamak ve olas\u0131 bo\u011fulma vakalar\u0131n\u0131n \u00f6n\u00fcne ge\u00e7mek amac\u0131yla uygulanacak.<\/p>\n\n\n\n<h2 class=\"wp-block-heading\">Saray\u2019da 1 G\u00fcn Denize Giri\u015f Yasak<\/h2>\n\n\n\n<p class=\"wp-block-paragraph\">Tekirda\u011f Valili\u011fi taraf\u0131ndan yap\u0131lan a\u00e7\u0131klamada, <strong>Saray il\u00e7esi genelinde 13 A\u011fustos tarihinde 1 g\u00fcn s\u00fcreyle denize giri\u015flerin yasakland\u0131\u011f\u0131<\/strong> bildirildi.<\/p>\n\n\n\n<p class=\"wp-block-paragraph\">Valilik, yasa\u011f\u0131n gerek\u00e7esini olumsuz hava ve deniz \u015fartlar\u0131 olarak a\u00e7\u0131klad\u0131.<\/p>\n\n\n\n<h2 class=\"wp-block-heading\">Vize\u2019de T\u00fcm Plajlar Kapsamda<\/h2>\n\n\n\n<p class=\"wp-block-paragraph\">K\u0131rklareli\u2019nin Vize il\u00e7esinde de benzer bir karar al\u0131nd\u0131. Vize Kaymakaml\u0131\u011f\u0131 taraf\u0131ndan yap\u0131lan a\u00e7\u0131klamaya g\u00f6re, <strong>13 A\u011fustos 2026 tarihinde il\u00e7edeki t\u00fcm plajlarda denize girmek 1 g\u00fcn s\u00fcreyle yasakland\u0131.<\/strong><\/p>\n\n\n\n<p class=\"wp-block-paragraph\">Yetkililer, olumsuz hava ve deniz ko\u015fullar\u0131 nedeniyle vatanda\u015flar\u0131n yasa\u011fa uymas\u0131n\u0131 istedi.<\/p>\n\n\n\n<h3 class=\"wp-block-heading\">Vatanda\u015flara Uyar\u0131<\/h3>\n\n\n\n<p class=\"wp-block-paragraph\">Her iki il\u00e7ede de denize giri\u015f yasa\u011f\u0131 <strong>13 A\u011fustos 2026 g\u00fcn\u00fc boyunca<\/strong> ge\u00e7erli olacak. Yetkililer, can g\u00fcvenli\u011fi a\u00e7\u0131s\u0131ndan vatanda\u015flar\u0131n kapat\u0131lan plajlarda denize girmemeleri konusunda uyar\u0131da bulundu.<\/p>\n\n\n\n<p class=\"wp-block-paragraph\"><strong>Yasaklanan b\u00f6lgeler:<\/strong><br>&#x1f4cd; <strong>Tekirda\u011f \u2013 Saray<\/strong><br>&#x1f4cd; <strong>K\u0131rklareli \u2013 Vize<\/strong><br>&#x1f4c5; <strong>13 A\u011fustos 2026 \u2013 1 g\u00fcn<\/strong><\/p>\n","protected":false},"excerpt":{"rendered":"<p>Tekirda\u011f\u2019\u0131n Saray ve K\u0131rklareli\u2019nin Vize il\u00e7elerinde olumsuz hava ve deniz \u015fartlar\u0131 nedeniyle 13 A\u011fustos 2026<\/p>\n","protected":false},"author":1,"featured_media":4906,"comment_status":"open","ping_status":"open","sticky":false,"template":"","format":"standard","meta":{"_rtcl_gb_attr":"","footnotes":""},"categories":[43],"tags":[],"class_list":["post-4905","post","type-post","status-publish","format-standard","has-post-thumbnail","hentry","category-son-dakika"],"_links":{"self":[{"href":"https:\/\/turkiyemhaber.com\/index.php?rest_route=\/wp\/v2\/posts\/4905","targetHints":{"allow":["GET"]}}],"collection":[{"href":"https:\/\/turkiyemhaber.com\/index.php?rest_route=\/wp\/v2\/posts"}],"about":[{"href":"https:\/\/turkiyemhaber.com\/index.php?rest_route=\/wp\/v2\/types\/post"}],"author":[{"embeddable":true,"href":"https:\/\/turkiyemhaber.com\/index.php?rest_route=\/wp\/v2\/users\/1"}],"replies":[{"embeddable":true,"href":"https:\/\/turkiyemhaber.com\/index.php?rest_route=%2Fwp%2Fv2%2Fcomments&post=4905"}],"version-history":[{"count":1,"href":"https:\/\/turkiyemhaber.com\/index.php?rest_route=\/wp\/v2\/posts\/4905\/revisions"}],"predecessor-version":[{"id":4907,"href":"https:\/\/turkiyemhaber.com\/index.php?rest_route=\/wp\/v2\/posts\/4905\/revisions\/4907"}],"wp:featuredmedia":[{"embeddable":true,"href":"https:\/\/turkiyemhaber.com\/index.php?rest_route=\/wp\/v2\/media\/4906"}],"wp:attachment":[{"href":"https:\/\/turkiyemhaber.com\/index.php?rest_route=%2Fwp%2Fv2%2Fmedia&parent=4905"}],"wp:term":[{"taxonomy":"category","embeddable":true,"href":"https:\/\/turkiyemhaber.com\/index.php?rest_route=%2Fwp%2Fv2%2Fcategories&post=4905"},{"taxonomy":"post_tag","embeddable":true,"href":"https:\/\/turkiyemhaber.com\/index.php?rest_route=%2Fwp%2Fv2%2Ftags&post=4905"}],"curies":[{"name":"wp","href":"https:\/\/api.w.org\/{rel}","templated":true}]}}