{"id":4899,"date":"2026-08-13T02:19:48","date_gmt":"2026-08-13T02:19:48","guid":{"rendered":"https:\/\/turkiyemhaber.com\/?p=4899"},"modified":"2026-08-13T02:19:52","modified_gmt":"2026-08-13T02:19:52","slug":"marmarada-firtina-alarmi-7-il-icin-sari-kodlu-uyari","status":"publish","type":"post","link":"https:\/\/turkiyemhaber.com\/?p=4899","title":{"rendered":"Marmara\u2019da F\u0131rt\u0131na Alarm\u0131: 7 \u0130l \u0130\u00e7in Sar\u0131 Kodlu Uyar\u0131"},"content":{"rendered":"\n<p class=\"wp-block-paragraph\">Meteoroloji Genel M\u00fcd\u00fcrl\u00fc\u011f\u00fc (MGM), Marmara B\u00f6lgesi\u2019nde yar\u0131n sabah saatlerinden itibaren etkisini art\u0131rmas\u0131 beklenen <strong>kuvvetli r\u00fczgar ve f\u0131rt\u0131na<\/strong> nedeniyle 7 il i\u00e7in sar\u0131 kodlu uyar\u0131da bulundu.<\/p>\n\n\n\n<h2 class=\"wp-block-heading\">R\u00fczgar\u0131n H\u0131z\u0131 80 Kilometreye Ula\u015fabilir<\/h2>\n\n\n\n<p class=\"wp-block-paragraph\">Meteoroloji\u2019nin de\u011ferlendirmesine g\u00f6re; <strong>\u0130stanbul, K\u0131rklareli, Edirne, Tekirda\u011f, Yalova, Kocaeli ve Sakarya<\/strong> \u00e7evrelerinde kuzey ve kuzeydo\u011fu y\u00f6nlerden, yani <strong>poyraz<\/strong> \u015feklinde kuvvetli r\u00fczgar bekleniyor.<\/p>\n\n\n\n<p class=\"wp-block-paragraph\">R\u00fczgar\u0131n h\u0131z\u0131n\u0131n <strong>saatte 50-70 kilometre<\/strong> aras\u0131nda olmas\u0131, baz\u0131 b\u00f6lgelerde ise <strong>80 kilometre\/saate kadar ula\u015fmas\u0131<\/strong> \u00f6ng\u00f6r\u00fcl\u00fcyor.<\/p>\n\n\n\n<h2 class=\"wp-block-heading\">Ula\u015f\u0131m ve \u00c7at\u0131 U\u00e7malar\u0131na Dikkat<\/h2>\n\n\n\n<p class=\"wp-block-paragraph\">Yetkililer, kuvvetli r\u00fczgar ve f\u0131rt\u0131nan\u0131n olu\u015fturabilece\u011fi olumsuzluklara kar\u015f\u0131 vatanda\u015flar\u0131n dikkatli olmas\u0131 gerekti\u011fini belirtti.<\/p>\n\n\n\n<p class=\"wp-block-paragraph\">\u00d6zellikle;<\/p>\n\n\n\n<ul class=\"wp-block-list\">\n<li>Ula\u015f\u0131mda aksamalar,<\/li>\n\n\n\n<li>\u00c7at\u0131 ve tabela u\u00e7malar\u0131,<\/li>\n\n\n\n<li>A\u011fa\u00e7 ve direk devrilmeleri,<\/li>\n\n\n\n<li>Kuvvetli r\u00fczgara ba\u011fl\u0131 di\u011fer olumsuzluklar<\/li>\n<\/ul>\n\n\n\n<p class=\"wp-block-paragraph\">konusunda tedbirli olunmas\u0131 istendi.<\/p>\n\n\n\n<h3 class=\"wp-block-heading\">Marmara\u2019da F\u0131rt\u0131na Alarm\u0131<\/h3>\n\n\n\n<p class=\"wp-block-paragraph\">Meteoroloji, f\u0131rt\u0131nan\u0131n \u00f6zellikle yar\u0131n sabah saatlerinden itibaren etkisini art\u0131rmas\u0131n\u0131n beklendi\u011fini bildirirken, vatanda\u015flar\u0131n g\u00fcncel hava durumu ve meteorolojik uyar\u0131lar\u0131 takip etmeleri \u00e7a\u011fr\u0131s\u0131nda bulundu.<\/p>\n\n\n\n<p class=\"wp-block-paragraph\"><strong>Uyar\u0131 kapsam\u0131ndaki iller:<\/strong> \u0130stanbul, K\u0131rklareli, Edirne, Tekirda\u011f, Yalova, Kocaeli ve Sakarya.<\/p>\n","protected":false},"excerpt":{"rendered":"<p>Meteoroloji Genel M\u00fcd\u00fcrl\u00fc\u011f\u00fc (MGM), Marmara B\u00f6lgesi\u2019nde yar\u0131n sabah saatlerinden itibaren etkisini art\u0131rmas\u0131 beklenen kuvvetli r\u00fczgar<\/p>\n","protected":false},"author":1,"featured_media":4900,"comment_status":"open","ping_status":"open","sticky":false,"template":"","format":"standard","meta":{"_rtcl_gb_attr":"","footnotes":""},"categories":[43],"tags":[],"class_list":["post-4899","post","type-post","status-publish","format-standard","has-post-thumbnail","hentry","category-son-dakika"],"_links":{"self":[{"href":"https:\/\/turkiyemhaber.com\/index.php?rest_route=\/wp\/v2\/posts\/4899","targetHints":{"allow":["GET"]}}],"collection":[{"href":"https:\/\/turkiyemhaber.com\/index.php?rest_route=\/wp\/v2\/posts"}],"about":[{"href":"https:\/\/turkiyemhaber.com\/index.php?rest_route=\/wp\/v2\/types\/post"}],"author":[{"embeddable":true,"href":"https:\/\/turkiyemhaber.com\/index.php?rest_route=\/wp\/v2\/users\/1"}],"replies":[{"embeddable":true,"href":"https:\/\/turkiyemhaber.com\/index.php?rest_route=%2Fwp%2Fv2%2Fcomments&post=4899"}],"version-history":[{"count":1,"href":"https:\/\/turkiyemhaber.com\/index.php?rest_route=\/wp\/v2\/posts\/4899\/revisions"}],"predecessor-version":[{"id":4901,"href":"https:\/\/turkiyemhaber.com\/index.php?rest_route=\/wp\/v2\/posts\/4899\/revisions\/4901"}],"wp:featuredmedia":[{"embeddable":true,"href":"https:\/\/turkiyemhaber.com\/index.php?rest_route=\/wp\/v2\/media\/4900"}],"wp:attachment":[{"href":"https:\/\/turkiyemhaber.com\/index.php?rest_route=%2Fwp%2Fv2%2Fmedia&parent=4899"}],"wp:term":[{"taxonomy":"category","embeddable":true,"href":"https:\/\/turkiyemhaber.com\/index.php?rest_route=%2Fwp%2Fv2%2Fcategories&post=4899"},{"taxonomy":"post_tag","embeddable":true,"href":"https:\/\/turkiyemhaber.com\/index.php?rest_route=%2Fwp%2Fv2%2Ftags&post=4899"}],"curies":[{"name":"wp","href":"https:\/\/api.w.org\/{rel}","templated":true}]}}