{"id":4896,"date":"2026-08-11T14:39:13","date_gmt":"2026-08-11T14:39:13","guid":{"rendered":"https:\/\/turkiyemhaber.com\/?p=4896"},"modified":"2026-08-11T14:39:18","modified_gmt":"2026-08-11T14:39:18","slug":"tekirdagda-ilk-kez-duzenlenen-kumfest-kortejle-basladi","status":"publish","type":"post","link":"https:\/\/turkiyemhaber.com\/?p=4896","title":{"rendered":"Tekirda\u011f&#8217;da \u0130lk Kez D\u00fczenlenen KUMFEST Kortejle Ba\u015flad\u0131"},"content":{"rendered":"\n<p class=\"wp-block-paragraph\"><strong>TEK\u0130RDA\u011e<\/strong> \u2013 S\u00fcleymanpa\u015fa Belediyesi taraf\u0131ndan ilk kez d\u00fczenlenen KUMFEST Uluslararas\u0131 Spor ve M\u00fczik Festivali, 12 \u00fclkeden sporcular\u0131n kat\u0131l\u0131m\u0131yla ger\u00e7ekle\u015ftirilen kortej y\u00fcr\u00fcy\u00fc\u015f\u00fcyle ba\u015flad\u0131.<\/p>\n\n\n\n<p class=\"wp-block-paragraph\">Kumba\u011f Liman\u0131&#8217;ndan ba\u015flayan kortejde sporcular ve vatanda\u015flar, m\u00fczik grubu e\u015fli\u011finde Kumba\u011f sahili boyunca y\u00fcr\u00fcyerek Atat\u00fcrk An\u0131t\u0131&#8217;na ula\u015ft\u0131. Burada sayg\u0131 duru\u015funda bulunulmas\u0131n\u0131n ard\u0131ndan \u0130stiklal Mar\u015f\u0131 okundu.<\/p>\n\n\n\n<p class=\"wp-block-paragraph\">S\u00fcleymanpa\u015fa Belediye Ba\u015fkan\u0131 Volkan Nallar ve sporcular taraf\u0131ndan Atat\u00fcrk An\u0131t\u0131&#8217;na \u00e7elenk sunuldu.<\/p>\n\n\n\n<h3 class=\"wp-block-heading\">NALLAR: TEK\u0130RDA\u011e&#8217;I D\u00dcNYAYA TANITACA\u011eIZ<\/h3>\n\n\n\n<p class=\"wp-block-paragraph\">T\u00f6rende konu\u015fan S\u00fcleymanpa\u015fa Belediye Ba\u015fkan\u0131 Volkan Nallar, KUMFEST&#8217;in Tekirda\u011f&#8217;\u0131n uluslararas\u0131 tan\u0131t\u0131m\u0131na katk\u0131 sa\u011flayaca\u011f\u0131n\u0131 belirtti.<\/p>\n\n\n\n<p class=\"wp-block-paragraph\">Nallar, \u201cKUMFEST Spor ve M\u00fczik Festivali de b\u00fcy\u00fck bir uluslararas\u0131 marka olacakt\u0131r. De\u011ferli sporcu karde\u015flerim, renklerimiz, dillerimiz, \u00fclkelerimiz farkl\u0131 olabilir ama sporun, m\u00fczi\u011fin ve e\u011flencenin ortak dili hepimizi bir araya getiriyor. Bu g\u00fczel atmosferin, d\u00fcnyada dostluk mesaj\u0131 vermesini diliyorum\u201d dedi.<\/p>\n\n\n\n<p class=\"wp-block-paragraph\">Konu\u015fmalar\u0131n ard\u0131ndan sporcular ve vatanda\u015flar m\u00fczik e\u015fli\u011finde e\u011flendi.<\/p>\n\n\n\n<h3 class=\"wp-block-heading\">KUMFEST SPOR VE M\u00dcZ\u0130KLE DEVAM EDECEK<\/h3>\n\n\n\n<p class=\"wp-block-paragraph\">KUMFEST kapsam\u0131nda Kumba\u011f G\u00fcndal Halk Plaj\u0131&#8217;nda plaj voleybolu ve plaj hentbolu m\u00fcsabakalar\u0131 d\u00fczenlenecek. Festival program\u0131nda ayr\u0131ca DJ performanslar\u0131 ve konserler de yer alacak.<\/p>\n\n\n\n<p class=\"wp-block-paragraph\">Uluslararas\u0131 kat\u0131l\u0131mla ger\u00e7ekle\u015ftirilen festivalin, spor ve m\u00fczik etkinlikleriyle devam edece\u011fi bildirildi.<\/p>\n\n\n\n<p class=\"wp-block-paragraph\">#Tekirda\u011f #S\u00fcleymanpa\u015fa #Kumba\u011f #KUMFEST #Spor #M\u00fczik #Festival #PlajVoleybolu #PlajHentbolu #Tekirda\u011fHaber #S\u00fcleymanpa\u015faBelediyesi<\/p>\n","protected":false},"excerpt":{"rendered":"<p>TEK\u0130RDA\u011e \u2013 S\u00fcleymanpa\u015fa Belediyesi taraf\u0131ndan ilk kez d\u00fczenlenen KUMFEST Uluslararas\u0131 Spor ve M\u00fczik Festivali, 12<\/p>\n","protected":false},"author":1,"featured_media":4897,"comment_status":"open","ping_status":"open","sticky":false,"template":"","format":"standard","meta":{"_rtcl_gb_attr":"","footnotes":""},"categories":[74],"tags":[],"class_list":["post-4896","post","type-post","status-publish","format-standard","has-post-thumbnail","hentry","category-yerel-haberler"],"_links":{"self":[{"href":"https:\/\/turkiyemhaber.com\/index.php?rest_route=\/wp\/v2\/posts\/4896","targetHints":{"allow":["GET"]}}],"collection":[{"href":"https:\/\/turkiyemhaber.com\/index.php?rest_route=\/wp\/v2\/posts"}],"about":[{"href":"https:\/\/turkiyemhaber.com\/index.php?rest_route=\/wp\/v2\/types\/post"}],"author":[{"embeddable":true,"href":"https:\/\/turkiyemhaber.com\/index.php?rest_route=\/wp\/v2\/users\/1"}],"replies":[{"embeddable":true,"href":"https:\/\/turkiyemhaber.com\/index.php?rest_route=%2Fwp%2Fv2%2Fcomments&post=4896"}],"version-history":[{"count":1,"href":"https:\/\/turkiyemhaber.com\/index.php?rest_route=\/wp\/v2\/posts\/4896\/revisions"}],"predecessor-version":[{"id":4898,"href":"https:\/\/turkiyemhaber.com\/index.php?rest_route=\/wp\/v2\/posts\/4896\/revisions\/4898"}],"wp:featuredmedia":[{"embeddable":true,"href":"https:\/\/turkiyemhaber.com\/index.php?rest_route=\/wp\/v2\/media\/4897"}],"wp:attachment":[{"href":"https:\/\/turkiyemhaber.com\/index.php?rest_route=%2Fwp%2Fv2%2Fmedia&parent=4896"}],"wp:term":[{"taxonomy":"category","embeddable":true,"href":"https:\/\/turkiyemhaber.com\/index.php?rest_route=%2Fwp%2Fv2%2Fcategories&post=4896"},{"taxonomy":"post_tag","embeddable":true,"href":"https:\/\/turkiyemhaber.com\/index.php?rest_route=%2Fwp%2Fv2%2Ftags&post=4896"}],"curies":[{"name":"wp","href":"https:\/\/api.w.org\/{rel}","templated":true}]}}