{"id":4892,"date":"2026-08-11T01:49:59","date_gmt":"2026-08-11T01:49:59","guid":{"rendered":"https:\/\/turkiyemhaber.com\/?p=4892"},"modified":"2026-08-11T01:50:04","modified_gmt":"2026-08-11T01:50:04","slug":"corluda-14-yasindaki-cocuk-scooter-kazasinda-agir-yaralandi","status":"publish","type":"post","link":"https:\/\/turkiyemhaber.com\/?p=4892","title":{"rendered":"\u00c7orlu\u2019da 14 Ya\u015f\u0131ndaki \u00c7ocuk Scooter Kazas\u0131nda A\u011f\u0131r Yaraland\u0131"},"content":{"rendered":"\n<p class=\"wp-block-paragraph\">Tekirda\u011f\u2019\u0131n \u00c7orlu il\u00e7esinde elektrikli scooter kullanan 14 ya\u015f\u0131ndaki \u00e7ocuk, mazgal kapa\u011f\u0131ndaki \u00e7ukura tak\u0131larak a\u011f\u0131r yaraland\u0131.<\/p>\n\n\n\n<p class=\"wp-block-paragraph\">Olay, gece saatlerinde \u015eeyhsinan Mahallesi Kumyol Caddesi \u00fczeri otogar mevkiinde meydana geldi. A.E.E. (14) y\u00f6netimindeki elektrikli scooter, mazgal kapa\u011f\u0131n\u0131n \u00fczerinden ge\u00e7ti\u011fi s\u0131rada olu\u015fan \u00e7ukura tak\u0131larak kontrolden \u00e7\u0131kt\u0131.<\/p>\n\n\n\n<p class=\"wp-block-paragraph\">Kazada ba\u015f\u0131na darbe alan \u00e7ocuk a\u011f\u0131r yaraland\u0131. \u0130hbar \u00fczerine olay yerine sa\u011fl\u0131k ekipleri sevk edildi.<\/p>\n\n\n\n<p class=\"wp-block-paragraph\">Sa\u011fl\u0131k ekiplerinin olay yerindeki ilk m\u00fcdahalesinin ard\u0131ndan yaral\u0131 \u00e7ocuk ambulansla hastaneye kald\u0131r\u0131larak tedavi alt\u0131na al\u0131nd\u0131.<\/p>\n\n\n\n<p class=\"wp-block-paragraph\">Kazan\u0131n ard\u0131ndan polis ekipleri taraf\u0131ndan inceleme ba\u015flat\u0131ld\u0131.<\/p>\n\n\n\n<p class=\"wp-block-paragraph\">#\u00c7orlu #Tekirda\u011f #\u00c7orluHaberleri #Tekirda\u011fHaberleri #Scooter #ElektrikliScooter #TrafikKazas\u0131 #Kaza #Asayi\u015f #SonDakika #G\u00fcndem<\/p>\n","protected":false},"excerpt":{"rendered":"<p>Tekirda\u011f\u2019\u0131n \u00c7orlu il\u00e7esinde elektrikli scooter kullanan 14 ya\u015f\u0131ndaki \u00e7ocuk, mazgal kapa\u011f\u0131ndaki \u00e7ukura tak\u0131larak a\u011f\u0131r yaraland\u0131.<\/p>\n","protected":false},"author":1,"featured_media":4893,"comment_status":"open","ping_status":"open","sticky":false,"template":"","format":"standard","meta":{"_rtcl_gb_attr":"","footnotes":""},"categories":[74],"tags":[],"class_list":["post-4892","post","type-post","status-publish","format-standard","has-post-thumbnail","hentry","category-yerel-haberler"],"_links":{"self":[{"href":"https:\/\/turkiyemhaber.com\/index.php?rest_route=\/wp\/v2\/posts\/4892","targetHints":{"allow":["GET"]}}],"collection":[{"href":"https:\/\/turkiyemhaber.com\/index.php?rest_route=\/wp\/v2\/posts"}],"about":[{"href":"https:\/\/turkiyemhaber.com\/index.php?rest_route=\/wp\/v2\/types\/post"}],"author":[{"embeddable":true,"href":"https:\/\/turkiyemhaber.com\/index.php?rest_route=\/wp\/v2\/users\/1"}],"replies":[{"embeddable":true,"href":"https:\/\/turkiyemhaber.com\/index.php?rest_route=%2Fwp%2Fv2%2Fcomments&post=4892"}],"version-history":[{"count":1,"href":"https:\/\/turkiyemhaber.com\/index.php?rest_route=\/wp\/v2\/posts\/4892\/revisions"}],"predecessor-version":[{"id":4894,"href":"https:\/\/turkiyemhaber.com\/index.php?rest_route=\/wp\/v2\/posts\/4892\/revisions\/4894"}],"wp:featuredmedia":[{"embeddable":true,"href":"https:\/\/turkiyemhaber.com\/index.php?rest_route=\/wp\/v2\/media\/4893"}],"wp:attachment":[{"href":"https:\/\/turkiyemhaber.com\/index.php?rest_route=%2Fwp%2Fv2%2Fmedia&parent=4892"}],"wp:term":[{"taxonomy":"category","embeddable":true,"href":"https:\/\/turkiyemhaber.com\/index.php?rest_route=%2Fwp%2Fv2%2Fcategories&post=4892"},{"taxonomy":"post_tag","embeddable":true,"href":"https:\/\/turkiyemhaber.com\/index.php?rest_route=%2Fwp%2Fv2%2Ftags&post=4892"}],"curies":[{"name":"wp","href":"https:\/\/api.w.org\/{rel}","templated":true}]}}