{"id":4885,"date":"2026-08-11T01:40:04","date_gmt":"2026-08-11T01:40:04","guid":{"rendered":"https:\/\/turkiyemhaber.com\/?p=4885"},"modified":"2026-08-11T01:40:11","modified_gmt":"2026-08-11T01:40:11","slug":"zara-larsson-istanbulda-ilk-konserini-verdi","status":"publish","type":"post","link":"https:\/\/turkiyemhaber.com\/?p=4885","title":{"rendered":"Zara Larsson \u0130stanbul\u2019da \u0130lk Konserini Verdi"},"content":{"rendered":"\n<p class=\"wp-block-paragraph\">\u0130sve\u00e7li pop y\u0131ld\u0131z\u0131 Zara Larsson, \u0130stanbul\u2019da ilk kez sahne ald\u0131. Bonus Parkorman\u2019da ger\u00e7ekle\u015fen konserde Larsson, sahneye Tarkan\u2019\u0131n \u201cDudu\u201d \u015fark\u0131s\u0131yla \u00e7\u0131karak geceye T\u00fcrkiye\u2019ye \u00f6zg\u00fc bir dokunu\u015f katt\u0131.<\/p>\n\n\n\n<p class=\"wp-block-paragraph\">Pozitif Vibrations konser serisi kapsam\u0131nda \u0130stanbul\u2019da hayranlar\u0131yla bulu\u015fan 28 ya\u015f\u0131ndaki sanat\u00e7\u0131, konser boyunca \u201cLush Life\u201d, \u201cNever Forget You\u201d, \u201cSymphony\u201d, \u201cAin\u2019t My Fault\u201d, \u201cRuin My Life\u201d ve \u201cCan\u2019t Tame Her\u201d gibi sevilen \u015fark\u0131lar\u0131n\u0131 seslendirdi.<\/p>\n\n\n\n<p class=\"wp-block-paragraph\">Konser \u00f6ncesinde \u0130stanbul\u2019un sokak kedilerine de g\u00f6nderme yapan Larsson, y\u00fcz\u00fcne kedi b\u0131y\u0131klar\u0131 makyaj\u0131 yap\u0131lan foto\u011fraf\u0131n\u0131 sosyal medya hesab\u0131ndan payla\u015farak \u201c\u0130stanbul i\u00e7in miyav! Kediler \u015fehri\u201d notunu d\u00fc\u015ft\u00fc.<\/p>\n\n\n\n<p class=\"wp-block-paragraph\">Larsson, konser s\u0131ras\u0131nda seyirciler aras\u0131ndan bir hayran\u0131n\u0131 sahneye davet ederek birlikte koreografiye e\u015flik etti. \u00d6nceki turnelerinde de \u201cLush Life\u201d performans\u0131 s\u0131ras\u0131nda hayranlar\u0131n\u0131 sahneye davet eden sanat\u00e7\u0131n\u0131n \u0130stanbul konserinde bu kez bir erkek hayran\u0131n\u0131 se\u00e7mesi dikkat \u00e7ekti.<\/p>\n\n\n\n<p class=\"wp-block-paragraph\">Konserin a\u00e7\u0131l\u0131\u015f performans\u0131n\u0131 ise T\u00fcrk-Amerikal\u0131 sanat\u00e7\u0131 INJI ger\u00e7ekle\u015ftirdi.<\/p>\n\n\n\n<p class=\"wp-block-paragraph\">2008 y\u0131l\u0131nda \u0130sve\u00e7\u2019teki \u201cTalang\u201d yetenek yar\u0131\u015fmas\u0131n\u0131 kazanarak tan\u0131nan Zara Larsson, 2015 y\u0131l\u0131nda yay\u0131mlanan \u201cLush Life\u201d \u015fark\u0131s\u0131yla uluslararas\u0131 ba\u015far\u0131 elde etti. Sanat\u00e7\u0131n\u0131n son alb\u00fcm\u00fc \u201cMidnight Sun\u201d ise 2025 y\u0131l\u0131nda yay\u0131mland\u0131.<\/p>\n\n\n\n<p class=\"wp-block-paragraph\">\u0130stanbul\u2019daki ilk konseriyle T\u00fcrk hayranlar\u0131yla bulu\u015fan Larsson\u2019\u0131n performans\u0131, gece boyunca sosyal medyada da yo\u011fun ilgi g\u00f6rd\u00fc.<\/p>\n\n\n\n<p class=\"wp-block-paragraph\">#ZaraLarsson #\u0130stanbul #ZaraLarsson\u0130stanbul #LushLife #Dudu #Tarkan #BonusParkorman #Konser #M\u00fczik #PopM\u00fczik #\u0130stanbulKonserleri #Magazin #M\u00fczikHaberleri #T\u00fcrkiye<\/p>\n","protected":false},"excerpt":{"rendered":"<p>\u0130sve\u00e7li pop y\u0131ld\u0131z\u0131 Zara Larsson, \u0130stanbul\u2019da ilk kez sahne ald\u0131. Bonus Parkorman\u2019da ger\u00e7ekle\u015fen konserde Larsson,<\/p>\n","protected":false},"author":1,"featured_media":4886,"comment_status":"open","ping_status":"open","sticky":false,"template":"","format":"standard","meta":{"_rtcl_gb_attr":"","footnotes":""},"categories":[41],"tags":[],"class_list":["post-4885","post","type-post","status-publish","format-standard","has-post-thumbnail","hentry","category-magazin"],"_links":{"self":[{"href":"https:\/\/turkiyemhaber.com\/index.php?rest_route=\/wp\/v2\/posts\/4885","targetHints":{"allow":["GET"]}}],"collection":[{"href":"https:\/\/turkiyemhaber.com\/index.php?rest_route=\/wp\/v2\/posts"}],"about":[{"href":"https:\/\/turkiyemhaber.com\/index.php?rest_route=\/wp\/v2\/types\/post"}],"author":[{"embeddable":true,"href":"https:\/\/turkiyemhaber.com\/index.php?rest_route=\/wp\/v2\/users\/1"}],"replies":[{"embeddable":true,"href":"https:\/\/turkiyemhaber.com\/index.php?rest_route=%2Fwp%2Fv2%2Fcomments&post=4885"}],"version-history":[{"count":1,"href":"https:\/\/turkiyemhaber.com\/index.php?rest_route=\/wp\/v2\/posts\/4885\/revisions"}],"predecessor-version":[{"id":4887,"href":"https:\/\/turkiyemhaber.com\/index.php?rest_route=\/wp\/v2\/posts\/4885\/revisions\/4887"}],"wp:featuredmedia":[{"embeddable":true,"href":"https:\/\/turkiyemhaber.com\/index.php?rest_route=\/wp\/v2\/media\/4886"}],"wp:attachment":[{"href":"https:\/\/turkiyemhaber.com\/index.php?rest_route=%2Fwp%2Fv2%2Fmedia&parent=4885"}],"wp:term":[{"taxonomy":"category","embeddable":true,"href":"https:\/\/turkiyemhaber.com\/index.php?rest_route=%2Fwp%2Fv2%2Fcategories&post=4885"},{"taxonomy":"post_tag","embeddable":true,"href":"https:\/\/turkiyemhaber.com\/index.php?rest_route=%2Fwp%2Fv2%2Ftags&post=4885"}],"curies":[{"name":"wp","href":"https:\/\/api.w.org\/{rel}","templated":true}]}}