{"id":4879,"date":"2026-08-11T01:33:27","date_gmt":"2026-08-11T01:33:27","guid":{"rendered":"https:\/\/turkiyemhaber.com\/?p=4879"},"modified":"2026-08-11T01:33:31","modified_gmt":"2026-08-11T01:33:31","slug":"dilovasinda-kotu-kokunun-kaynagi-belli-oldu-turkkan-yag-fabrikasina-yaklasik-1-milyon-lira-ceza","status":"publish","type":"post","link":"https:\/\/turkiyemhaber.com\/?p=4879","title":{"rendered":"Dilovas\u0131&#8217;nda K\u00f6t\u00fc Kokunun Kayna\u011f\u0131 Belli Oldu: T\u00fcrkkan Ya\u011f Fabrikas\u0131na Yakla\u015f\u0131k 1 Milyon Lira Ceza"},"content":{"rendered":"\n<p class=\"wp-block-paragraph\">Kocaeli\u2019nin Dilovas\u0131 il\u00e7esinde vatanda\u015flar\u0131n uzun s\u00fcredir tepki g\u00f6sterdi\u011fi k\u00f6t\u00fc kokunun kayna\u011f\u0131 tespit edildi. Yap\u0131lan incelemelerde kokunun, \u0130Y\u0130 Parti Kocaeli Milletvekili L\u00fctf\u00fc T\u00fcrkkan\u2019\u0131n sahibi oldu\u011fu T\u00fcrkkan Ya\u011f A.\u015e.\u2019den kaynakland\u0131\u011f\u0131 belirlendi. Fabrikaya yakla\u015f\u0131k 1 milyon lira idari ceza uyguland\u0131.<\/p>\n\n\n\n<h2 class=\"wp-block-heading\">K\u00d6T\u00dc KOKUNUN KAYNA\u011eI FABR\u0130KA \u00c7IKTI<\/h2>\n\n\n\n<p class=\"wp-block-paragraph\">Dilovas\u0131 Organize Sanayi B\u00f6lgesi\u2019nde faaliyet g\u00f6steren ya\u011f fabrikas\u0131nda yap\u0131lan incelemelerde, k\u00f6t\u00fc kokunun olu\u015fumuna neden olan \u00e7e\u015fitli fakt\u00f6rler tespit edildi.<\/p>\n\n\n\n<p class=\"wp-block-paragraph\">Fabrikan\u0131n d\u00f6rt silosundan birinde meydana gelen yanma nedeniyle \u00fcr\u00fcn\u00fcn sahaya al\u0131nd\u0131\u011f\u0131 ve i\u015f makineleriyle m\u00fcdahale edildi\u011fi, bu \u00e7al\u0131\u015fmalar s\u0131ras\u0131nda yo\u011fun koku olu\u015ftu\u011fu belirtildi.<\/p>\n\n\n\n<p class=\"wp-block-paragraph\">Ayr\u0131ca yurt d\u0131\u015f\u0131ndan y\u00fcksek miktarda ithal edilen soya fasulyesinin uzun s\u00fcre sahada beklemesi nedeniyle bozulma ve \u0131s\u0131nma meydana geldi\u011fi, bunun da koku olu\u015fumunu art\u0131rd\u0131\u011f\u0131 tespit edildi.<\/p>\n\n\n\n<h2 class=\"wp-block-heading\">YAKLA\u015eIK 1 M\u0130LYON L\u0130RA CEZA<\/h2>\n\n\n\n<p class=\"wp-block-paragraph\">K\u00f6t\u00fc kokunun kayna\u011f\u0131n\u0131n belirlenmesinin ard\u0131ndan ilgili fabrika hakk\u0131nda yakla\u015f\u0131k 1 milyon lira tutar\u0131nda idari yapt\u0131r\u0131m uyguland\u0131.<\/p>\n\n\n\n<p class=\"wp-block-paragraph\">\u0130ncelemelerin ard\u0131ndan kokuya neden olan kayna\u011f\u0131n sahadan tamamen uzakla\u015ft\u0131r\u0131ld\u0131\u011f\u0131 ve b\u00f6lgede ya\u015fanan sorunun kontrol alt\u0131na al\u0131nd\u0131\u011f\u0131 bildirildi.<\/p>\n\n\n\n<h2 class=\"wp-block-heading\">D\u0130LOVASI BELED\u0130YES\u0130NDEN A\u00c7IKLAMA<\/h2>\n\n\n\n<p class=\"wp-block-paragraph\">Dilovas\u0131 Belediyesi taraf\u0131ndan yap\u0131lan a\u00e7\u0131klamada, vatanda\u015flar\u0131n yo\u011fun \u015fekilde maruz kald\u0131\u011f\u0131 koku nedeniyle \u0130klim De\u011fi\u015fikli\u011fi ve S\u0131f\u0131r At\u0131k M\u00fcd\u00fcrl\u00fc\u011f\u00fc ekiplerince saha incelemeleri, tespit ve takip \u00e7al\u0131\u015fmalar\u0131n\u0131n ger\u00e7ekle\u015ftirildi\u011fi belirtildi.<\/p>\n\n\n\n<p class=\"wp-block-paragraph\">Belediye a\u00e7\u0131klamas\u0131nda, yap\u0131lan tespitlerin, tutanaklar\u0131n ve haz\u0131rlanan raporlar\u0131n ilgili yetkili kurumlara iletildi\u011fi ifade edildi.<\/p>\n\n\n\n<p class=\"wp-block-paragraph\">Kocaeli Valili\u011fi \u00c7evre, \u015eehircilik ve \u0130klim De\u011fi\u015fikli\u011fi \u0130l M\u00fcd\u00fcrl\u00fc\u011f\u00fc taraf\u0131ndan yap\u0131lan de\u011ferlendirmeler sonucunda ilgili mevzuat kapsam\u0131nda gerekli idari ve cezai i\u015flemlerin uyguland\u0131\u011f\u0131 kaydedildi.<\/p>\n\n\n\n<p class=\"wp-block-paragraph\">S\u00fcre\u00e7te Dilovas\u0131 Organize Sanayi B\u00f6lgesi M\u00fcd\u00fcrl\u00fc\u011f\u00fc ve Kocaeli B\u00fcy\u00fck\u015fehir Belediyesi \u00c7evre Koruma ve Kontrol Dairesi Ba\u015fkanl\u0131\u011f\u0131 ile de i\u015f birli\u011fi yap\u0131ld\u0131\u011f\u0131 belirtildi.<\/p>\n\n\n\n<p class=\"wp-block-paragraph\">Belediye, cezai i\u015flemin ard\u0131ndan koku kayna\u011f\u0131n\u0131n sahadan tamamen uzakla\u015ft\u0131r\u0131lmas\u0131yla birlikte sorunun kontrol alt\u0131na al\u0131nd\u0131\u011f\u0131n\u0131 a\u00e7\u0131klad\u0131.<\/p>\n\n\n\n<p class=\"wp-block-paragraph\">A\u00e7\u0131klamada ayr\u0131ca belediyenin do\u011frudan idari yapt\u0131r\u0131m uygulama yetkisinin bulunmad\u0131\u011f\u0131 durumlarda dahi ekiplerin sahada tespit ve takip \u00e7al\u0131\u015fmalar\u0131n\u0131 s\u00fcrd\u00fcrd\u00fc\u011f\u00fc, haz\u0131rlanan tutanak ve raporlar\u0131n ilgili yetkili kurumlara iletildi\u011fi vurguland\u0131.<\/p>\n\n\n\n<p class=\"wp-block-paragraph\">#Kocaeli #Dilovas\u0131 #L\u00fctf\u00fcT\u00fcrkkan #T\u00fcrkkanYa\u011f #\u0130Y\u0130Parti #\u00c7evre #Koku #Fabrika #Ceza #Dilovas\u0131Haberleri #KocaeliHaberleri #G\u00fcndem #SonDakika<\/p>\n","protected":false},"excerpt":{"rendered":"<p>Kocaeli\u2019nin Dilovas\u0131 il\u00e7esinde vatanda\u015flar\u0131n uzun s\u00fcredir tepki g\u00f6sterdi\u011fi k\u00f6t\u00fc kokunun kayna\u011f\u0131 tespit edildi. Yap\u0131lan incelemelerde<\/p>\n","protected":false},"author":1,"featured_media":4880,"comment_status":"open","ping_status":"open","sticky":false,"template":"","format":"standard","meta":{"_rtcl_gb_attr":"","footnotes":""},"categories":[1],"tags":[],"class_list":["post-4879","post","type-post","status-publish","format-standard","has-post-thumbnail","hentry","category-http-turkiyemhaber-com-wp-content-uploads-2026-03-saray-59-haber-13-mart-pdf"],"_links":{"self":[{"href":"https:\/\/turkiyemhaber.com\/index.php?rest_route=\/wp\/v2\/posts\/4879","targetHints":{"allow":["GET"]}}],"collection":[{"href":"https:\/\/turkiyemhaber.com\/index.php?rest_route=\/wp\/v2\/posts"}],"about":[{"href":"https:\/\/turkiyemhaber.com\/index.php?rest_route=\/wp\/v2\/types\/post"}],"author":[{"embeddable":true,"href":"https:\/\/turkiyemhaber.com\/index.php?rest_route=\/wp\/v2\/users\/1"}],"replies":[{"embeddable":true,"href":"https:\/\/turkiyemhaber.com\/index.php?rest_route=%2Fwp%2Fv2%2Fcomments&post=4879"}],"version-history":[{"count":1,"href":"https:\/\/turkiyemhaber.com\/index.php?rest_route=\/wp\/v2\/posts\/4879\/revisions"}],"predecessor-version":[{"id":4881,"href":"https:\/\/turkiyemhaber.com\/index.php?rest_route=\/wp\/v2\/posts\/4879\/revisions\/4881"}],"wp:featuredmedia":[{"embeddable":true,"href":"https:\/\/turkiyemhaber.com\/index.php?rest_route=\/wp\/v2\/media\/4880"}],"wp:attachment":[{"href":"https:\/\/turkiyemhaber.com\/index.php?rest_route=%2Fwp%2Fv2%2Fmedia&parent=4879"}],"wp:term":[{"taxonomy":"category","embeddable":true,"href":"https:\/\/turkiyemhaber.com\/index.php?rest_route=%2Fwp%2Fv2%2Fcategories&post=4879"},{"taxonomy":"post_tag","embeddable":true,"href":"https:\/\/turkiyemhaber.com\/index.php?rest_route=%2Fwp%2Fv2%2Ftags&post=4879"}],"curies":[{"name":"wp","href":"https:\/\/api.w.org\/{rel}","templated":true}]}}