{"id":4877,"date":"2026-08-11T01:30:27","date_gmt":"2026-08-11T01:30:27","guid":{"rendered":"https:\/\/turkiyemhaber.com\/?p=4877"},"modified":"2026-08-11T01:30:32","modified_gmt":"2026-08-11T01:30:32","slug":"terorsuz-turkiye-yasasi-tbmmden-gecti-iste-12-maddelik-duzenlemenin-tum-detaylari","status":"publish","type":"post","link":"https:\/\/turkiyemhaber.com\/?p=4877","title":{"rendered":"Ter\u00f6rs\u00fcz T\u00fcrkiye Yasas\u0131 TBMM&#8217;den Ge\u00e7ti: \u0130\u015fte 12 Maddelik D\u00fczenlemenin T\u00fcm Detaylar\u0131"},"content":{"rendered":"\n<p class=\"wp-block-paragraph\">\u201cTer\u00f6rs\u00fcz T\u00fcrkiye\u201d s\u00fcrecinin hukuki altyap\u0131s\u0131n\u0131 olu\u015fturmas\u0131 hedeflenen ve kamuoyunda \u201c\u00e7er\u00e7eve yasa\u201d olarak adland\u0131r\u0131lan <strong>Mill\u00ee Dayan\u0131\u015fma ve Toplumsal B\u00fct\u00fcnle\u015fmenin G\u00fc\u00e7lendirilmesine Dair Kanun Teklifi<\/strong>, TBMM Genel Kurulu\u2019nda kabul edilerek yasala\u015ft\u0131.<\/p>\n\n\n\n<p class=\"wp-block-paragraph\">12 maddelik teklif, Genel Kurul\u2019daki yakla\u015f\u0131k 12 saatlik g\u00f6r\u00fc\u015fmelerin ard\u0131ndan <strong>467 kabul, 87 ret ve 7 \u00e7ekimser oyla<\/strong> kabul edildi.<\/p>\n\n\n\n<h2 class=\"wp-block-heading\">PKK\/KCK&#8217;NIN S\u0130LAH BIRAKMASI VE FESH\u0130 \u015eARTI<\/h2>\n\n\n\n<p class=\"wp-block-paragraph\">Kanunun uygulanabilmesi i\u00e7in PKK\/KCK ter\u00f6r \u00f6rg\u00fct\u00fc ile ba\u011flant\u0131l\u0131 olu\u015fumlar\u0131n fiili varl\u0131\u011f\u0131na son verdi\u011finin ve kontrol\u00fcndeki silah ve m\u00fchimmat\u0131 teslim etti\u011finin g\u00fcvenlik kurumlar\u0131nca tespit edilmesi gerekiyor.<\/p>\n\n\n\n<p class=\"wp-block-paragraph\">Bu tespitin Milli G\u00fcvenlik Kurulu taraf\u0131ndan teyit edilmesi ve karar\u0131n Resmi Gazete\u2019de yay\u0131mlanmas\u0131 da d\u00fczenlemenin uygulanmas\u0131 i\u00e7in \u015fart olarak belirleniyor.<\/p>\n\n\n\n<p class=\"wp-block-paragraph\">Kanun; PKK\/KCK\u2019y\u0131 kurma veya y\u00f6netme, \u00f6rg\u00fcte \u00fcye olma veya bilerek ve isteyerek yard\u0131m etme, \u00f6rg\u00fct propagandas\u0131 yapma, \u00f6rg\u00fct\u00fcn faaliyeti kapsam\u0131nda i\u015flenen su\u00e7lar ile \u00f6rg\u00fct lehine i\u015flenen ter\u00f6r\u00fcn finansman\u0131 su\u00e7lar\u0131n\u0131 kaps\u0131yor.<\/p>\n\n\n\n<h2 class=\"wp-block-heading\">12 MADDEL\u0130K YASANIN DETAYLARI<\/h2>\n\n\n\n<p class=\"wp-block-paragraph\"><strong>MADDE 1 \u2013 Ama\u00e7 ve kapsam<\/strong><\/p>\n\n\n\n<p class=\"wp-block-paragraph\">Kanunun amac\u0131, \u00f6rg\u00fct\u00fcn fiili varl\u0131\u011f\u0131na son vermesi ve silahlar\u0131n\u0131 teslim etmesinin g\u00fcvenlik kurumlar\u0131nca tespit edilmesi ve bu tespitin MGK taraf\u0131ndan teyit edilmesinin ard\u0131ndan uygulanacak hukuki i\u015flemleri belirlemek olarak d\u00fczenleniyor.<\/p>\n\n\n\n<p class=\"wp-block-paragraph\"><strong>MADDE 2 \u2013 Tan\u0131mlar<\/strong><\/p>\n\n\n\n<p class=\"wp-block-paragraph\">Kanunda \u201c\u00f6rg\u00fct\u201d ifadesi PKK\/KCK ter\u00f6r \u00f6rg\u00fct\u00fc ve ba\u011fl\u0131 olu\u015fumlar\u0131n\u0131, \u201cKurul\u201d ifadesi ise kanunun 7\u2019nci maddesi kapsam\u0131nda olu\u015fturulacak kurulu ifade ediyor.<\/p>\n\n\n\n<p class=\"wp-block-paragraph\"><strong>MADDE 3 \u2013 Soru\u015fturma ve kovu\u015fturmalar\u0131n ertelenmesi<\/strong><\/p>\n\n\n\n<p class=\"wp-block-paragraph\">Kanun kapsam\u0131na giren ve \u00fcst s\u0131n\u0131r\u0131 15 y\u0131l veya daha az hapis cezas\u0131n\u0131 gerektiren su\u00e7lara ili\u015fkin soru\u015fturma ve kovu\u015fturmalar <strong>5 y\u0131l<\/strong>, 15 y\u0131ldan fazla hapis cezas\u0131 ile m\u00fcebbet veya a\u011f\u0131rla\u015ft\u0131r\u0131lm\u0131\u015f m\u00fcebbet hapis cezas\u0131n\u0131 gerektiren su\u00e7lara ili\u015fkin soru\u015fturma ve kovu\u015fturmalar ise <strong>10 y\u0131l<\/strong> ertelenebilecek.<\/p>\n\n\n\n<p class=\"wp-block-paragraph\">\u00d6rg\u00fct faaliyeti \u00e7er\u00e7evesinde i\u015flenen kasten \u00f6ld\u00fcrme su\u00e7lar\u0131 ile 1 Haziran 2005\u2019ten \u00f6nce i\u015flenen ve m\u00fcebbet veya a\u011f\u0131rla\u015ft\u0131r\u0131lm\u0131\u015f m\u00fcebbet hapis cezas\u0131n\u0131 gerektiren su\u00e7lar kapsam d\u0131\u015f\u0131nda tutuluyor.<\/p>\n\n\n\n<p class=\"wp-block-paragraph\">Erteleme s\u00fcresince dava zamana\u015f\u0131m\u0131 i\u015flemeyecek. Dosya ve deliller muhafaza edilecek.<\/p>\n\n\n\n<p class=\"wp-block-paragraph\"><strong>MADDE 4 \u2013 Tutukluluk ve adli kontrol tedbirleri<\/strong><\/p>\n\n\n\n<p class=\"wp-block-paragraph\">Erteleme kapsam\u0131na giren su\u00e7lar nedeniyle verilmi\u015f tutuklama ve adli kontrol kararlar\u0131 yeniden de\u011ferlendirilebilecek.<\/p>\n\n\n\n<p class=\"wp-block-paragraph\">\u015eartlar\u0131n olu\u015fmas\u0131 halinde yetkili hakim veya mahkeme taraf\u0131ndan bu tedbirlerin kald\u0131r\u0131lmas\u0131na karar verilebilecek.<\/p>\n\n\n\n<p class=\"wp-block-paragraph\">\u0130stinaf veya temyiz a\u015famas\u0131ndaki dosyalar hakk\u0131nda da bozma karar\u0131 verilebilecek.<\/p>\n\n\n\n<p class=\"wp-block-paragraph\"><strong>MADDE 5 \u2013 Yeniden ter\u00f6r su\u00e7u i\u015flenmesi<\/strong><\/p>\n\n\n\n<p class=\"wp-block-paragraph\">Erteleme s\u00fcresi i\u00e7erisinde yeniden ter\u00f6r su\u00e7u i\u015flenmesi halinde erteleme karar\u0131 kald\u0131r\u0131lacak ve soru\u015fturma veya kovu\u015fturmaya devam edilecek.<\/p>\n\n\n\n<p class=\"wp-block-paragraph\">Belirlenen s\u00fcre yeni bir ter\u00f6r su\u00e7u i\u015flenmeden tamamlan\u0131rsa kovu\u015fturmaya yer olmad\u0131\u011f\u0131na veya davan\u0131n d\u00fc\u015fmesine karar verilecek.<\/p>\n\n\n\n<p class=\"wp-block-paragraph\"><strong>MADDE 6 \u2013 Kesinle\u015fmi\u015f cezalar\u0131n infaz\u0131n\u0131n ertelenmesi<\/strong><\/p>\n\n\n\n<p class=\"wp-block-paragraph\">Kanun kapsam\u0131ndaki baz\u0131 su\u00e7lardan kesinle\u015fmi\u015f hapis cezas\u0131 bulunanlar\u0131n cezalar\u0131n\u0131n infaz\u0131 da ertelenebilecek.<\/p>\n\n\n\n<p class=\"wp-block-paragraph\">Toplam <strong>15 y\u0131l veya daha az hapis cezas\u0131<\/strong> bulunanlar\u0131n cezalar\u0131n\u0131n infaz\u0131 <strong>5 y\u0131l<\/strong>, 15 y\u0131ldan fazla hapis cezas\u0131 ile m\u00fcebbet veya a\u011f\u0131rla\u015ft\u0131r\u0131lm\u0131\u015f m\u00fcebbet hapis cezas\u0131 bulunanlar\u0131n infaz\u0131 ise <strong>10 y\u0131l<\/strong> s\u00fcreyle ertelenebilecek.<\/p>\n\n\n\n<p class=\"wp-block-paragraph\">Kasten \u00f6ld\u00fcrme su\u00e7undan mahkum olanlar ile 1 Haziran 2005\u2019ten \u00f6nce i\u015flenen baz\u0131 su\u00e7lar nedeniyle m\u00fcebbet veya a\u011f\u0131rla\u015ft\u0131r\u0131lm\u0131\u015f m\u00fcebbet hapis cezas\u0131na mahkum olanlar kapsam d\u0131\u015f\u0131nda tutuluyor.<\/p>\n\n\n\n<p class=\"wp-block-paragraph\">Erteleme d\u00f6neminde yeniden ter\u00f6r su\u00e7u i\u015flenmesi halinde erteleme kald\u0131r\u0131larak cezan\u0131n infaz\u0131na devam edilecek.<\/p>\n\n\n\n<p class=\"wp-block-paragraph\"><strong>MADDE 7 \u2013 S\u00fcreci takip edecek kurul<\/strong><\/p>\n\n\n\n<p class=\"wp-block-paragraph\">Kanun kapsam\u0131ndaki faaliyetlerin uygulanmas\u0131n\u0131 takip etmek \u00fczere Cumhurba\u015fkan\u0131 Yard\u0131mc\u0131s\u0131 ba\u015fkanl\u0131\u011f\u0131nda bir kurul olu\u015fturulacak.<\/p>\n\n\n\n<p class=\"wp-block-paragraph\">Kurulda Adalet, D\u0131\u015fi\u015fleri, \u0130\u00e7i\u015fleri ve Milli Savunma bakanlar\u0131 ile Cumhurba\u015fkanl\u0131\u011f\u0131 Genel Sekreteri, Milli \u0130stihbarat Te\u015fkilat\u0131 Ba\u015fkan\u0131 ve Milli G\u00fcvenlik Kurulu Genel Sekreteri yer alacak.<\/p>\n\n\n\n<p class=\"wp-block-paragraph\">Kurul gerekti\u011finde alt komisyonlar olu\u015fturabilecek ve ilgili kurumlar\u0131n temsilcilerini toplant\u0131lara davet edebilecek.<\/p>\n\n\n\n<p class=\"wp-block-paragraph\"><strong>MADDE 8 \u2013 Silah ve malzemeler kay\u0131t alt\u0131na al\u0131nacak<\/strong><\/p>\n\n\n\n<p class=\"wp-block-paragraph\">\u00d6rg\u00fct mensuplar\u0131n\u0131n teslim etti\u011fi veya beraberinde getirdi\u011fi silah, m\u00fchimmat, ara\u00e7, gere\u00e7, patlay\u0131c\u0131 madde ve di\u011fer malzemeler kay\u0131t alt\u0131na al\u0131nacak.<\/p>\n\n\n\n<p class=\"wp-block-paragraph\">Bu i\u015flemlerin usul ve esaslar\u0131 \u0130\u00e7i\u015fleri Bakanl\u0131\u011f\u0131 ve Milli Savunma Bakanl\u0131\u011f\u0131 taraf\u0131ndan belirlenecek.<\/p>\n\n\n\n<p class=\"wp-block-paragraph\"><strong>MADDE 9 \u2013 Ba\u015fvuru i\u00e7in 6 ay s\u00fcre<\/strong><\/p>\n\n\n\n<p class=\"wp-block-paragraph\">Kanun h\u00fck\u00fcmlerinden yararlanmak isteyen ki\u015filer, MGK karar\u0131n\u0131n Resmi Gazete\u2019de yay\u0131mlanmas\u0131n\u0131n ard\u0131ndan <strong>6 ay i\u00e7inde<\/strong> bulunduklar\u0131 yerdeki Cumhuriyet ba\u015fsavc\u0131l\u0131klar\u0131na veya Kurul taraf\u0131ndan g\u00f6revlendirilen kurumlara yaz\u0131l\u0131 olarak ba\u015fvurabilecek.<\/p>\n\n\n\n<p class=\"wp-block-paragraph\"><strong>MADDE 10 \u2013 G\u00f6revlilere hukuki g\u00fcvence<\/strong><\/p>\n\n\n\n<p class=\"wp-block-paragraph\">Kanun kapsam\u0131nda verilen g\u00f6revleri yerine getiren ki\u015filerin, bu g\u00f6revleri nedeniyle hukuki, idari veya cezai sorumlulu\u011funun do\u011fmayaca\u011f\u0131 d\u00fczenleniyor.<\/p>\n\n\n\n<p class=\"wp-block-paragraph\"><strong>MADDE 11 \u2013 Y\u00fcr\u00fcrl\u00fck<\/strong><\/p>\n\n\n\n<p class=\"wp-block-paragraph\">Kanunun yay\u0131m\u0131 tarihinde y\u00fcr\u00fcrl\u00fc\u011fe girmesi d\u00fczenleniyor.<\/p>\n\n\n\n<p class=\"wp-block-paragraph\"><strong>MADDE 12 \u2013 Y\u00fcr\u00fctme<\/strong><\/p>\n\n\n\n<p class=\"wp-block-paragraph\">Kanun h\u00fck\u00fcmlerinin Cumhurba\u015fkan\u0131 taraf\u0131ndan y\u00fcr\u00fct\u00fclmesi h\u00fckme ba\u011flan\u0131yor.<\/p>\n\n\n\n<h2 class=\"wp-block-heading\">PART\u0130LER\u0130N OYLAMADAK\u0130 TUTUMU<\/h2>\n\n\n\n<p class=\"wp-block-paragraph\">Oylama sonu\u00e7lar\u0131nda partiler aras\u0131ndaki farkl\u0131l\u0131klar da dikkat \u00e7ekti.<\/p>\n\n\n\n<p class=\"wp-block-paragraph\"><strong>AK Parti:<\/strong> 268 kabul, 9 kat\u0131lmama<\/p>\n\n\n\n<p class=\"wp-block-paragraph\"><strong>MHP:<\/strong> 44 kabul, 2 kat\u0131lmama<\/p>\n\n\n\n<p class=\"wp-block-paragraph\"><strong>DEM Parti:<\/strong> 55 kabul, 1 kat\u0131lmama<\/p>\n\n\n\n<p class=\"wp-block-paragraph\"><strong>Yeni Parti:<\/strong> 35 kabul, 54 ret, 2 kat\u0131lmama<\/p>\n\n\n\n<p class=\"wp-block-paragraph\"><strong>CHP:<\/strong> 29 kabul, 2 ret, 14 kat\u0131lmama<\/p>\n\n\n\n<p class=\"wp-block-paragraph\"><strong>\u0130Y\u0130 Parti:<\/strong> 29 ret<\/p>\n\n\n\n<p class=\"wp-block-paragraph\"><strong>Yeni Yol Partisi:<\/strong> 16 kabul, 3 \u00e7ekimser, 1 kat\u0131lmama<\/p>\n\n\n\n<p class=\"wp-block-paragraph\"><strong>H\u00dcDA PAR:<\/strong> 4 kabul<\/p>\n\n\n\n<p class=\"wp-block-paragraph\"><strong>Yeniden Refah Partisi:<\/strong> 4 \u00e7ekimser<\/p>\n\n\n\n<p class=\"wp-block-paragraph\"><strong>T\u0130P:<\/strong> 3 kabul<\/p>\n\n\n\n<p class=\"wp-block-paragraph\"><strong>Demokratik B\u00f6lgeler Partisi:<\/strong> 2 kabul<\/p>\n\n\n\n<p class=\"wp-block-paragraph\"><strong>Emek Partisi:<\/strong> 2 kabul<\/p>\n\n\n\n<p class=\"wp-block-paragraph\"><strong>Demokrat Parti:<\/strong> 1 ret<\/p>\n\n\n\n<p class=\"wp-block-paragraph\"><strong>DSP:<\/strong> 1 kabul<\/p>\n\n\n\n<p class=\"wp-block-paragraph\"><strong>Saadet Partisi:<\/strong> 1 kabul<\/p>\n\n\n\n<p class=\"wp-block-paragraph\">Ba\u011f\u0131ms\u0131z milletvekilleri aras\u0131nda ise <strong>7 kabul, 1 ret ve 2 kat\u0131lmama<\/strong> ger\u00e7ekle\u015fti. Ret oyu veren ba\u011f\u0131ms\u0131z milletvekilinin, \u0130Y\u0130 Parti\u2019den istifa eden Ankara Milletvekili <strong>Koray Ayd\u0131n<\/strong> oldu\u011fu belirtildi.<\/p>\n\n\n\n<h2 class=\"wp-block-heading\">EN B\u00dcY\u00dcK AYRI\u015eMA YEN\u0130 PART\u0130&#8217;DE<\/h2>\n\n\n\n<p class=\"wp-block-paragraph\">Oylaman\u0131n en dikkat \u00e7eken sonucu Yeni Parti grubunda ortaya \u00e7\u0131kt\u0131.<\/p>\n\n\n\n<p class=\"wp-block-paragraph\">Genel Ba\u015fkan \u00d6zg\u00fcr \u00d6zel\u2019in milletvekillerini serbest b\u0131rakt\u0131\u011f\u0131 oylamada 91 milletvekilinden <strong>35\u2019i kabul, 54\u2019\u00fc ret<\/strong> oyu kulland\u0131. 2 milletvekili ise oylamaya kat\u0131lmad\u0131.<\/p>\n\n\n\n<p class=\"wp-block-paragraph\">CHP\u2019de ise 29 kabul ve 2 ret oyu kullan\u0131l\u0131rken 14 milletvekili oylamaya kat\u0131lmad\u0131.<\/p>\n\n\n\n<p class=\"wp-block-paragraph\">\u0130Y\u0130 Parti ise daha \u00f6nce a\u00e7\u0131klad\u0131\u011f\u0131 tutum do\u011frultusunda <strong>29 milletvekiliyle tam kadro ret oyu<\/strong> verdi.<\/p>\n\n\n\n<h2 class=\"wp-block-heading\">YASA NASIL UYGULANACAK?<\/h2>\n\n\n\n<p class=\"wp-block-paragraph\">D\u00fczenlemenin uygulanmas\u0131 i\u00e7in temel \u015fart, PKK\/KCK&#8217;n\u0131n fiili varl\u0131\u011f\u0131na son vermesi ve kontrol\u00fcndeki silah ve m\u00fchimmat\u0131 teslim etmesi. Bunun g\u00fcvenlik kurumlar\u0131nca tespit edilmesi ve MGK taraf\u0131ndan teyit edilerek karar\u0131n Resmi Gazete\u2019de yay\u0131mlanmas\u0131 gerekiyor.<\/p>\n\n\n\n<p class=\"wp-block-paragraph\">Bu \u015fartlar\u0131n ger\u00e7ekle\u015fmesinin ard\u0131ndan kanunda belirtilen soru\u015fturma, kovu\u015fturma ve infaz s\u00fcre\u00e7lerine ili\u015fkin erteleme h\u00fck\u00fcmleri devreye girecek.<\/p>\n\n\n\n<p class=\"wp-block-paragraph\">#Ter\u00f6rs\u00fczT\u00fcrkiye #TBMM #Meclis #\u00c7er\u00e7eveYasa #MilliDayan\u0131\u015fma #ToplumsalB\u00fct\u00fcnle\u015fme #T\u00fcrkiye #Siyaset #G\u00fcndem #SonDakika<\/p>\n","protected":false},"excerpt":{"rendered":"<p>\u201cTer\u00f6rs\u00fcz T\u00fcrkiye\u201d s\u00fcrecinin hukuki altyap\u0131s\u0131n\u0131 olu\u015fturmas\u0131 hedeflenen ve kamuoyunda \u201c\u00e7er\u00e7eve yasa\u201d olarak adland\u0131r\u0131lan Mill\u00ee Dayan\u0131\u015fma<\/p>\n","protected":false},"author":1,"featured_media":4869,"comment_status":"open","ping_status":"open","sticky":false,"template":"","format":"standard","meta":{"_rtcl_gb_attr":"","footnotes":""},"categories":[1],"tags":[],"class_list":["post-4877","post","type-post","status-publish","format-standard","has-post-thumbnail","hentry","category-http-turkiyemhaber-com-wp-content-uploads-2026-03-saray-59-haber-13-mart-pdf"],"_links":{"self":[{"href":"https:\/\/turkiyemhaber.com\/index.php?rest_route=\/wp\/v2\/posts\/4877","targetHints":{"allow":["GET"]}}],"collection":[{"href":"https:\/\/turkiyemhaber.com\/index.php?rest_route=\/wp\/v2\/posts"}],"about":[{"href":"https:\/\/turkiyemhaber.com\/index.php?rest_route=\/wp\/v2\/types\/post"}],"author":[{"embeddable":true,"href":"https:\/\/turkiyemhaber.com\/index.php?rest_route=\/wp\/v2\/users\/1"}],"replies":[{"embeddable":true,"href":"https:\/\/turkiyemhaber.com\/index.php?rest_route=%2Fwp%2Fv2%2Fcomments&post=4877"}],"version-history":[{"count":1,"href":"https:\/\/turkiyemhaber.com\/index.php?rest_route=\/wp\/v2\/posts\/4877\/revisions"}],"predecessor-version":[{"id":4878,"href":"https:\/\/turkiyemhaber.com\/index.php?rest_route=\/wp\/v2\/posts\/4877\/revisions\/4878"}],"wp:featuredmedia":[{"embeddable":true,"href":"https:\/\/turkiyemhaber.com\/index.php?rest_route=\/wp\/v2\/media\/4869"}],"wp:attachment":[{"href":"https:\/\/turkiyemhaber.com\/index.php?rest_route=%2Fwp%2Fv2%2Fmedia&parent=4877"}],"wp:term":[{"taxonomy":"category","embeddable":true,"href":"https:\/\/turkiyemhaber.com\/index.php?rest_route=%2Fwp%2Fv2%2Fcategories&post=4877"},{"taxonomy":"post_tag","embeddable":true,"href":"https:\/\/turkiyemhaber.com\/index.php?rest_route=%2Fwp%2Fv2%2Ftags&post=4877"}],"curies":[{"name":"wp","href":"https:\/\/api.w.org\/{rel}","templated":true}]}}