{"id":4871,"date":"2026-08-11T01:18:46","date_gmt":"2026-08-11T01:18:46","guid":{"rendered":"https:\/\/turkiyemhaber.com\/?p=4871"},"modified":"2026-08-11T01:18:50","modified_gmt":"2026-08-11T01:18:50","slug":"bahceliden-cerceve-yasanin-kabulu-sonrasi-dem-parti-siralarina-ziyaret","status":"publish","type":"post","link":"https:\/\/turkiyemhaber.com\/?p=4871","title":{"rendered":"Bah\u00e7eli&#8217;den \u00c7er\u00e7eve Yasan\u0131n Kabul\u00fc Sonras\u0131 DEM Parti S\u0131ralar\u0131na Ziyaret"},"content":{"rendered":"\n<p class=\"wp-block-paragraph\">TBMM Genel Kurulu&#8217;nda &#8220;Ter\u00f6rs\u00fcz T\u00fcrkiye&#8221; s\u00fcrecinin hukuki altyap\u0131s\u0131n\u0131 olu\u015fturmas\u0131 hedeflenen &#8220;Mill\u00ee Dayan\u0131\u015fma ve Toplumsal B\u00fct\u00fcnle\u015fmenin G\u00fc\u00e7lendirilmesine Dair Kanun Teklifi&#8221; 467 oyla kabul edilerek yasala\u015ft\u0131. Oylamada 87 ret ve 7 \u00e7ekimser oy kullan\u0131ld\u0131.<\/p>\n\n\n\n<h2 class=\"wp-block-heading\">BAH\u00c7EL\u0130, DEM PART\u0130L\u0130 \u0130S\u0130MLERLE TOKALA\u015eTI<\/h2>\n\n\n\n<p class=\"wp-block-paragraph\">Yasan\u0131n kabul edilmesinin ard\u0131ndan Genel Kurul&#8217;da dikkat \u00e7eken g\u00f6r\u00fcnt\u00fcler ya\u015fand\u0131.<\/p>\n\n\n\n<p class=\"wp-block-paragraph\">MHP Genel Ba\u015fkan\u0131 Devlet Bah\u00e7eli, oylaman\u0131n ard\u0131ndan DEM Parti s\u0131ralar\u0131na giderek DEM Parti E\u015f Genel Ba\u015fkanlar\u0131 Tuncer Bak\u0131rhan ve T\u00fclay Hatimo\u011fullar\u0131 ile tokala\u015ft\u0131. Bah\u00e7eli ayr\u0131ca \u0130mral\u0131 heyeti \u00fcyesi ve TBMM Ba\u015fkanvekili Pervin Buldan ile de tokala\u015ft\u0131.<\/p>\n\n\n\n<p class=\"wp-block-paragraph\">Bah\u00e7eli&#8217;nin DEM Parti s\u0131ralar\u0131na giderek milletvekilleriyle selamla\u015fmas\u0131, Genel Kurul&#8217;daki dikkat \u00e7eken anlardan biri oldu.<\/p>\n\n\n\n<figure class=\"wp-block-image size-full\"><img loading=\"lazy\" decoding=\"async\" width=\"640\" height=\"425\" src=\"https:\/\/turkiyemhaber.com\/wp-content\/uploads\/2026\/08\/bahceli-cerceve-yasanin-kabul-20133986-7220_1_m.webp\" alt=\"\" class=\"wp-image-4873\" srcset=\"https:\/\/turkiyemhaber.com\/wp-content\/uploads\/2026\/08\/bahceli-cerceve-yasanin-kabul-20133986-7220_1_m.webp 640w, https:\/\/turkiyemhaber.com\/wp-content\/uploads\/2026\/08\/bahceli-cerceve-yasanin-kabul-20133986-7220_1_m-300x200.webp 300w, https:\/\/turkiyemhaber.com\/wp-content\/uploads\/2026\/08\/bahceli-cerceve-yasanin-kabul-20133986-7220_1_m-18x12.webp 18w\" sizes=\"auto, (max-width: 640px) 100vw, 640px\" \/><\/figure>\n\n\n\n<h2 class=\"wp-block-heading\">DEM PART\u0130 SIRALARINDA ZILGITLI KUTLAMA<\/h2>\n\n\n\n<p class=\"wp-block-paragraph\">Teklifin kabul edilmesinin ard\u0131ndan DEM Parti s\u0131ralar\u0131nda kutlama yap\u0131ld\u0131.<\/p>\n\n\n\n<p class=\"wp-block-paragraph\">Bah\u00e7eli&#8217;nin DEM Partili isimlerle tokala\u015ft\u0131\u011f\u0131 s\u0131rada, DEM Parti milletvekillerinin yasan\u0131n kabul\u00fcn\u00fc z\u0131lg\u0131tlarla kutlad\u0131\u011f\u0131 g\u00f6r\u00fcld\u00fc.<\/p>\n\n\n\n<h2 class=\"wp-block-heading\">BAH\u00c7EL\u0130&#8217;DEN \u0130LK A\u00c7IKLAMA<\/h2>\n\n\n\n<p class=\"wp-block-paragraph\">Oylaman\u0131n ard\u0131ndan Genel Kurul salonundan \u00e7\u0131kan Devlet Bah\u00e7eli&#8217;ye gazeteciler taraf\u0131ndan yasan\u0131n kabul\u00fcne ili\u015fkin de\u011ferlendirmesi soruldu.<\/p>\n\n\n\n<p class=\"wp-block-paragraph\">Bah\u00e7eli, k\u0131sa bir a\u00e7\u0131klama yaparak, &#8220;Hay\u0131rl\u0131, u\u011furlu olsun&#8221; dedi.<\/p>\n\n\n\n<p class=\"wp-block-paragraph\">#DevletBah\u00e7eli #MHP #DEMPArti #Ter\u00f6rs\u00fczT\u00fcrkiye #TBMM #Meclis #TuncerBak\u0131rhan #T\u00fclayHatimo\u011fullar\u0131 #PervinBuldan #Siyaset #T\u00fcrkiye #G\u00fcndem #Politika #SonDakika #MeclisG\u00fcndemi<\/p>\n","protected":false},"excerpt":{"rendered":"<p>TBMM Genel Kurulu&#8217;nda &#8220;Ter\u00f6rs\u00fcz T\u00fcrkiye&#8221; s\u00fcrecinin hukuki altyap\u0131s\u0131n\u0131 olu\u015fturmas\u0131 hedeflenen &#8220;Mill\u00ee Dayan\u0131\u015fma ve Toplumsal B\u00fct\u00fcnle\u015fmenin<\/p>\n","protected":false},"author":1,"featured_media":4872,"comment_status":"open","ping_status":"open","sticky":false,"template":"","format":"standard","meta":{"_rtcl_gb_attr":"","footnotes":""},"categories":[1],"tags":[],"class_list":["post-4871","post","type-post","status-publish","format-standard","has-post-thumbnail","hentry","category-http-turkiyemhaber-com-wp-content-uploads-2026-03-saray-59-haber-13-mart-pdf"],"_links":{"self":[{"href":"https:\/\/turkiyemhaber.com\/index.php?rest_route=\/wp\/v2\/posts\/4871","targetHints":{"allow":["GET"]}}],"collection":[{"href":"https:\/\/turkiyemhaber.com\/index.php?rest_route=\/wp\/v2\/posts"}],"about":[{"href":"https:\/\/turkiyemhaber.com\/index.php?rest_route=\/wp\/v2\/types\/post"}],"author":[{"embeddable":true,"href":"https:\/\/turkiyemhaber.com\/index.php?rest_route=\/wp\/v2\/users\/1"}],"replies":[{"embeddable":true,"href":"https:\/\/turkiyemhaber.com\/index.php?rest_route=%2Fwp%2Fv2%2Fcomments&post=4871"}],"version-history":[{"count":1,"href":"https:\/\/turkiyemhaber.com\/index.php?rest_route=\/wp\/v2\/posts\/4871\/revisions"}],"predecessor-version":[{"id":4874,"href":"https:\/\/turkiyemhaber.com\/index.php?rest_route=\/wp\/v2\/posts\/4871\/revisions\/4874"}],"wp:featuredmedia":[{"embeddable":true,"href":"https:\/\/turkiyemhaber.com\/index.php?rest_route=\/wp\/v2\/media\/4872"}],"wp:attachment":[{"href":"https:\/\/turkiyemhaber.com\/index.php?rest_route=%2Fwp%2Fv2%2Fmedia&parent=4871"}],"wp:term":[{"taxonomy":"category","embeddable":true,"href":"https:\/\/turkiyemhaber.com\/index.php?rest_route=%2Fwp%2Fv2%2Fcategories&post=4871"},{"taxonomy":"post_tag","embeddable":true,"href":"https:\/\/turkiyemhaber.com\/index.php?rest_route=%2Fwp%2Fv2%2Ftags&post=4871"}],"curies":[{"name":"wp","href":"https:\/\/api.w.org\/{rel}","templated":true}]}}