{"id":4862,"date":"2026-08-10T10:37:36","date_gmt":"2026-08-10T10:37:36","guid":{"rendered":"https:\/\/turkiyemhaber.com\/?p=4862"},"modified":"2026-08-10T10:37:41","modified_gmt":"2026-08-10T10:37:41","slug":"yeni-partinin-cerceve-yasa-karari-belli-oldu-milletvekilleri-serbest-oy-kullanacak","status":"publish","type":"post","link":"https:\/\/turkiyemhaber.com\/?p=4862","title":{"rendered":"Yeni Parti\u2019nin \u201c\u00c7er\u00e7eve Yasa\u201d Karar\u0131 Belli Oldu: Milletvekilleri Serbest Oy Kullanacak"},"content":{"rendered":"\n<p class=\"wp-block-paragraph\"><strong>ANKARA \u2013<\/strong> Ter\u00f6rs\u00fcz T\u00fcrkiye s\u00fcreci kapsam\u0131nda haz\u0131rlanan ve TBMM Adalet Komisyonu\u2019nda kabul edilerek Genel Kurul\u2019a g\u00f6nderilen <strong>\u201cMill\u00ee Dayan\u0131\u015fma ve Toplumsal B\u00fct\u00fcnle\u015fmenin G\u00fc\u00e7lendirilmesine Dair Kanun Teklifi\u201d<\/strong> i\u00e7in Yeni Parti\u2019nin nas\u0131l oy kullanaca\u011f\u0131 netle\u015fti.<\/p>\n\n\n\n<p class=\"wp-block-paragraph\">Yeni Parti\u2019nin kapal\u0131 grup toplant\u0131s\u0131nda yap\u0131lan de\u011ferlendirmede, parti grubu olarak <strong>tek bir oy tercihi belirlenmemesi<\/strong> kararla\u015ft\u0131r\u0131ld\u0131.<\/p>\n\n\n\n<h3 class=\"wp-block-heading\">91 M\u0130LLETVEK\u0130L\u0130 KEND\u0130 \u0130RADES\u0130YLE OY KULLANACAK<\/h3>\n\n\n\n<p class=\"wp-block-paragraph\">Genel Ba\u015fkan \u00d6zg\u00fcr \u00d6zel ba\u015fkanl\u0131\u011f\u0131nda ger\u00e7ekle\u015ftirilen kapal\u0131 grup toplant\u0131s\u0131nda teklifin eksikliklerine ili\u015fkin de\u011ferlendirmeler yap\u0131ld\u0131.<\/p>\n\n\n\n<p class=\"wp-block-paragraph\">Toplant\u0131n\u0131n ard\u0131ndan al\u0131nan karara g\u00f6re, <strong>91 Yeni Partili milletvekili oylamada kendi iradesiyle \u201cevet\u201d veya \u201chay\u0131r\u201d oyu kullanacak.<\/strong><\/p>\n\n\n\n<p class=\"wp-block-paragraph\">Parti y\u00f6netimi, teklif konusunda grup ad\u0131na ba\u011flay\u0131c\u0131 bir oy tercihi a\u00e7\u0131klamayacak.<\/p>\n\n\n\n<h3 class=\"wp-block-heading\">PART\u0130 OLARAK TUTUM A\u00c7IKLANMAYACAK<\/h3>\n\n\n\n<p class=\"wp-block-paragraph\">Yeni Parti\u2019nin karar\u0131nda, teklifin baz\u0131 eksikliklerine dikkat \u00e7ekilirken, milletvekillerinin <strong>grup karar\u0131 do\u011frultusunda hareket etmeyece\u011fi<\/strong> belirtildi.<\/p>\n\n\n\n<p class=\"wp-block-paragraph\">B\u00f6ylece Yeni Parti i\u00e7erisinde \u00c7er\u00e7eve Yasa teklifine ili\u015fkin farkl\u0131 g\u00f6r\u00fc\u015flerin Genel Kurul oylamas\u0131na da yans\u0131mas\u0131n\u0131n \u00f6n\u00fc a\u00e7\u0131lm\u0131\u015f oldu.<\/p>\n\n\n\n<h3 class=\"wp-block-heading\">\u00d6ZG\u00dcR \u00d6ZEL GENEL KURUL\u2019DA A\u00c7IKLAYACAK<\/h3>\n\n\n\n<p class=\"wp-block-paragraph\">Kapal\u0131 grup toplant\u0131s\u0131nda al\u0131nan karar\u0131n, Genel Ba\u015fkan <strong>\u00d6zg\u00fcr \u00d6zel taraf\u0131ndan TBMM Genel Kurulu\u2019nda kamuoyuna a\u00e7\u0131klanmas\u0131 bekleniyor.<\/strong><\/p>\n\n\n\n<p class=\"wp-block-paragraph\">Teklifin Genel Kurul g\u00f6r\u00fc\u015fmelerinin tamamlanmas\u0131n\u0131n ard\u0131ndan milletvekilleri taraf\u0131ndan oylanmas\u0131 bekleniyor.<\/p>\n","protected":false},"excerpt":{"rendered":"<p>ANKARA \u2013 Ter\u00f6rs\u00fcz T\u00fcrkiye s\u00fcreci kapsam\u0131nda haz\u0131rlanan ve TBMM Adalet Komisyonu\u2019nda kabul edilerek Genel Kurul\u2019a<\/p>\n","protected":false},"author":1,"featured_media":4863,"comment_status":"open","ping_status":"open","sticky":false,"template":"","format":"standard","meta":{"_rtcl_gb_attr":"","footnotes":""},"categories":[44],"tags":[],"class_list":["post-4862","post","type-post","status-publish","format-standard","has-post-thumbnail","hentry","category-politika"],"_links":{"self":[{"href":"https:\/\/turkiyemhaber.com\/index.php?rest_route=\/wp\/v2\/posts\/4862","targetHints":{"allow":["GET"]}}],"collection":[{"href":"https:\/\/turkiyemhaber.com\/index.php?rest_route=\/wp\/v2\/posts"}],"about":[{"href":"https:\/\/turkiyemhaber.com\/index.php?rest_route=\/wp\/v2\/types\/post"}],"author":[{"embeddable":true,"href":"https:\/\/turkiyemhaber.com\/index.php?rest_route=\/wp\/v2\/users\/1"}],"replies":[{"embeddable":true,"href":"https:\/\/turkiyemhaber.com\/index.php?rest_route=%2Fwp%2Fv2%2Fcomments&post=4862"}],"version-history":[{"count":1,"href":"https:\/\/turkiyemhaber.com\/index.php?rest_route=\/wp\/v2\/posts\/4862\/revisions"}],"predecessor-version":[{"id":4864,"href":"https:\/\/turkiyemhaber.com\/index.php?rest_route=\/wp\/v2\/posts\/4862\/revisions\/4864"}],"wp:featuredmedia":[{"embeddable":true,"href":"https:\/\/turkiyemhaber.com\/index.php?rest_route=\/wp\/v2\/media\/4863"}],"wp:attachment":[{"href":"https:\/\/turkiyemhaber.com\/index.php?rest_route=%2Fwp%2Fv2%2Fmedia&parent=4862"}],"wp:term":[{"taxonomy":"category","embeddable":true,"href":"https:\/\/turkiyemhaber.com\/index.php?rest_route=%2Fwp%2Fv2%2Fcategories&post=4862"},{"taxonomy":"post_tag","embeddable":true,"href":"https:\/\/turkiyemhaber.com\/index.php?rest_route=%2Fwp%2Fv2%2Ftags&post=4862"}],"curies":[{"name":"wp","href":"https:\/\/api.w.org\/{rel}","templated":true}]}}