{"id":4859,"date":"2026-08-10T10:21:06","date_gmt":"2026-08-10T10:21:06","guid":{"rendered":"https:\/\/turkiyemhaber.com\/?p=4859"},"modified":"2026-08-10T10:21:11","modified_gmt":"2026-08-10T10:21:11","slug":"aymden-nufus-kaydi-karari-duzenleme-anayasaya-uygun-bulundu","status":"publish","type":"post","link":"https:\/\/turkiyemhaber.com\/?p=4859","title":{"rendered":"AYM\u2019den \u201cN\u00fcfus Kayd\u0131\u201d Karar\u0131: D\u00fczenleme Anayasa\u2019ya Uygun Bulundu"},"content":{"rendered":"\n<p class=\"wp-block-paragraph\"><strong>ANKARA<\/strong> \u2013 Anayasa Mahkemesi (AYM), N\u00fcfus Hizmetleri Kanunu\u2019nda yer alan ve evlenen kad\u0131n\u0131n n\u00fcfus kayd\u0131n\u0131n kocas\u0131n\u0131n hanesine ta\u015f\u0131nmas\u0131n\u0131 \u00f6ng\u00f6ren d\u00fczenlemenin <strong>Anayasa\u2019ya ayk\u0131r\u0131 olmad\u0131\u011f\u0131na<\/strong> karar verdi.<\/p>\n\n\n\n<p class=\"wp-block-paragraph\">AYM, iptal istemini <strong>oy \u00e7oklu\u011fuyla reddederken<\/strong>, 5 \u00fcye karara kar\u015f\u0131 oy kulland\u0131. Kar\u015f\u0131 oy gerek\u00e7elerinde d\u00fczenlemenin kad\u0131n ve erkek aras\u0131nda cinsiyete dayal\u0131 farkl\u0131 muamele olu\u015fturdu\u011fu ve e\u015fler aras\u0131ndaki e\u015fitlik ilkesini zedeledi\u011fi savunuldu.<\/p>\n\n\n\n<h3 class=\"wp-block-heading\">YEREL MAHKEME AYM\u2019YE BA\u015eVURDU<\/h3>\n\n\n\n<p class=\"wp-block-paragraph\">\u0130stanbul 14. Asliye Hukuk Mahkemesi, N\u00fcfus Hizmetleri Kanunu\u2019nun 23. maddesinde yer alan, <strong>\u201cEvlenen kad\u0131n\u0131n kayd\u0131 kocas\u0131n\u0131n hanesine ta\u015f\u0131n\u0131r\u201d<\/strong> h\u00fckm\u00fcn\u00fcn Anayasa\u2019ya ayk\u0131r\u0131 oldu\u011fu gerek\u00e7esiyle AYM\u2019ye ba\u015fvurdu.<\/p>\n\n\n\n<p class=\"wp-block-paragraph\">\u0130tiraz konusu d\u00fczenlemede ayr\u0131ca, kocas\u0131 vefat eden kad\u0131n\u0131n yeniden evlenmedi\u011fi s\u00fcrece \u00f6len kocas\u0131n\u0131n aile k\u00fct\u00fc\u011f\u00fcnde kalmas\u0131, ancak isterse babas\u0131n\u0131n k\u00fct\u00fc\u011f\u00fcne d\u00f6nebilmesi \u00f6ng\u00f6r\u00fcl\u00fcyor.<\/p>\n\n\n\n<h3 class=\"wp-block-heading\">\u201cE\u015e\u0130TL\u0130K \u0130LKES\u0130NE AYKIRI\u201d \u0130T\u0130RAZI<\/h3>\n\n\n\n<p class=\"wp-block-paragraph\">Ba\u015fvuruda, kad\u0131n\u0131n evlenmesiyle n\u00fcfus kayd\u0131n\u0131n baba hanesinden erkek e\u015finin hanesine ta\u015f\u0131nd\u0131\u011f\u0131 ve kad\u0131n\u0131n kendi ad\u0131na ba\u011f\u0131ms\u0131z bir n\u00fcfus k\u00fct\u00fc\u011f\u00fcne sahip olmad\u0131\u011f\u0131 ileri s\u00fcr\u00fcld\u00fc.<\/p>\n\n\n\n<p class=\"wp-block-paragraph\">Bu uygulaman\u0131n kad\u0131n ve erkek aras\u0131nda <strong>cinsiyete dayal\u0131 ayr\u0131mc\u0131l\u0131k<\/strong> olu\u015fturdu\u011fu, e\u015fler aras\u0131ndaki e\u015fitlik ilkesini zedeledi\u011fi ve n\u00fcfus k\u00fct\u00fc\u011f\u00fcnde kocan\u0131n esas al\u0131nmas\u0131n\u0131n me\u015fru bir gerek\u00e7esinin bulunmad\u0131\u011f\u0131 savunuldu.<\/p>\n\n\n\n<h3 class=\"wp-block-heading\">AYM \u0130PTAL \u0130STEM\u0130N\u0130 REDDETT\u0130<\/h3>\n\n\n\n<p class=\"wp-block-paragraph\">AYM ise yapt\u0131\u011f\u0131 incelemede d\u00fczenlemenin Anayasa\u2019ya ayk\u0131r\u0131 olmad\u0131\u011f\u0131 sonucuna vard\u0131.<\/p>\n\n\n\n<p class=\"wp-block-paragraph\">Kararda, n\u00fcfus k\u00fct\u00fc\u011f\u00fcn\u00fcn idare taraf\u0131ndan tutulan <strong>teknik bir kay\u0131t sistemi<\/strong> oldu\u011fu belirtildi. Kad\u0131n\u0131n kayd\u0131n\u0131n kocas\u0131n\u0131n hanesine ta\u015f\u0131nmas\u0131n\u0131n, kad\u0131n\u0131n hukuki stat\u00fcs\u00fc veya somut bir menfaati \u00fczerinde do\u011frudan ve belirleyici bir etkisinin bulunmad\u0131\u011f\u0131 de\u011ferlendirmesi yap\u0131ld\u0131.<\/p>\n\n\n\n<p class=\"wp-block-paragraph\">Mahkeme, d\u00fczenlemenin <strong>hukuk devleti, kanun \u00f6n\u00fcnde e\u015fitlik, ki\u015finin maddi ve manevi varl\u0131\u011f\u0131n\u0131 koruma ve geli\u015ftirme hakk\u0131 ile ailenin korunmas\u0131na<\/strong> ili\u015fkin anayasal h\u00fck\u00fcmlere ayk\u0131r\u0131 olmad\u0131\u011f\u0131na karar verdi.<\/p>\n\n\n\n<h3 class=\"wp-block-heading\">5 \u00dcYE KARARA KAR\u015eI \u00c7IKTI<\/h3>\n\n\n\n<p class=\"wp-block-paragraph\">AYM\u2019nin 5 \u00fcyesi ise d\u00fczenlemenin Anayasa\u2019ya ayk\u0131r\u0131 oldu\u011fu g\u00f6r\u00fc\u015f\u00fcn\u00fc savunarak \u00e7o\u011funluk karar\u0131na kat\u0131lmad\u0131.<\/p>\n\n\n\n<p class=\"wp-block-paragraph\">Kar\u015f\u0131 oy gerek\u00e7elerinde, n\u00fcfus kay\u0131t sisteminin aile ba\u011flar\u0131n\u0131 g\u00f6stermesinin m\u00fcmk\u00fcn oldu\u011fu ancak bunun yap\u0131l\u0131rken kad\u0131n\u0131n erkek e\u015fin hanesine ba\u011fl\u0131 bir kay\u0131t unsuru haline getirilmesinin <strong>insan onuru ve e\u015fitlik ilkeleriyle ba\u011fda\u015fmad\u0131\u011f\u0131<\/strong> ifade edildi.<\/p>\n\n\n\n<p class=\"wp-block-paragraph\">Kar\u015f\u0131 oyda ayr\u0131ca, evlilik birli\u011fi i\u00e7erisinde hukuki a\u00e7\u0131dan ayn\u0131 konumda bulunan kad\u0131n ve erkek aras\u0131nda hakl\u0131 bir neden olmaks\u0131z\u0131n farkl\u0131 muamele yap\u0131ld\u0131\u011f\u0131, kad\u0131n\u0131n ba\u011f\u0131ms\u0131z bir birey olarak de\u011fil erkek e\u015fin hanesine ba\u011fl\u0131 \u015fekilde konumland\u0131r\u0131ld\u0131\u011f\u0131 ve bunun e\u015fler aras\u0131ndaki e\u015fitlik anlay\u0131\u015f\u0131n\u0131 zedeledi\u011fi belirtildi.<\/p>\n\n\n\n<h3 class=\"wp-block-heading\">ANAYASA\u2019NIN 10 VE 41. MADDELER\u0130NE VURGU<\/h3>\n\n\n\n<p class=\"wp-block-paragraph\">Kar\u015f\u0131 oy gerek\u00e7elerinin birinde ise d\u00fczenlemenin kad\u0131n aleyhine sonu\u00e7 do\u011furdu\u011fu ve Anayasa\u2019n\u0131n <strong>10. maddesindeki kanun \u00f6n\u00fcnde e\u015fitlik<\/strong> ile <strong>41. maddesindeki ailenin korunmas\u0131na<\/strong> ili\u015fkin h\u00fck\u00fcmlere ayk\u0131r\u0131 oldu\u011fu savunuldu.<\/p>\n\n\n\n<p class=\"wp-block-paragraph\"><strong>Sonu\u00e7 olarak AYM, d\u00fczenlemenin iptali istemini reddetti; ancak 5 \u00fcye, kad\u0131n-erkek e\u015fitli\u011fi ve e\u015fler aras\u0131ndaki anayasal e\u015fitlik bak\u0131m\u0131ndan d\u00fczenlemenin iptal edilmesi gerekti\u011fi y\u00f6n\u00fcnde kar\u015f\u0131 oy kulland\u0131.<\/strong><\/p>\n","protected":false},"excerpt":{"rendered":"<p>ANKARA \u2013 Anayasa Mahkemesi (AYM), N\u00fcfus Hizmetleri Kanunu\u2019nda yer alan ve evlenen kad\u0131n\u0131n n\u00fcfus kayd\u0131n\u0131n<\/p>\n","protected":false},"author":1,"featured_media":4860,"comment_status":"open","ping_status":"open","sticky":false,"template":"","format":"standard","meta":{"_rtcl_gb_attr":"","footnotes":""},"categories":[1],"tags":[],"class_list":["post-4859","post","type-post","status-publish","format-standard","has-post-thumbnail","hentry","category-http-turkiyemhaber-com-wp-content-uploads-2026-03-saray-59-haber-13-mart-pdf"],"_links":{"self":[{"href":"https:\/\/turkiyemhaber.com\/index.php?rest_route=\/wp\/v2\/posts\/4859","targetHints":{"allow":["GET"]}}],"collection":[{"href":"https:\/\/turkiyemhaber.com\/index.php?rest_route=\/wp\/v2\/posts"}],"about":[{"href":"https:\/\/turkiyemhaber.com\/index.php?rest_route=\/wp\/v2\/types\/post"}],"author":[{"embeddable":true,"href":"https:\/\/turkiyemhaber.com\/index.php?rest_route=\/wp\/v2\/users\/1"}],"replies":[{"embeddable":true,"href":"https:\/\/turkiyemhaber.com\/index.php?rest_route=%2Fwp%2Fv2%2Fcomments&post=4859"}],"version-history":[{"count":1,"href":"https:\/\/turkiyemhaber.com\/index.php?rest_route=\/wp\/v2\/posts\/4859\/revisions"}],"predecessor-version":[{"id":4861,"href":"https:\/\/turkiyemhaber.com\/index.php?rest_route=\/wp\/v2\/posts\/4859\/revisions\/4861"}],"wp:featuredmedia":[{"embeddable":true,"href":"https:\/\/turkiyemhaber.com\/index.php?rest_route=\/wp\/v2\/media\/4860"}],"wp:attachment":[{"href":"https:\/\/turkiyemhaber.com\/index.php?rest_route=%2Fwp%2Fv2%2Fmedia&parent=4859"}],"wp:term":[{"taxonomy":"category","embeddable":true,"href":"https:\/\/turkiyemhaber.com\/index.php?rest_route=%2Fwp%2Fv2%2Fcategories&post=4859"},{"taxonomy":"post_tag","embeddable":true,"href":"https:\/\/turkiyemhaber.com\/index.php?rest_route=%2Fwp%2Fv2%2Ftags&post=4859"}],"curies":[{"name":"wp","href":"https:\/\/api.w.org\/{rel}","templated":true}]}}