{"id":4854,"date":"2026-08-10T10:11:45","date_gmt":"2026-08-10T10:11:45","guid":{"rendered":"https:\/\/turkiyemhaber.com\/?p=4854"},"modified":"2026-08-10T10:11:52","modified_gmt":"2026-08-10T10:11:52","slug":"sehit-aileleri-ve-gazilere-yeni-haklar-maaslar-artacak","status":"publish","type":"post","link":"https:\/\/turkiyemhaber.com\/?p=4854","title":{"rendered":"\u015eehit Aileleri ve Gazilere Yeni Haklar! Maa\u015flar Artacak"},"content":{"rendered":"\n<p class=\"wp-block-paragraph\"><strong>ANKARA<\/strong> \u2013 \u015eehit aileleri, gaziler ve vazife malullerinin haklar\u0131nda \u00f6nemli iyile\u015ftirmeler \u00f6ng\u00f6ren kanun teklifi, TBMM Genel Kurulu\u2019nda <strong>382 milletvekilinin oy birli\u011fiyle<\/strong> kabul edilerek yasala\u015ft\u0131. D\u00fczenlemeyle gazi ve malul ayl\u0131klar\u0131nda art\u0131\u015f yap\u0131l\u0131rken, 15 Temmuz ve ter\u00f6rle m\u00fccadelede yaralanmas\u0131na ra\u011fmen mevcut mevzuat nedeniyle malul say\u0131lmayan baz\u0131 vatanda\u015flara da ayl\u0131k ba\u011flanmas\u0131n\u0131n \u00f6n\u00fc a\u00e7\u0131ld\u0131.<\/p>\n\n\n\n<h3 class=\"wp-block-heading\">\u015eEH\u0130T YAKINLARININ AYLIKLARINA ASGAR\u0130 \u00dcCRET G\u00dcVENCES\u0130<\/h3>\n\n\n\n<p class=\"wp-block-paragraph\">Yeni d\u00fczenlemeyle hayat\u0131n\u0131 kaybeden vazife malullerinin anne ve babalar\u0131na ba\u011flanacak toplam ayl\u0131k tutar\u0131n\u0131n <strong>net asgari \u00fccretin alt\u0131nda olmamas\u0131<\/strong> g\u00fcvence alt\u0131na al\u0131nd\u0131.<\/p>\n\n\n\n<p class=\"wp-block-paragraph\">B\u00f6ylece d\u00fc\u015f\u00fck seviyede kalan ayl\u0131klar\u0131n y\u00fckseltilmesi hedefleniyor.<\/p>\n\n\n\n<h3 class=\"wp-block-heading\">GAZ\u0130 VE MALUL AYLIKLARINDA ARTI\u015e<\/h3>\n\n\n\n<p class=\"wp-block-paragraph\">Bak\u0131ma muhta\u00e7 gazi ve malullere yap\u0131lan ek \u00f6deme de art\u0131r\u0131ld\u0131. Daha \u00f6nce net asgari \u00fccretin 2 kat\u0131 olarak uygulanan \u00f6deme, <strong>net asgari \u00fccretin 2,5 kat\u0131na<\/strong> \u00e7\u0131kar\u0131ld\u0131.<\/p>\n\n\n\n<p class=\"wp-block-paragraph\">D\u00fczenlemeyle ayr\u0131ca vazife malul\u00fc erba\u015f, er, g\u00fcvenlik korucusu, askeri \u00f6\u011frenci ve sivillerin ayl\u0131klar\u0131n\u0131n hesaplanmas\u0131nda esas al\u0131nan dereceler y\u00fckseltildi.<\/p>\n\n\n\n<h3 class=\"wp-block-heading\">MALUL SAYILMAYAN YARALILARA DA AYLIK<\/h3>\n\n\n\n<p class=\"wp-block-paragraph\">Yasan\u0131n dikkat \u00e7eken d\u00fczenlemelerinden biri, ter\u00f6rle m\u00fccadele s\u0131ras\u0131nda veya <strong>15 Temmuz 2016\u2019daki darbe giri\u015fiminde<\/strong> yaralanmas\u0131na ra\u011fmen mevcut mevzuattaki \u015fartlar nedeniyle malul say\u0131lmayan ki\u015fileri kaps\u0131yor.<\/p>\n\n\n\n<p class=\"wp-block-paragraph\">Gerekli \u015fartlar\u0131 ta\u015f\u0131yan kamu g\u00f6revlileri ve sivillere ayl\u0131k ba\u011flanmas\u0131n\u0131n \u00f6n\u00fc a\u00e7\u0131l\u0131rken, baz\u0131 ki\u015filere muharip gazilere tan\u0131nan <strong>\u00fccretsiz ula\u015f\u0131m ile elektrik ve su kullan\u0131m\u0131nda indirim gibi haklardan<\/strong> yararlanma imkan\u0131 da getirildi.<\/p>\n\n\n\n<h3 class=\"wp-block-heading\">15 TEMMUZ GAZ\u0130LER\u0130NE AYLIK<\/h3>\n\n\n\n<p class=\"wp-block-paragraph\">15 Temmuz gecesi yaralan\u0131p maluliyet derecesi alamayan ki\u015filere de d\u00fczenleme kapsam\u0131nda ayl\u0131k ba\u011flanacak.<\/p>\n\n\n\n<p class=\"wp-block-paragraph\">Yasan\u0131n y\u00fcr\u00fcrl\u00fc\u011fe girmesiyle bu kapsamda ba\u011flanacak ayl\u0131\u011f\u0131n <strong>28 bin 76 lira<\/strong> seviyesinde olmas\u0131 \u00f6ng\u00f6r\u00fcl\u00fcyor. Ayl\u0131klar ilerleyen d\u00f6nemde g\u00f6sterge ve memur ayl\u0131k katsay\u0131s\u0131ndaki de\u011fi\u015fikliklere g\u00f6re artabilecek.<\/p>\n\n\n\n<h3 class=\"wp-block-heading\">TER\u00d6RLE M\u00dcCADELEDE YARALANANLAR DA KAPSAMDA<\/h3>\n\n\n\n<p class=\"wp-block-paragraph\">Ter\u00f6rle m\u00fccadelede yaralanmas\u0131na ra\u011fmen maluliyet derecesi alamayan ve engellilik durumu derecelendirilemeyen yaral\u0131lar i\u00e7in de belirli \u015fartlarla ayl\u0131k ba\u011flanmas\u0131 d\u00fczenlendi.<\/p>\n\n\n\n<p class=\"wp-block-paragraph\">Kapsamda; T\u00fcrk Silahl\u0131 Kuvvetleri, Jandarma Genel Komutanl\u0131\u011f\u0131, Sahil G\u00fcvenlik Komutanl\u0131\u011f\u0131, Milli \u0130stihbarat Te\u015fkilat\u0131, Emniyet Hizmetleri S\u0131n\u0131f\u0131, askeri \u00f6\u011frenciler ve g\u00fcvenlik korucular\u0131 gibi gruplar bulunuyor.<\/p>\n\n\n\n<p class=\"wp-block-paragraph\">Ayr\u0131ca ter\u00f6r sald\u0131r\u0131lar\u0131nda ate\u015fli silah, \u015farapnel, patlay\u0131c\u0131 m\u00fchimmat, may\u0131n, havan, roket ve el bombas\u0131 gibi unsurlar nedeniyle meydana gelen belirli yaralanmalar da d\u00fczenleme kapsam\u0131nda de\u011ferlendirilecek.<\/p>\n\n\n\n<h3 class=\"wp-block-heading\">BA\u015eVURU \u0130\u00c7\u0130N B\u0130R YIL S\u00dcRE<\/h3>\n\n\n\n<p class=\"wp-block-paragraph\">Kanunun y\u00fcr\u00fcrl\u00fc\u011fe girdi\u011fi tarihten \u00f6nce meydana gelen olaylar bak\u0131m\u0131ndan d\u00fczenlemenin bir defaya mahsus uygulanaca\u011f\u0131 belirtildi.<\/p>\n\n\n\n<p class=\"wp-block-paragraph\">Bu kapsamda ba\u015fvurular\u0131n, <strong>kanunun y\u00fcr\u00fcrl\u00fck tarihinden itibaren bir y\u0131l i\u00e7erisinde<\/strong> olay tarihindeki ilgili kurumlara yap\u0131lmas\u0131 gerekiyor.<\/p>\n\n\n\n<p class=\"wp-block-paragraph\">Yaralanman\u0131n basit t\u0131bbi m\u00fcdahaleyle giderilemeyecek nitelikte olmas\u0131 ve mevcut sa\u011fl\u0131k durumu ile olay tarihindeki yaralanma aras\u0131nda illiyet ba\u011f\u0131 bulundu\u011funun sa\u011fl\u0131k kurulu raporuyla tespit edilmesi \u015fart\u0131 aranacak.<\/p>\n\n\n\n<h3 class=\"wp-block-heading\">EVDE BAKIM YARDIMI DA ARTIRILDI<\/h3>\n\n\n\n<p class=\"wp-block-paragraph\">Bak\u0131ma muhta\u00e7 gazilere \u00f6denen evde bak\u0131m yard\u0131m\u0131 da art\u0131r\u0131larak <strong>70 bin 187 liraya<\/strong> \u00e7\u0131kar\u0131ld\u0131.<\/p>\n\n\n\n<p class=\"wp-block-paragraph\">D\u00fczenlemeyle ayr\u0131ca vazife malul\u00fc er ve erba\u015flar\u0131n yeniden muayene hakk\u0131na ili\u015fkin ya\u015f s\u0131n\u0131r\u0131 <strong>55 ya\u015f<\/strong> olarak belirlendi.<\/p>\n\n\n\n<h3 class=\"wp-block-heading\">BAKAN G\u00d6KTA\u015e: \u201cYEN\u0130 B\u0130R D\u00d6NEM\u0130N KAPILARINI ARALIYORUZ\u201d<\/h3>\n\n\n\n<p class=\"wp-block-paragraph\">Aile ve Sosyal Hizmetler Bakan\u0131 Mahinur \u00d6zdemir G\u00f6kta\u015f, d\u00fczenlemeye ili\u015fkin yapt\u0131\u011f\u0131 a\u00e7\u0131klamada, \u015fehit aileleri ve gazilerin haklar\u0131n\u0131 g\u00fc\u00e7lendiren yeni bir d\u00f6nemin kap\u0131s\u0131n\u0131 aralad\u0131klar\u0131n\u0131 belirtti.<\/p>\n\n\n\n<p class=\"wp-block-paragraph\">G\u00f6kta\u015f, \u015fehitlerin anne ve babalar\u0131na \u00f6denen ayl\u0131klar\u0131n asgari \u00fccretin alt\u0131nda kalmayacak \u015fekilde iyile\u015ftirilece\u011fini, 15 Temmuz ve ter\u00f6rle m\u00fccadelede yaralanan baz\u0131 ki\u015filere ayl\u0131k ba\u011flanaca\u011f\u0131n\u0131 ve a\u011f\u0131r engelli gazilerin bak\u0131m \u00f6demelerinin art\u0131r\u0131laca\u011f\u0131n\u0131 ifade etti.<\/p>\n\n\n\n<p class=\"wp-block-paragraph\"><strong>D\u00fczenlemenin 1 Eyl\u00fcl 2026\u2019dan itibaren ge\u00e7erli olmak \u00fczere yay\u0131m\u0131 tarihinde y\u00fcr\u00fcrl\u00fc\u011fe girece\u011fi belirtildi.<\/strong><\/p>\n","protected":false},"excerpt":{"rendered":"<p>ANKARA \u2013 \u015eehit aileleri, gaziler ve vazife malullerinin haklar\u0131nda \u00f6nemli iyile\u015ftirmeler \u00f6ng\u00f6ren kanun teklifi, TBMM<\/p>\n","protected":false},"author":1,"featured_media":4840,"comment_status":"open","ping_status":"open","sticky":false,"template":"","format":"standard","meta":{"_rtcl_gb_attr":"","footnotes":""},"categories":[1],"tags":[],"class_list":["post-4854","post","type-post","status-publish","format-standard","has-post-thumbnail","hentry","category-http-turkiyemhaber-com-wp-content-uploads-2026-03-saray-59-haber-13-mart-pdf"],"_links":{"self":[{"href":"https:\/\/turkiyemhaber.com\/index.php?rest_route=\/wp\/v2\/posts\/4854","targetHints":{"allow":["GET"]}}],"collection":[{"href":"https:\/\/turkiyemhaber.com\/index.php?rest_route=\/wp\/v2\/posts"}],"about":[{"href":"https:\/\/turkiyemhaber.com\/index.php?rest_route=\/wp\/v2\/types\/post"}],"author":[{"embeddable":true,"href":"https:\/\/turkiyemhaber.com\/index.php?rest_route=\/wp\/v2\/users\/1"}],"replies":[{"embeddable":true,"href":"https:\/\/turkiyemhaber.com\/index.php?rest_route=%2Fwp%2Fv2%2Fcomments&post=4854"}],"version-history":[{"count":1,"href":"https:\/\/turkiyemhaber.com\/index.php?rest_route=\/wp\/v2\/posts\/4854\/revisions"}],"predecessor-version":[{"id":4855,"href":"https:\/\/turkiyemhaber.com\/index.php?rest_route=\/wp\/v2\/posts\/4854\/revisions\/4855"}],"wp:featuredmedia":[{"embeddable":true,"href":"https:\/\/turkiyemhaber.com\/index.php?rest_route=\/wp\/v2\/media\/4840"}],"wp:attachment":[{"href":"https:\/\/turkiyemhaber.com\/index.php?rest_route=%2Fwp%2Fv2%2Fmedia&parent=4854"}],"wp:term":[{"taxonomy":"category","embeddable":true,"href":"https:\/\/turkiyemhaber.com\/index.php?rest_route=%2Fwp%2Fv2%2Fcategories&post=4854"},{"taxonomy":"post_tag","embeddable":true,"href":"https:\/\/turkiyemhaber.com\/index.php?rest_route=%2Fwp%2Fv2%2Ftags&post=4854"}],"curies":[{"name":"wp","href":"https:\/\/api.w.org\/{rel}","templated":true}]}}