{"id":4839,"date":"2026-08-10T09:47:17","date_gmt":"2026-08-10T09:47:17","guid":{"rendered":"https:\/\/turkiyemhaber.com\/?p=4839"},"modified":"2026-08-10T09:47:26","modified_gmt":"2026-08-10T09:47:26","slug":"terorsuz-turkiye-yasasi-genel-kurulda-tarihi-oturum-basladi","status":"publish","type":"post","link":"https:\/\/turkiyemhaber.com\/?p=4839","title":{"rendered":"Ter\u00f6rs\u00fcz T\u00fcrkiye Yasas\u0131 Genel Kurul&#8217;da! Tarihi Oturum Ba\u015flad\u0131"},"content":{"rendered":"\n<p class=\"wp-block-paragraph\"><strong>ANKARA<\/strong> \u2013 Ter\u00f6rs\u00fcz T\u00fcrkiye s\u00fcreci kapsam\u0131nda haz\u0131rlanan ve TBMM Adalet Komisyonu&#8217;nda <strong>17,5 saat s\u00fcren g\u00f6r\u00fc\u015fmelerin ard\u0131ndan kabul edilen Milli Dayan\u0131\u015fma ve Toplumsal B\u00fct\u00fcnle\u015fmenin G\u00fc\u00e7lendirilmesine Dair Kanun Teklifi<\/strong>, TBMM Genel Kurulu&#8217;nda g\u00f6r\u00fc\u015f\u00fclmeye ba\u015fland\u0131.<\/p>\n\n\n\n\n\n<p class=\"wp-block-paragraph\">TBMM Genel Kurulu&#8217;ndaki birle\u015fimi <strong>TBMM Ba\u015fkanvekili Celal Adan<\/strong> a\u00e7t\u0131. Teklifin g\u00f6r\u00fc\u015fmelerini takip etmek \u00fczere MHP Genel Ba\u015fkan\u0131 Devlet Bah\u00e7eli, \u0130Y\u0130 Parti Genel Ba\u015fkan\u0131 M\u00fcsavat Dervi\u015fo\u011flu ve AK Parti S\u00f6zc\u00fcs\u00fc \u00d6mer \u00c7elik de Genel Kurul salonunda yer ald\u0131.<\/p>\n\n\n\n<figure class=\"wp-block-image size-full\"><img loading=\"lazy\" decoding=\"async\" width=\"640\" height=\"425\" src=\"https:\/\/turkiyemhaber.com\/wp-content\/uploads\/2026\/08\/terorsuz-turkiye-yasasi-genel-20131913-6673_1_m.webp\" alt=\"\" class=\"wp-image-4841\" srcset=\"https:\/\/turkiyemhaber.com\/wp-content\/uploads\/2026\/08\/terorsuz-turkiye-yasasi-genel-20131913-6673_1_m.webp 640w, https:\/\/turkiyemhaber.com\/wp-content\/uploads\/2026\/08\/terorsuz-turkiye-yasasi-genel-20131913-6673_1_m-300x200.webp 300w, https:\/\/turkiyemhaber.com\/wp-content\/uploads\/2026\/08\/terorsuz-turkiye-yasasi-genel-20131913-6673_1_m-18x12.webp 18w\" sizes=\"auto, (max-width: 640px) 100vw, 640px\" \/><\/figure>\n\n\n\n<h3 class=\"wp-block-heading\">BAH\u00c7EL\u0130 VE DERV\u0130\u015eO\u011eLU YAN YANA OTURDU<\/h3>\n\n\n\n<p class=\"wp-block-paragraph\">Genel Kurul&#8217;da AK Parti Grup Ba\u015fkanvekili Bahad\u0131r Yeni\u015fehirlio\u011flu, CHP Grup Ba\u015fkan\u0131 Faik \u00d6ztrak, AK Parti S\u00f6zc\u00fcs\u00fc \u00d6mer \u00c7elik ve baz\u0131 milletvekilleri MHP Genel Ba\u015fkan\u0131 Devlet Bah\u00e7eli ile tokala\u015ft\u0131.<\/p>\n\n\n\n<p class=\"wp-block-paragraph\">Bah\u00e7eli ile \u0130Y\u0130 Parti Genel Ba\u015fkan\u0131 M\u00fcsavat Dervi\u015fo\u011flu ise Genel Kurul salonunda yan yana oturmalar\u0131na ra\u011fmen tokala\u015fmad\u0131.<\/p>\n\n\n\n<figure class=\"wp-block-image size-full\"><img loading=\"lazy\" decoding=\"async\" width=\"640\" height=\"425\" src=\"https:\/\/turkiyemhaber.com\/wp-content\/uploads\/2026\/08\/terorsuz-turkiye-yasasi-genel-20131913-1295_1_m.webp\" alt=\"\" class=\"wp-image-4842\" srcset=\"https:\/\/turkiyemhaber.com\/wp-content\/uploads\/2026\/08\/terorsuz-turkiye-yasasi-genel-20131913-1295_1_m.webp 640w, https:\/\/turkiyemhaber.com\/wp-content\/uploads\/2026\/08\/terorsuz-turkiye-yasasi-genel-20131913-1295_1_m-300x200.webp 300w, https:\/\/turkiyemhaber.com\/wp-content\/uploads\/2026\/08\/terorsuz-turkiye-yasasi-genel-20131913-1295_1_m-18x12.webp 18w\" sizes=\"auto, (max-width: 640px) 100vw, 640px\" \/><\/figure>\n\n\n\n<h3 class=\"wp-block-heading\">\u0130Y\u0130 PART\u0130L\u0130 VEK\u0130LLER T\u00dcRK BAYRAKLARIYLA GELD\u0130<\/h3>\n\n\n\n<p class=\"wp-block-paragraph\">Teklife <strong>hay\u0131r oyu vereceklerini a\u00e7\u0131klayan \u0130Y\u0130 Parti Grubu<\/strong>, Genel Kurul salonuna T\u00fcrk bayra\u011f\u0131 motifli atk\u0131lar ve ellerinde T\u00fcrk bayraklar\u0131yla giri\u015f yapt\u0131.<\/p>\n\n\n\n<figure class=\"wp-block-image size-full\"><img loading=\"lazy\" decoding=\"async\" width=\"640\" height=\"425\" src=\"https:\/\/turkiyemhaber.com\/wp-content\/uploads\/2026\/08\/terorsuz-turkiye-yasasi-genel-20131913-1491_1_m.webp\" alt=\"\" class=\"wp-image-4843\" srcset=\"https:\/\/turkiyemhaber.com\/wp-content\/uploads\/2026\/08\/terorsuz-turkiye-yasasi-genel-20131913-1491_1_m.webp 640w, https:\/\/turkiyemhaber.com\/wp-content\/uploads\/2026\/08\/terorsuz-turkiye-yasasi-genel-20131913-1491_1_m-300x200.webp 300w, https:\/\/turkiyemhaber.com\/wp-content\/uploads\/2026\/08\/terorsuz-turkiye-yasasi-genel-20131913-1491_1_m-18x12.webp 18w\" sizes=\"auto, (max-width: 640px) 100vw, 640px\" \/><\/figure>\n\n\n\n<h3 class=\"wp-block-heading\">YEN\u0130 PART\u0130&#8217;N\u0130N KARARI BEKLEN\u0130YOR<\/h3>\n\n\n\n<p class=\"wp-block-paragraph\">Genel Kurul birle\u015fimi ba\u015flat\u0131ld\u0131\u011f\u0131 s\u0131rada kapal\u0131 grup toplant\u0131s\u0131 ger\u00e7ekle\u015ftiren YEN\u0130 Parti s\u0131ralar\u0131 salonda bo\u015f kald\u0131.<\/p>\n\n\n\n<p class=\"wp-block-paragraph\">YEN\u0130 Parti&#8217;nin kapal\u0131 grup toplant\u0131s\u0131nda alaca\u011f\u0131 karar\u0131n, Genel Ba\u015fkan \u00d6zg\u00fcr \u00d6zel taraf\u0131ndan Genel Kurul k\u00fcrs\u00fcs\u00fcnden a\u00e7\u0131klanmas\u0131 bekleniyor.<\/p>\n\n\n\n<figure class=\"wp-block-image size-full\"><img loading=\"lazy\" decoding=\"async\" width=\"640\" height=\"425\" src=\"https:\/\/turkiyemhaber.com\/wp-content\/uploads\/2026\/08\/terorsuz-turkiye-yasasi-genel-20131913-1030_1_m.webp\" alt=\"\" class=\"wp-image-4844\" srcset=\"https:\/\/turkiyemhaber.com\/wp-content\/uploads\/2026\/08\/terorsuz-turkiye-yasasi-genel-20131913-1030_1_m.webp 640w, https:\/\/turkiyemhaber.com\/wp-content\/uploads\/2026\/08\/terorsuz-turkiye-yasasi-genel-20131913-1030_1_m-300x200.webp 300w, https:\/\/turkiyemhaber.com\/wp-content\/uploads\/2026\/08\/terorsuz-turkiye-yasasi-genel-20131913-1030_1_m-18x12.webp 18w\" sizes=\"auto, (max-width: 640px) 100vw, 640px\" \/><\/figure>\n\n\n\n<h3 class=\"wp-block-heading\">G\u00d6R\u00dc\u015eMELER NE KADAR S\u00dcRECEK?<\/h3>\n\n\n\n<p class=\"wp-block-paragraph\">Kanun teklifinin g\u00f6r\u00fc\u015fmelerinin tamamlanamamas\u0131 halinde Genel Kurul \u00e7al\u0131\u015fmalar\u0131n\u0131n <strong>per\u015fembe g\u00fcn\u00fcne kadar<\/strong> s\u00fcrmesi \u00f6ng\u00f6r\u00fcl\u00fcyor. G\u00f6r\u00fc\u015fmelerin ard\u0131ndan Meclis&#8217;in <strong>1 Ekim&#8217;e kadar \u00e7al\u0131\u015fmalar\u0131na ara vermesi<\/strong> bekleniyor.<\/p>\n\n\n\n<h3 class=\"wp-block-heading\">TEKL\u0130F 367 M\u0130LLETVEK\u0130L\u0130N\u0130N \u0130MZASINI TA\u015eIYOR<\/h3>\n\n\n\n<p class=\"wp-block-paragraph\">AK Parti, MHP, DEM Parti, CHP, H\u00dcDA PAR ve baz\u0131 ba\u011f\u0131ms\u0131z milletvekilleri olmak \u00fczere <strong>367 milletvekilinin imzas\u0131n\u0131 ta\u015f\u0131yan teklif 12 maddeden olu\u015fuyor.<\/strong><\/p>\n\n\n\n\n\n<h3 class=\"wp-block-heading\">D\u00dcZENLEMEN\u0130N KAPSAMI<\/h3>\n\n\n\n<p class=\"wp-block-paragraph\">Teklifte yer alan d\u00fczenlemenin uygulanabilmesi i\u00e7in \u00f6ncelikle \u00f6rg\u00fct\u00fcn fiili varl\u0131\u011f\u0131na son verdi\u011finin ve kontrol\u00fcndeki silah ve m\u00fchimmat\u0131n teslim edildi\u011finin g\u00fcvenlik kurumlar\u0131nca tespit ve teyit edilmesi, ard\u0131ndan Milli G\u00fcvenlik Kurulu&#8217;nun \u00f6rg\u00fct\u00fcn feshine ili\u015fkin karar\u0131n\u0131n Resmi Gazete&#8217;de yay\u0131mlanmas\u0131 \u015fart\u0131 \u00f6ng\u00f6r\u00fcl\u00fcyor.<\/p>\n\n\n\n<p class=\"wp-block-paragraph\">Bu \u015fartlar\u0131n ger\u00e7ekle\u015fmesinin ard\u0131ndan d\u00fczenlemeden yararlanmak isteyenler i\u00e7in <strong>6 ayl\u0131k s\u00fcre<\/strong> tan\u0131nmas\u0131 \u00f6ng\u00f6r\u00fcl\u00fcyor.<\/p>\n\n\n\n<p class=\"wp-block-paragraph\">Teklif; PKK\/KCK ter\u00f6r \u00f6rg\u00fct\u00fcn\u00fc kurma veya y\u00f6netme, \u00f6rg\u00fcte \u00fcye olma, bilerek ve isteyerek yard\u0131m etme ve \u00f6rg\u00fct propagandas\u0131 yapma su\u00e7lar\u0131 ile \u00f6rg\u00fct faaliyetleri kapsam\u0131nda i\u015flenen baz\u0131 su\u00e7lar\u0131 ve Ter\u00f6rizmin Finansman\u0131n\u0131n \u00d6nlenmesi Hakk\u0131nda Kanun kapsam\u0131nda d\u00fczenlenen su\u00e7lar\u0131 kaps\u0131yor.<\/p>\n\n\n\n<h3 class=\"wp-block-heading\">CEZALARIN \u0130NFAZI ERTELENEB\u0130LECEK<\/h3>\n\n\n\n<p class=\"wp-block-paragraph\">D\u00fczenlemede, belirli \u015fartlar alt\u0131nda baz\u0131 h\u00fck\u00fcml\u00fclerin cezalar\u0131n\u0131n infaz\u0131n\u0131n ertelenmesine ili\u015fkin h\u00fck\u00fcmler bulunuyor.<\/p>\n\n\n\n<p class=\"wp-block-paragraph\">Buna g\u00f6re, \u00f6rg\u00fct faaliyetleri kapsam\u0131nda i\u015flenen <strong>kasten \u00f6ld\u00fcrme su\u00e7undan mahkum olanlar<\/strong> ile 1 Haziran 2005&#8217;ten \u00f6nce i\u015flenen su\u00e7lar nedeniyle m\u00fcebbet veya a\u011f\u0131rla\u015ft\u0131r\u0131lm\u0131\u015f m\u00fcebbet hapis cezas\u0131na mahkum olanlar kapsam d\u0131\u015f\u0131nda tutuluyor.<\/p>\n\n\n\n<p class=\"wp-block-paragraph\">Di\u011fer kapsama giren h\u00fck\u00fcml\u00fcler bak\u0131m\u0131ndan;<\/p>\n\n\n\n<ul class=\"wp-block-list\">\n<li><strong>15 y\u0131l veya daha az hapis cezas\u0131<\/strong> bulunanlar\u0131n cezalar\u0131n\u0131n infaz\u0131n\u0131n <strong>5 y\u0131l<\/strong>,<\/li>\n\n\n\n<li><strong>15 y\u0131ldan fazla hapis cezas\u0131<\/strong> bulunanlar ile m\u00fcebbet veya a\u011f\u0131rla\u015ft\u0131r\u0131lm\u0131\u015f m\u00fcebbet hapis cezas\u0131 alanlar\u0131n cezalar\u0131n\u0131n infaz\u0131n\u0131n <strong>10 y\u0131l<\/strong><\/li>\n<\/ul>\n\n\n\n<p class=\"wp-block-paragraph\">s\u00fcreyle, infaz hakiminin karar\u0131yla ertelenmesi \u00f6ng\u00f6r\u00fcl\u00fcyor.<\/p>\n\n\n\n<h3 class=\"wp-block-heading\">\u00d6RG\u00dcT MENSUPLARININ GET\u0130RD\u0130\u011e\u0130 MALZEMELER KAYIT ALTINA ALINACAK<\/h3>\n\n\n\n<p class=\"wp-block-paragraph\">Teklif kapsam\u0131nda y\u00fcr\u00fct\u00fclecek uygulaman\u0131n takibi ve de\u011ferlendirilmesi amac\u0131yla Cumhurba\u015fkan\u0131 Yard\u0131mc\u0131s\u0131 ba\u015fkanl\u0131\u011f\u0131nda bir kurul olu\u015fturulmas\u0131 \u00f6ng\u00f6r\u00fcl\u00fcyor.<\/p>\n\n\n\n<p class=\"wp-block-paragraph\">Kurulda Adalet, D\u0131\u015fi\u015fleri, \u0130\u00e7i\u015fleri ve Milli Savunma bakanlar\u0131 ile Cumhurba\u015fkanl\u0131\u011f\u0131 Genel Sekreteri, Milli \u0130stihbarat Te\u015fkilat\u0131 Ba\u015fkan\u0131 ve Milli G\u00fcvenlik Kurulu Genel Sekreteri yer alacak.<\/p>\n\n\n\n<p class=\"wp-block-paragraph\">\u00d6rg\u00fct mensuplar\u0131n\u0131n beraberlerinde getirdikleri veya beyan ettikleri <strong>silah, m\u00fchimmat, ara\u00e7, gere\u00e7, patlay\u0131c\u0131 madde ve di\u011fer malzemeler kay\u0131t alt\u0131na al\u0131nacak.<\/strong><\/p>\n","protected":false},"excerpt":{"rendered":"<p>ANKARA \u2013 Ter\u00f6rs\u00fcz T\u00fcrkiye s\u00fcreci kapsam\u0131nda haz\u0131rlanan ve TBMM Adalet Komisyonu&#8217;nda 17,5 saat s\u00fcren g\u00f6r\u00fc\u015fmelerin<\/p>\n","protected":false},"author":1,"featured_media":4840,"comment_status":"open","ping_status":"open","sticky":false,"template":"","format":"standard","meta":{"_rtcl_gb_attr":"","footnotes":""},"categories":[44],"tags":[],"class_list":["post-4839","post","type-post","status-publish","format-standard","has-post-thumbnail","hentry","category-politika"],"_links":{"self":[{"href":"https:\/\/turkiyemhaber.com\/index.php?rest_route=\/wp\/v2\/posts\/4839","targetHints":{"allow":["GET"]}}],"collection":[{"href":"https:\/\/turkiyemhaber.com\/index.php?rest_route=\/wp\/v2\/posts"}],"about":[{"href":"https:\/\/turkiyemhaber.com\/index.php?rest_route=\/wp\/v2\/types\/post"}],"author":[{"embeddable":true,"href":"https:\/\/turkiyemhaber.com\/index.php?rest_route=\/wp\/v2\/users\/1"}],"replies":[{"embeddable":true,"href":"https:\/\/turkiyemhaber.com\/index.php?rest_route=%2Fwp%2Fv2%2Fcomments&post=4839"}],"version-history":[{"count":1,"href":"https:\/\/turkiyemhaber.com\/index.php?rest_route=\/wp\/v2\/posts\/4839\/revisions"}],"predecessor-version":[{"id":4845,"href":"https:\/\/turkiyemhaber.com\/index.php?rest_route=\/wp\/v2\/posts\/4839\/revisions\/4845"}],"wp:featuredmedia":[{"embeddable":true,"href":"https:\/\/turkiyemhaber.com\/index.php?rest_route=\/wp\/v2\/media\/4840"}],"wp:attachment":[{"href":"https:\/\/turkiyemhaber.com\/index.php?rest_route=%2Fwp%2Fv2%2Fmedia&parent=4839"}],"wp:term":[{"taxonomy":"category","embeddable":true,"href":"https:\/\/turkiyemhaber.com\/index.php?rest_route=%2Fwp%2Fv2%2Fcategories&post=4839"},{"taxonomy":"post_tag","embeddable":true,"href":"https:\/\/turkiyemhaber.com\/index.php?rest_route=%2Fwp%2Fv2%2Ftags&post=4839"}],"curies":[{"name":"wp","href":"https:\/\/api.w.org\/{rel}","templated":true}]}}