{"id":4818,"date":"2026-08-10T09:07:43","date_gmt":"2026-08-10T09:07:43","guid":{"rendered":"https:\/\/turkiyemhaber.com\/?p=4818"},"modified":"2026-08-10T09:07:48","modified_gmt":"2026-08-10T09:07:48","slug":"cerceve-yasa-catlagi-3-milletvekili-hayir-diyecegini-acikladi-ozel-acil-toplanti-cagrisi-yapti","status":"publish","type":"post","link":"https:\/\/turkiyemhaber.com\/?p=4818","title":{"rendered":"\u00c7er\u00e7eve yasa \u00e7atla\u011f\u0131! 3 milletvekili \u201chay\u0131r\u201d diyece\u011fini a\u00e7\u0131klad\u0131, \u00d6zel acil toplant\u0131 \u00e7a\u011fr\u0131s\u0131 yapt\u0131"},"content":{"rendered":"\n<p class=\"wp-block-paragraph\"><strong>(ANKARA)<\/strong> \u2013 TBMM Genel Kurulu\u2019nda bug\u00fcn g\u00f6r\u00fc\u015f\u00fclmesi beklenen <strong>\u201cMill\u00ee Dayan\u0131\u015fma ve Toplumsal B\u00fct\u00fcnle\u015fmenin G\u00fc\u00e7lendirilmesine Dair Kanun Teklifi\u201d<\/strong> \u00f6ncesinde YEN\u0130 Parti grubunda g\u00f6r\u00fc\u015f ayr\u0131l\u0131klar\u0131 g\u00fcndeme geldi. \u00dc\u00e7 milletvekili, teklifin Genel Kurul oylamas\u0131nda <strong>\u201chay\u0131r\u201d oyu kullanaca\u011f\u0131n\u0131<\/strong> a\u00e7\u0131klarken, Genel Ba\u015fkan \u00d6zg\u00fcr \u00d6zel de MYK\u2019y\u0131 saat 12.00\u2019de TBMM\u2019de acil toplant\u0131ya \u00e7a\u011f\u0131rd\u0131.<\/p>\n\n\n\n<p class=\"wp-block-paragraph\">TBMM Adalet Komisyonu\u2019nda kabul edilerek Genel Kurul g\u00fcndemine gelen \u00e7er\u00e7eve yasa teklifine ili\u015fkin parti i\u00e7inde farkl\u0131 g\u00f6r\u00fc\u015fler ortaya \u00e7\u0131kt\u0131. Komisyon a\u015famas\u0131nda ele\u015ftirilerle birlikte destek verilen teklif konusunda \u00fc\u00e7 milletvekili, sosyal medya hesaplar\u0131ndan yapt\u0131klar\u0131 a\u00e7\u0131klamalarla \u201chay\u0131r\u201d oyu kullanacaklar\u0131n\u0131 duyurdu.<\/p>\n\n\n\n<h3 class=\"wp-block-heading\">3 VEK\u0130L \u201cHAYIR\u201d OYU VERECE\u011e\u0130N\u0130 A\u00c7IKLADI<\/h3>\n\n\n\n<p class=\"wp-block-paragraph\">\u0130stanbul Milletvekili <strong>Cemal Enginyurt<\/strong>, muhalefete y\u00f6nelik operasyonlar\u0131n s\u00fcrd\u00fc\u011f\u00fcn\u00fc ve demokrasinin zedelendi\u011fini savunarak teklife tepki g\u00f6sterdi. Enginyurt, ter\u00f6r\u00fcn sona ermesini desteklediklerini ancak mevcut uygulaman\u0131n \u201cter\u00f6riste imkan sa\u011flama\u201d niteli\u011finde oldu\u011funu \u00f6ne s\u00fcrd\u00fc.<\/p>\n\n\n\n<p class=\"wp-block-paragraph\">Mu\u011fla Milletvekili <strong>S\u00fcreyya \u00d6ne\u015f Derici<\/strong>, TBMM k\u00fcrs\u00fcs\u00fcnde etti\u011fi milletvekili yeminine at\u0131fta bulunarak karar\u0131n\u0131 a\u00e7\u0131klad\u0131. \u00d6ne\u015f Derici, devletin varl\u0131\u011f\u0131, \u00fclkenin b\u00f6l\u00fcnmez b\u00fct\u00fcnl\u00fc\u011f\u00fc ile Atat\u00fcrk ilke ve ink\u0131laplar\u0131na ba\u011fl\u0131l\u0131k konusundaki yeminini hat\u0131rlatarak oylamada <strong>\u201chay\u0131r\u201d diyece\u011fini<\/strong> bildirdi.<\/p>\n\n\n\n<p class=\"wp-block-paragraph\">Eski\u015fehir Milletvekili <strong>\u0130brahim Aslan<\/strong> da silahlar\u0131n susmas\u0131 hedefini destekledi\u011fini ancak izlenen hukuki y\u00f6nteme itiraz etti\u011fini belirtti. Aslan, demokrasinin b\u00f6l\u00fcnemeyece\u011fini ve hukukun se\u00e7ici uygulanamayaca\u011f\u0131n\u0131 savunarak toplumsal bar\u0131\u015f\u0131n siyasal m\u00fchendislik hesaplar\u0131na kurban edilmemesi gerekti\u011fini ifade etti.<\/p>\n\n\n\n<h3 class=\"wp-block-heading\">SEZG\u0130N TANRIKULU \u201cEVET\u201d OYU VERECE\u011e\u0130N\u0130 DUYURDU<\/h3>\n\n\n\n<p class=\"wp-block-paragraph\">Parti i\u00e7erisindeki farkl\u0131 g\u00f6r\u00fc\u015flerden birini temsil eden Diyarbak\u0131r Milletvekili <strong>Sezgin Tanr\u0131kulu<\/strong> ise daha \u00f6nce Genel Kurul\u2019daki oyunun \u201cevet\u201d olaca\u011f\u0131n\u0131 a\u00e7\u0131klad\u0131.<\/p>\n\n\n\n<p class=\"wp-block-paragraph\">Tanr\u0131kulu, kanun teklifinin haz\u0131rl\u0131k s\u00fcrecine, yarg\u0131ya verilen geni\u015f yetkilere ve metindeki eksikliklere y\u00f6nelik ele\u015ftirileri bulundu\u011funu belirtirken, \u015fiddet, \u00e7at\u0131\u015fma ve ter\u00f6r eylemlerini sona erdirecek ad\u0131mlar\u0131 \u00f6nemli g\u00f6rd\u00fc\u011f\u00fc i\u00e7in <strong>\u201cevet\u201d oyu kullanaca\u011f\u0131n\u0131<\/strong> ifade etti.<\/p>\n\n\n\n<h3 class=\"wp-block-heading\">PART\u0130 KUL\u0130SLER\u0130 HAREKETL\u0130<\/h3>\n\n\n\n<p class=\"wp-block-paragraph\">YEN\u0130 Parti kulislerinde, \u201chay\u0131r\u201d oyu verme e\u011filimindeki milletvekili say\u0131s\u0131n\u0131n \u00fc\u00e7 isimle s\u0131n\u0131rl\u0131 kalmayabilece\u011fi y\u00f6n\u00fcnde de\u011ferlendirmeler yap\u0131l\u0131yor. Teklife destek vermenin se\u00e7men taban\u0131nda tepkiye yol a\u00e7abilece\u011fini d\u00fc\u015f\u00fcnen baz\u0131 milletvekillerinin endi\u015felerini parti y\u00f6netimine aktard\u0131\u011f\u0131 belirtiliyor.<\/p>\n\n\n\n<p class=\"wp-block-paragraph\">Parti i\u00e7erisindeki g\u00f6r\u00fc\u015f ayr\u0131l\u0131klar\u0131n\u0131n belirginle\u015fmesi \u00fczerine Genel Ba\u015fkan <strong>\u00d6zg\u00fcr \u00d6zel<\/strong> harekete ge\u00e7ti. \u00d6zel, Merkez Y\u00f6netim Kurulu\u2019nu <strong>10 A\u011fustos saat 12.00\u2019de TBMM\u2019de<\/strong> toplama karar\u0131 ald\u0131.<\/p>\n\n\n\n<p class=\"wp-block-paragraph\">Toplant\u0131n\u0131n ana g\u00fcndem maddesinin \u00e7er\u00e7eve yasa teklifi ve parti grubunun Genel Kurul oylamas\u0131nda izleyece\u011fi ortak tutum olmas\u0131 bekleniyor.<\/p>\n","protected":false},"excerpt":{"rendered":"<p>(ANKARA) \u2013 TBMM Genel Kurulu\u2019nda bug\u00fcn g\u00f6r\u00fc\u015f\u00fclmesi beklenen \u201cMill\u00ee Dayan\u0131\u015fma ve Toplumsal B\u00fct\u00fcnle\u015fmenin G\u00fc\u00e7lendirilmesine Dair<\/p>\n","protected":false},"author":1,"featured_media":4819,"comment_status":"open","ping_status":"open","sticky":false,"template":"","format":"standard","meta":{"_rtcl_gb_attr":"","footnotes":""},"categories":[44],"tags":[],"class_list":["post-4818","post","type-post","status-publish","format-standard","has-post-thumbnail","hentry","category-politika"],"_links":{"self":[{"href":"https:\/\/turkiyemhaber.com\/index.php?rest_route=\/wp\/v2\/posts\/4818","targetHints":{"allow":["GET"]}}],"collection":[{"href":"https:\/\/turkiyemhaber.com\/index.php?rest_route=\/wp\/v2\/posts"}],"about":[{"href":"https:\/\/turkiyemhaber.com\/index.php?rest_route=\/wp\/v2\/types\/post"}],"author":[{"embeddable":true,"href":"https:\/\/turkiyemhaber.com\/index.php?rest_route=\/wp\/v2\/users\/1"}],"replies":[{"embeddable":true,"href":"https:\/\/turkiyemhaber.com\/index.php?rest_route=%2Fwp%2Fv2%2Fcomments&post=4818"}],"version-history":[{"count":1,"href":"https:\/\/turkiyemhaber.com\/index.php?rest_route=\/wp\/v2\/posts\/4818\/revisions"}],"predecessor-version":[{"id":4820,"href":"https:\/\/turkiyemhaber.com\/index.php?rest_route=\/wp\/v2\/posts\/4818\/revisions\/4820"}],"wp:featuredmedia":[{"embeddable":true,"href":"https:\/\/turkiyemhaber.com\/index.php?rest_route=\/wp\/v2\/media\/4819"}],"wp:attachment":[{"href":"https:\/\/turkiyemhaber.com\/index.php?rest_route=%2Fwp%2Fv2%2Fmedia&parent=4818"}],"wp:term":[{"taxonomy":"category","embeddable":true,"href":"https:\/\/turkiyemhaber.com\/index.php?rest_route=%2Fwp%2Fv2%2Fcategories&post=4818"},{"taxonomy":"post_tag","embeddable":true,"href":"https:\/\/turkiyemhaber.com\/index.php?rest_route=%2Fwp%2Fv2%2Ftags&post=4818"}],"curies":[{"name":"wp","href":"https:\/\/api.w.org\/{rel}","templated":true}]}}