{"id":4811,"date":"2026-08-10T08:56:33","date_gmt":"2026-08-10T08:56:33","guid":{"rendered":"https:\/\/turkiyemhaber.com\/?p=4811"},"modified":"2026-08-10T08:56:40","modified_gmt":"2026-08-10T08:56:40","slug":"adalet-bakani-akin-gurlek-yazicioglu-ailesini-kabul-edecek","status":"publish","type":"post","link":"https:\/\/turkiyemhaber.com\/?p=4811","title":{"rendered":"Adalet Bakan\u0131 Ak\u0131n G\u00fcrlek, Yaz\u0131c\u0131o\u011flu Ailesini Kabul Edecek"},"content":{"rendered":"\n<p class=\"wp-block-paragraph\"><strong>(ANKARA)<\/strong> \u2013 Adalet Bakan\u0131 Ak\u0131n G\u00fcrlek, merhum BBP Genel Ba\u015fkan\u0131 Muhsin Yaz\u0131c\u0131o\u011flu\u2019nun ailesiyle bir araya gelecek.<\/p>\n\n\n\n<p class=\"wp-block-paragraph\">Edinilen bilgiye g\u00f6re Bakan G\u00fcrlek, Muhsin Yaz\u0131c\u0131o\u011flu\u2019nun e\u015fi <strong>G\u00fclefer Yaz\u0131c\u0131o\u011flu<\/strong> ve o\u011flu <strong>Fatih Furkan Yaz\u0131c\u0131o\u011flu\u2019nu<\/strong> saat 12.00\u2019de Adalet Bakanl\u0131\u011f\u0131\u2019nda kabul edecek.<\/p>\n\n\n\n<p class=\"wp-block-paragraph\">G\u00f6r\u00fc\u015fmede, BBP Genel Ba\u015fkan\u0131 Muhsin Yaz\u0131c\u0131o\u011flu ve beraberindeki heyetin <strong>25 Mart 2009\u2019da meydana gelen helikopter kazas\u0131nda hayat\u0131n\u0131 kaybetmesine<\/strong> ili\u015fkin soru\u015fturma ve adli s\u00fcre\u00e7te ya\u015fanan geli\u015fmelerin ele al\u0131nmas\u0131 bekleniyor.<\/p>\n\n\n\n<p class=\"wp-block-paragraph\">G\u00f6r\u00fc\u015fmenin, Yaz\u0131c\u0131o\u011flu ailesinin kazaya ili\u015fkin devam eden adli s\u00fcre\u00e7 ve geli\u015fmeler konusunda Bakan G\u00fcrlek\u2019e aktaraca\u011f\u0131 de\u011ferlendirmeler a\u00e7\u0131s\u0131ndan \u00f6nem ta\u015f\u0131d\u0131\u011f\u0131 belirtiliyor.<\/p>\n","protected":false},"excerpt":{"rendered":"<p>(ANKARA) \u2013 Adalet Bakan\u0131 Ak\u0131n G\u00fcrlek, merhum BBP Genel Ba\u015fkan\u0131 Muhsin Yaz\u0131c\u0131o\u011flu\u2019nun ailesiyle bir araya<\/p>\n","protected":false},"author":1,"featured_media":4812,"comment_status":"open","ping_status":"open","sticky":false,"template":"","format":"standard","meta":{"_rtcl_gb_attr":"","footnotes":""},"categories":[1],"tags":[],"class_list":["post-4811","post","type-post","status-publish","format-standard","has-post-thumbnail","hentry","category-http-turkiyemhaber-com-wp-content-uploads-2026-03-saray-59-haber-13-mart-pdf"],"_links":{"self":[{"href":"https:\/\/turkiyemhaber.com\/index.php?rest_route=\/wp\/v2\/posts\/4811","targetHints":{"allow":["GET"]}}],"collection":[{"href":"https:\/\/turkiyemhaber.com\/index.php?rest_route=\/wp\/v2\/posts"}],"about":[{"href":"https:\/\/turkiyemhaber.com\/index.php?rest_route=\/wp\/v2\/types\/post"}],"author":[{"embeddable":true,"href":"https:\/\/turkiyemhaber.com\/index.php?rest_route=\/wp\/v2\/users\/1"}],"replies":[{"embeddable":true,"href":"https:\/\/turkiyemhaber.com\/index.php?rest_route=%2Fwp%2Fv2%2Fcomments&post=4811"}],"version-history":[{"count":1,"href":"https:\/\/turkiyemhaber.com\/index.php?rest_route=\/wp\/v2\/posts\/4811\/revisions"}],"predecessor-version":[{"id":4813,"href":"https:\/\/turkiyemhaber.com\/index.php?rest_route=\/wp\/v2\/posts\/4811\/revisions\/4813"}],"wp:featuredmedia":[{"embeddable":true,"href":"https:\/\/turkiyemhaber.com\/index.php?rest_route=\/wp\/v2\/media\/4812"}],"wp:attachment":[{"href":"https:\/\/turkiyemhaber.com\/index.php?rest_route=%2Fwp%2Fv2%2Fmedia&parent=4811"}],"wp:term":[{"taxonomy":"category","embeddable":true,"href":"https:\/\/turkiyemhaber.com\/index.php?rest_route=%2Fwp%2Fv2%2Fcategories&post=4811"},{"taxonomy":"post_tag","embeddable":true,"href":"https:\/\/turkiyemhaber.com\/index.php?rest_route=%2Fwp%2Fv2%2Ftags&post=4811"}],"curies":[{"name":"wp","href":"https:\/\/api.w.org\/{rel}","templated":true}]}}