{"id":4808,"date":"2026-08-10T08:51:29","date_gmt":"2026-08-10T08:51:29","guid":{"rendered":"https:\/\/turkiyemhaber.com\/?p=4808"},"modified":"2026-08-10T08:51:36","modified_gmt":"2026-08-10T08:51:36","slug":"fatih-erbakan-cerceve-yasa-teklifinde-partisinin-kararini-acikladi","status":"publish","type":"post","link":"https:\/\/turkiyemhaber.com\/?p=4808","title":{"rendered":"Fatih Erbakan, \u201c\u00e7er\u00e7eve yasa\u201d teklifinde partisinin karar\u0131n\u0131 a\u00e7\u0131klad\u0131"},"content":{"rendered":"\n<p class=\"wp-block-paragraph\">Yeniden Refah Partisi Genel Ba\u015fkan\u0131 Fatih Erbakan, kamuoyunda \u201c\u00e7er\u00e7eve yasa\u201d olarak adland\u0131r\u0131lan kanun teklifine ili\u015fkin partisinin tutumunu a\u00e7\u0131klad\u0131. Erbakan, teklifin K\u00fcrt vatanda\u015flara y\u00f6nelik temel haklar konusunda herhangi bir iyile\u015ftirme i\u00e7ermedi\u011fini, d\u00fczenlemenin esas olarak PKK\/KCK \u00fcyelerinin infaz durumuna ili\u015fkin h\u00fck\u00fcmler bar\u0131nd\u0131rd\u0131\u011f\u0131n\u0131 <strong>iddia etti.<\/strong><\/p>\n\n\n\n<p class=\"wp-block-paragraph\">Erbakan, teklifin detaylar\u0131 konusunda yeterli bilgi sahibi olmad\u0131klar\u0131n\u0131 belirterek, d\u00fczenlemenin K\u00fcrt vatanda\u015flara h\u00fcrriyet, insan haklar\u0131 ve e\u015fitlik a\u00e7\u0131s\u0131ndan yeni bir hak getirmedi\u011fini savundu.<\/p>\n\n\n\n<h2 class=\"wp-block-heading\">\u201c\u00c7EK\u0130MSER OY VERECE\u011e\u0130Z\u201d<\/h2>\n\n\n\n<p class=\"wp-block-paragraph\">Fatih Erbakan, Yeniden Refah Partisi olarak teklifin baz\u0131 maddeleri nedeniyle \u201chay\u0131r\u201d demeyi, \u00f6rg\u00fct\u00fcn silah b\u0131rakmas\u0131 ve tasfiyesine ili\u015fkin h\u00fck\u00fcmler nedeniyle de \u201cevet\u201d demeyi do\u011fru bulmad\u0131klar\u0131n\u0131 belirtti.<\/p>\n\n\n\n<p class=\"wp-block-paragraph\">Erbakan, bu nedenle partisinin <strong>\u201c\u00e7er\u00e7eve yasa\u201d teklifine \u00e7ekimser oy verece\u011fini<\/strong> a\u00e7\u0131klad\u0131.<\/p>\n\n\n\n<h2 class=\"wp-block-heading\">\u201cAF KAPSAMI REFERANDUMA G\u00d6T\u00dcR\u00dcLMEL\u0130\u201d<\/h2>\n\n\n\n<p class=\"wp-block-paragraph\">Erbakan a\u00e7\u0131klamas\u0131nda, PKK\/KCK \u00fcyelerinin ak\u0131betine ili\u015fkin karar\u0131n devlet kadrolar\u0131 veya h\u00fck\u00fcmet ortaklar\u0131 yerine millet taraf\u0131ndan verilmesi gerekti\u011fini savundu.<\/p>\n\n\n\n<p class=\"wp-block-paragraph\">\u015eehit aileleri ve gazilerin de g\u00f6r\u00fc\u015f\u00fcn\u00fcn \u00f6nem ta\u015f\u0131d\u0131\u011f\u0131n\u0131 belirten Erbakan, teklif kapsam\u0131nda de\u011ferlendirilen af d\u00fczenlemesinin <strong>do\u011frudan referanduma g\u00f6t\u00fcr\u00fclmesi gerekti\u011fini<\/strong> ifade etti.<\/p>\n\n\n\n<p class=\"wp-block-paragraph\">Yeniden Refah Partisi Genel Ba\u015fkan\u0131 Fatih Erbakan, teklifin mevcut haliyle hem i\u00e7erdi\u011fi h\u00fck\u00fcmler hem de sonraki a\u015famalara ili\u015fkin belirsizlikler nedeniyle partisinin <strong>\u00e7ekimser oy kullanaca\u011f\u0131n\u0131<\/strong> kamuoyuna duyurdu.<\/p>\n","protected":false},"excerpt":{"rendered":"<p>Yeniden Refah Partisi Genel Ba\u015fkan\u0131 Fatih Erbakan, kamuoyunda \u201c\u00e7er\u00e7eve yasa\u201d olarak adland\u0131r\u0131lan kanun teklifine ili\u015fkin<\/p>\n","protected":false},"author":1,"featured_media":4809,"comment_status":"open","ping_status":"open","sticky":false,"template":"","format":"standard","meta":{"_rtcl_gb_attr":"","footnotes":""},"categories":[44],"tags":[],"class_list":["post-4808","post","type-post","status-publish","format-standard","has-post-thumbnail","hentry","category-politika"],"_links":{"self":[{"href":"https:\/\/turkiyemhaber.com\/index.php?rest_route=\/wp\/v2\/posts\/4808","targetHints":{"allow":["GET"]}}],"collection":[{"href":"https:\/\/turkiyemhaber.com\/index.php?rest_route=\/wp\/v2\/posts"}],"about":[{"href":"https:\/\/turkiyemhaber.com\/index.php?rest_route=\/wp\/v2\/types\/post"}],"author":[{"embeddable":true,"href":"https:\/\/turkiyemhaber.com\/index.php?rest_route=\/wp\/v2\/users\/1"}],"replies":[{"embeddable":true,"href":"https:\/\/turkiyemhaber.com\/index.php?rest_route=%2Fwp%2Fv2%2Fcomments&post=4808"}],"version-history":[{"count":1,"href":"https:\/\/turkiyemhaber.com\/index.php?rest_route=\/wp\/v2\/posts\/4808\/revisions"}],"predecessor-version":[{"id":4810,"href":"https:\/\/turkiyemhaber.com\/index.php?rest_route=\/wp\/v2\/posts\/4808\/revisions\/4810"}],"wp:featuredmedia":[{"embeddable":true,"href":"https:\/\/turkiyemhaber.com\/index.php?rest_route=\/wp\/v2\/media\/4809"}],"wp:attachment":[{"href":"https:\/\/turkiyemhaber.com\/index.php?rest_route=%2Fwp%2Fv2%2Fmedia&parent=4808"}],"wp:term":[{"taxonomy":"category","embeddable":true,"href":"https:\/\/turkiyemhaber.com\/index.php?rest_route=%2Fwp%2Fv2%2Fcategories&post=4808"},{"taxonomy":"post_tag","embeddable":true,"href":"https:\/\/turkiyemhaber.com\/index.php?rest_route=%2Fwp%2Fv2%2Ftags&post=4808"}],"curies":[{"name":"wp","href":"https:\/\/api.w.org\/{rel}","templated":true}]}}