{"id":4800,"date":"2026-08-07T01:30:30","date_gmt":"2026-08-07T01:30:30","guid":{"rendered":"https:\/\/turkiyemhaber.com\/?p=4800"},"modified":"2026-08-07T01:30:37","modified_gmt":"2026-08-07T01:30:37","slug":"tekirdagda-sertifikali-nohut-tohumu-hasadi-gerceklestirildi","status":"publish","type":"post","link":"https:\/\/turkiyemhaber.com\/?p=4800","title":{"rendered":"Tekirda\u011f&#8217;da Sertifikal\u0131 Nohut Tohumu Hasad\u0131 Ger\u00e7ekle\u015ftirildi"},"content":{"rendered":"\n<p class=\"wp-block-paragraph\"><strong>Tekirda\u011f&#8217;da s\u00f6zle\u015fmeli \u00fcretim modeliyle yeti\u015ftirilen sertifikal\u0131 nohut tohumlu\u011funun hasad\u0131 tamamland\u0131. Devlet destekli projeler kapsam\u0131nda \u00fcretilecek sertifikal\u0131 tohumlar, \u00e7ift\u00e7ilere ula\u015ft\u0131r\u0131larak kaliteli ve verimli \u00fcretime katk\u0131 sa\u011flayacak.<\/strong><\/p>\n\n\n\n<h2 class=\"wp-block-heading\">Sertifikal\u0131 Tohumluk Hasad\u0131 Tamamland\u0131<\/h2>\n\n\n\n<p class=\"wp-block-paragraph\">Tekirda\u011f&#8217;da ger\u00e7ekle\u015ftirilen sertifikal\u0131 nohut tohumlu\u011fu hasad\u0131na Tekirda\u011f \u0130l Tar\u0131m ve Orman M\u00fcd\u00fcr\u00fc <strong>Mehmet Aksoy<\/strong> ile teknik ekip kat\u0131ld\u0131. Hasat yap\u0131lan \u00fcretim alanlar\u0131nda incelemelerde bulunan Aksoy, kooperatif yetkililerinden \u00fcretim s\u00fcreci hakk\u0131nda bilgi ald\u0131.<\/p>\n\n\n\n<p class=\"wp-block-paragraph\">Yetkililer, sertifikal\u0131 tohum \u00fcretiminin hem tar\u0131msal verimlili\u011fi art\u0131rd\u0131\u011f\u0131n\u0131 hem de \u00fcreticilerin g\u00fcvenilir tohumlu\u011fa ula\u015fmas\u0131n\u0131 sa\u011flad\u0131\u011f\u0131n\u0131 belirtti.<\/p>\n\n\n\n<h2 class=\"wp-block-heading\">Sertifikal\u0131 Tohumlar \u00c7ift\u00e7ilere Da\u011f\u0131t\u0131lacak<\/h2>\n\n\n\n<p class=\"wp-block-paragraph\">Hasat edilen sertifikal\u0131 nohut tohumluklar\u0131n\u0131n, Tar\u0131m ve Orman Bakanl\u0131\u011f\u0131 taraf\u0131ndan y\u00fcr\u00fct\u00fclen <strong>Tar\u0131m Arazilerinin Kullan\u0131m\u0131n\u0131n Etkinle\u015ftirilmesi (TAKE)<\/strong> Projeleri kapsam\u0131nda devlet deste\u011fiyle \u00fcreticilere da\u011f\u0131t\u0131laca\u011f\u0131 a\u00e7\u0131kland\u0131.<\/p>\n\n\n\n<p class=\"wp-block-paragraph\">\u0130l Tar\u0131m ve Orman M\u00fcd\u00fcr\u00fc Mehmet Aksoy, kaliteli tohum kullan\u0131m\u0131n\u0131n tar\u0131msal \u00fcretimde verim ve \u00fcr\u00fcn kalitesini art\u0131ran en \u00f6nemli unsurlardan biri oldu\u011funa dikkat \u00e7ekerek, s\u00fcrd\u00fcr\u00fclebilir \u00fcretim i\u00e7in sertifikal\u0131 tohum kullan\u0131m\u0131n\u0131n yayg\u0131nla\u015ft\u0131r\u0131lmas\u0131n\u0131n b\u00fcy\u00fck \u00f6nem ta\u015f\u0131d\u0131\u011f\u0131n\u0131 ifade etti.<\/p>\n\n\n\n<h2 class=\"wp-block-heading\">Kooperatiflere Te\u015fekk\u00fcr<\/h2>\n\n\n\n<p class=\"wp-block-paragraph\">Kooperatiflerin planl\u0131 ve s\u00fcrd\u00fcr\u00fclebilir tar\u0131msal \u00fcretime \u00f6nemli katk\u0131lar sundu\u011funu belirten Aksoy, Tekirda\u011f&#8217;da \u00fcretim deseninin \u00e7e\u015fitlendirilmesi ve sertifikal\u0131 tohum \u00fcretiminin art\u0131r\u0131lmas\u0131 i\u00e7in \u00e7al\u0131\u015fmalar\u0131n s\u00fcrd\u00fc\u011f\u00fcn\u00fc s\u00f6yledi.<\/p>\n\n\n\n<p class=\"wp-block-paragraph\">Hasat program\u0131n\u0131n sonunda kooperatif y\u00f6netimini ve \u00fcreticileri tebrik eden Aksoy, t\u00fcm \u00e7ift\u00e7ilere bereketli ve kazan\u00e7l\u0131 bir hasat sezonu diledi.<\/p>\n","protected":false},"excerpt":{"rendered":"<p>Tekirda\u011f&#8217;da s\u00f6zle\u015fmeli \u00fcretim modeliyle yeti\u015ftirilen sertifikal\u0131 nohut tohumlu\u011funun hasad\u0131 tamamland\u0131. Devlet destekli projeler kapsam\u0131nda \u00fcretilecek<\/p>\n","protected":false},"author":1,"featured_media":4801,"comment_status":"open","ping_status":"open","sticky":false,"template":"","format":"standard","meta":{"_rtcl_gb_attr":"","footnotes":""},"categories":[74],"tags":[],"class_list":["post-4800","post","type-post","status-publish","format-standard","has-post-thumbnail","hentry","category-yerel-haberler"],"_links":{"self":[{"href":"https:\/\/turkiyemhaber.com\/index.php?rest_route=\/wp\/v2\/posts\/4800","targetHints":{"allow":["GET"]}}],"collection":[{"href":"https:\/\/turkiyemhaber.com\/index.php?rest_route=\/wp\/v2\/posts"}],"about":[{"href":"https:\/\/turkiyemhaber.com\/index.php?rest_route=\/wp\/v2\/types\/post"}],"author":[{"embeddable":true,"href":"https:\/\/turkiyemhaber.com\/index.php?rest_route=\/wp\/v2\/users\/1"}],"replies":[{"embeddable":true,"href":"https:\/\/turkiyemhaber.com\/index.php?rest_route=%2Fwp%2Fv2%2Fcomments&post=4800"}],"version-history":[{"count":1,"href":"https:\/\/turkiyemhaber.com\/index.php?rest_route=\/wp\/v2\/posts\/4800\/revisions"}],"predecessor-version":[{"id":4802,"href":"https:\/\/turkiyemhaber.com\/index.php?rest_route=\/wp\/v2\/posts\/4800\/revisions\/4802"}],"wp:featuredmedia":[{"embeddable":true,"href":"https:\/\/turkiyemhaber.com\/index.php?rest_route=\/wp\/v2\/media\/4801"}],"wp:attachment":[{"href":"https:\/\/turkiyemhaber.com\/index.php?rest_route=%2Fwp%2Fv2%2Fmedia&parent=4800"}],"wp:term":[{"taxonomy":"category","embeddable":true,"href":"https:\/\/turkiyemhaber.com\/index.php?rest_route=%2Fwp%2Fv2%2Fcategories&post=4800"},{"taxonomy":"post_tag","embeddable":true,"href":"https:\/\/turkiyemhaber.com\/index.php?rest_route=%2Fwp%2Fv2%2Ftags&post=4800"}],"curies":[{"name":"wp","href":"https:\/\/api.w.org\/{rel}","templated":true}]}}