{"id":4797,"date":"2026-08-07T01:27:30","date_gmt":"2026-08-07T01:27:30","guid":{"rendered":"https:\/\/turkiyemhaber.com\/?p=4797"},"modified":"2026-08-07T01:27:34","modified_gmt":"2026-08-07T01:27:34","slug":"kapaklida-golde-kaybolan-kisinin-cansiz-bedenine-ulasildi","status":"publish","type":"post","link":"https:\/\/turkiyemhaber.com\/?p=4797","title":{"rendered":"Kapakl\u0131&#8217;da G\u00f6lde Kaybolan Ki\u015finin Cans\u0131z Bedenine Ula\u015f\u0131ld\u0131"},"content":{"rendered":"\n<p class=\"wp-block-paragraph\"><strong>Tekirda\u011f&#8217;\u0131n Kapakl\u0131 il\u00e7esinde serinlemek i\u00e7in girdi\u011fi g\u00f6lde kaybolan ki\u015finin cans\u0131z bedenine ula\u015f\u0131ld\u0131. Gece boyunca ara verilen arama \u00e7al\u0131\u015fmalar\u0131, sabah yeniden ba\u015flat\u0131l\u0131rken ac\u0131 haber ekiplerin su alt\u0131 aramalar\u0131n\u0131n ard\u0131ndan geldi.<\/strong><\/p>\n\n\n\n<h2 class=\"wp-block-heading\">Serinlemek \u0130\u00e7in Girdi\u011fi G\u00f6lde Kayboldu<\/h2>\n\n\n\n<p class=\"wp-block-paragraph\">Olay, Kapakl\u0131 il\u00e7esine ba\u011fl\u0131 P\u0131nar\u00e7a Mahallesi&#8217;nde bulunan \u0130kizg\u00f6ller mevkisinde meydana geldi.<\/p>\n\n\n\n<p class=\"wp-block-paragraph\">Edinilen bilgilere g\u00f6re, <strong>A.K.<\/strong>, serinlemek amac\u0131yla g\u00f6le girdikten bir s\u00fcre sonra g\u00f6zden kayboldu. Durumu fark eden \u00e7evredeki vatanda\u015flar\u0131n ihbar\u0131 \u00fczerine b\u00f6lgeye \u00e7ok say\u0131da ekip sevk edildi.<\/p>\n\n\n\n<h2 class=\"wp-block-heading\">Gece Ara Verildi, Sabah Yeniden Ba\u015flad\u0131<\/h2>\n\n\n\n<p class=\"wp-block-paragraph\">Olay yerine jandarma, polis, sa\u011fl\u0131k, AFAD, Sahil G\u00fcvenlik Komutanl\u0131\u011f\u0131 ekipleri ile dalg\u0131\u00e7lar sevk edildi. Havan\u0131n kararmas\u0131 nedeniyle gece ara verilen arama \u00e7al\u0131\u015fmalar\u0131, sabah\u0131n ilk saatlerinde yeniden ba\u015flat\u0131ld\u0131.<\/p>\n\n\n\n<p class=\"wp-block-paragraph\">Ekiplerin g\u00f6lde ger\u00e7ekle\u015ftirdi\u011fi su alt\u0131 arama \u00e7al\u0131\u015fmalar\u0131 sonucunda A.K&#8217;nin cans\u0131z bedenine ula\u015f\u0131ld\u0131.<\/p>\n\n\n\n<h2 class=\"wp-block-heading\">Cenaze Otopsiye G\u00f6nderildi<\/h2>\n\n\n\n<p class=\"wp-block-paragraph\">Sudan \u00e7\u0131kar\u0131lan cenaze, olay yerinde Cumhuriyet Savc\u0131s\u0131 ve olay yeri inceleme ekiplerinin yapt\u0131\u011f\u0131 \u00e7al\u0131\u015fmalar\u0131n ard\u0131ndan otopsi i\u015flemleri i\u00e7in <strong>Tekirda\u011f Dr. \u0130smail Fehmi Cumal\u0131o\u011flu \u015eehir Hastanesi morguna<\/strong> kald\u0131r\u0131ld\u0131.<\/p>\n\n\n\n<p class=\"wp-block-paragraph\">Olayla ilgili soru\u015fturma s\u00fcr\u00fcyor.<\/p>\n","protected":false},"excerpt":{"rendered":"<p>Tekirda\u011f&#8217;\u0131n Kapakl\u0131 il\u00e7esinde serinlemek i\u00e7in girdi\u011fi g\u00f6lde kaybolan ki\u015finin cans\u0131z bedenine ula\u015f\u0131ld\u0131. Gece boyunca ara<\/p>\n","protected":false},"author":1,"featured_media":4798,"comment_status":"open","ping_status":"open","sticky":false,"template":"","format":"standard","meta":{"_rtcl_gb_attr":"","footnotes":""},"categories":[1],"tags":[],"class_list":["post-4797","post","type-post","status-publish","format-standard","has-post-thumbnail","hentry","category-http-turkiyemhaber-com-wp-content-uploads-2026-03-saray-59-haber-13-mart-pdf"],"_links":{"self":[{"href":"https:\/\/turkiyemhaber.com\/index.php?rest_route=\/wp\/v2\/posts\/4797","targetHints":{"allow":["GET"]}}],"collection":[{"href":"https:\/\/turkiyemhaber.com\/index.php?rest_route=\/wp\/v2\/posts"}],"about":[{"href":"https:\/\/turkiyemhaber.com\/index.php?rest_route=\/wp\/v2\/types\/post"}],"author":[{"embeddable":true,"href":"https:\/\/turkiyemhaber.com\/index.php?rest_route=\/wp\/v2\/users\/1"}],"replies":[{"embeddable":true,"href":"https:\/\/turkiyemhaber.com\/index.php?rest_route=%2Fwp%2Fv2%2Fcomments&post=4797"}],"version-history":[{"count":1,"href":"https:\/\/turkiyemhaber.com\/index.php?rest_route=\/wp\/v2\/posts\/4797\/revisions"}],"predecessor-version":[{"id":4799,"href":"https:\/\/turkiyemhaber.com\/index.php?rest_route=\/wp\/v2\/posts\/4797\/revisions\/4799"}],"wp:featuredmedia":[{"embeddable":true,"href":"https:\/\/turkiyemhaber.com\/index.php?rest_route=\/wp\/v2\/media\/4798"}],"wp:attachment":[{"href":"https:\/\/turkiyemhaber.com\/index.php?rest_route=%2Fwp%2Fv2%2Fmedia&parent=4797"}],"wp:term":[{"taxonomy":"category","embeddable":true,"href":"https:\/\/turkiyemhaber.com\/index.php?rest_route=%2Fwp%2Fv2%2Fcategories&post=4797"},{"taxonomy":"post_tag","embeddable":true,"href":"https:\/\/turkiyemhaber.com\/index.php?rest_route=%2Fwp%2Fv2%2Ftags&post=4797"}],"curies":[{"name":"wp","href":"https:\/\/api.w.org\/{rel}","templated":true}]}}