{"id":4794,"date":"2026-08-07T01:23:06","date_gmt":"2026-08-07T01:23:06","guid":{"rendered":"https:\/\/turkiyemhaber.com\/?p=4794"},"modified":"2026-08-07T01:23:12","modified_gmt":"2026-08-07T01:23:12","slug":"kapaklida-takla-atan-otomobilde-1-kisi-yaralandi","status":"publish","type":"post","link":"https:\/\/turkiyemhaber.com\/?p=4794","title":{"rendered":"Kapakl\u0131&#8217;da Takla Atan Otomobilde 1 Ki\u015fi Yaraland\u0131"},"content":{"rendered":"\n<p class=\"wp-block-paragraph\"><strong>Tekirda\u011f&#8217;\u0131n Kapakl\u0131 il\u00e7esinde iki otomobilin \u00e7arp\u0131\u015fmas\u0131 sonucu meydana gelen trafik kazas\u0131nda bir ara\u00e7 takla att\u0131. Kazada yaralanan s\u00fcr\u00fcc\u00fc hastaneye kald\u0131r\u0131l\u0131rken, polis olayla ilgili inceleme ba\u015flatt\u0131.<\/strong><\/p>\n\n\n\n<h2 class=\"wp-block-heading\">Kav\u015fakta Feci \u00c7arp\u0131\u015fma<\/h2>\n\n\n\n<p class=\"wp-block-paragraph\">Kaza, Kapakl\u0131 il\u00e7esi Bah\u00e7elievler Mahallesi Halide Edip Ad\u0131var Caddesi ile karayolu kav\u015fa\u011f\u0131nda meydana geldi.<\/p>\n\n\n\n<p class=\"wp-block-paragraph\">Edinilen bilgilere g\u00f6re, <strong>34 FEV 885<\/strong> plakal\u0131 otomobil ile Y\u0131ld\u0131zkent K\u00f6pr\u00fcl\u00fc Kav\u015fa\u011f\u0131 istikametinde seyreden <strong>59 TG 070<\/strong> plakal\u0131 otomobil \u00e7arp\u0131\u015ft\u0131. \u00c7arp\u0131\u015fman\u0131n \u015fiddetiyle 34 FEV 885 plakal\u0131 otomobil kontrolden \u00e7\u0131karak takla att\u0131.<\/p>\n\n\n\n<h2 class=\"wp-block-heading\">Yaral\u0131 S\u00fcr\u00fcc\u00fc Hastaneye Kald\u0131r\u0131ld\u0131<\/h2>\n\n\n\n<p class=\"wp-block-paragraph\">Kazay\u0131 g\u00f6ren vatanda\u015flar\u0131n ihbar\u0131 \u00fczerine olay yerine polis ve sa\u011fl\u0131k ekipleri sevk edildi. Takla atan otomobilin s\u00fcr\u00fcc\u00fcs\u00fc, sa\u011fl\u0131k ekiplerinin olay yerindeki ilk m\u00fcdahalesinin ard\u0131ndan ambulansla hastaneye kald\u0131r\u0131larak tedavi alt\u0131na al\u0131nd\u0131.<\/p>\n\n\n\n<p class=\"wp-block-paragraph\">Yaral\u0131n\u0131n sa\u011fl\u0131k durumuna ili\u015fkin resmi bir a\u00e7\u0131klama yap\u0131lmad\u0131.<\/p>\n\n\n\n<h2 class=\"wp-block-heading\">Polis \u0130nceleme Ba\u015flatt\u0131<\/h2>\n\n\n\n<p class=\"wp-block-paragraph\">Kaza nedeniyle b\u00f6lgede k\u0131sa s\u00fcreli trafik yo\u011funlu\u011fu ya\u015fan\u0131rken, ekiplerin \u00e7al\u0131\u015fmas\u0131n\u0131n ard\u0131ndan yol yeniden ula\u015f\u0131ma a\u00e7\u0131ld\u0131.<\/p>\n\n\n\n<p class=\"wp-block-paragraph\">Polis ekipleri, kazan\u0131n meydana geli\u015f nedenini belirlemek amac\u0131yla inceleme ba\u015flatt\u0131.<\/p>\n","protected":false},"excerpt":{"rendered":"<p>Tekirda\u011f&#8217;\u0131n Kapakl\u0131 il\u00e7esinde iki otomobilin \u00e7arp\u0131\u015fmas\u0131 sonucu meydana gelen trafik kazas\u0131nda bir ara\u00e7 takla att\u0131.<\/p>\n","protected":false},"author":1,"featured_media":4795,"comment_status":"open","ping_status":"open","sticky":false,"template":"","format":"standard","meta":{"_rtcl_gb_attr":"","footnotes":""},"categories":[1],"tags":[],"class_list":["post-4794","post","type-post","status-publish","format-standard","has-post-thumbnail","hentry","category-http-turkiyemhaber-com-wp-content-uploads-2026-03-saray-59-haber-13-mart-pdf"],"_links":{"self":[{"href":"https:\/\/turkiyemhaber.com\/index.php?rest_route=\/wp\/v2\/posts\/4794","targetHints":{"allow":["GET"]}}],"collection":[{"href":"https:\/\/turkiyemhaber.com\/index.php?rest_route=\/wp\/v2\/posts"}],"about":[{"href":"https:\/\/turkiyemhaber.com\/index.php?rest_route=\/wp\/v2\/types\/post"}],"author":[{"embeddable":true,"href":"https:\/\/turkiyemhaber.com\/index.php?rest_route=\/wp\/v2\/users\/1"}],"replies":[{"embeddable":true,"href":"https:\/\/turkiyemhaber.com\/index.php?rest_route=%2Fwp%2Fv2%2Fcomments&post=4794"}],"version-history":[{"count":1,"href":"https:\/\/turkiyemhaber.com\/index.php?rest_route=\/wp\/v2\/posts\/4794\/revisions"}],"predecessor-version":[{"id":4796,"href":"https:\/\/turkiyemhaber.com\/index.php?rest_route=\/wp\/v2\/posts\/4794\/revisions\/4796"}],"wp:featuredmedia":[{"embeddable":true,"href":"https:\/\/turkiyemhaber.com\/index.php?rest_route=\/wp\/v2\/media\/4795"}],"wp:attachment":[{"href":"https:\/\/turkiyemhaber.com\/index.php?rest_route=%2Fwp%2Fv2%2Fmedia&parent=4794"}],"wp:term":[{"taxonomy":"category","embeddable":true,"href":"https:\/\/turkiyemhaber.com\/index.php?rest_route=%2Fwp%2Fv2%2Fcategories&post=4794"},{"taxonomy":"post_tag","embeddable":true,"href":"https:\/\/turkiyemhaber.com\/index.php?rest_route=%2Fwp%2Fv2%2Ftags&post=4794"}],"curies":[{"name":"wp","href":"https:\/\/api.w.org\/{rel}","templated":true}]}}