{"id":4788,"date":"2026-08-07T01:17:04","date_gmt":"2026-08-07T01:17:04","guid":{"rendered":"https:\/\/turkiyemhaber.com\/?p=4788"},"modified":"2026-08-07T01:17:09","modified_gmt":"2026-08-07T01:17:09","slug":"tekirdagda-zincirleme-kaza-29-yarali","status":"publish","type":"post","link":"https:\/\/turkiyemhaber.com\/?p=4788","title":{"rendered":"Tekirda\u011f&#8217;da Zincirleme Kaza: 29 Yaral\u0131"},"content":{"rendered":"\n<p class=\"wp-block-paragraph\"><strong>Tekirda\u011f&#8217;\u0131n Ergene il\u00e7esinde sabah saatlerinde meydana gelen zincirleme trafik kazas\u0131nda 29 ki\u015fi hafif yaraland\u0131.<\/strong> Yolcu otob\u00fcs\u00fc, iki i\u015f\u00e7i servis minib\u00fcs\u00fc ve bir otomobilin kar\u0131\u015ft\u0131\u011f\u0131 kazada yaral\u0131lar \u00e7evredeki hastanelere kald\u0131r\u0131l\u0131rken, olayla ilgili inceleme ba\u015flat\u0131ld\u0131.<\/p>\n\n\n\n<figure class=\"wp-block-image size-full\"><img loading=\"lazy\" decoding=\"async\" width=\"640\" height=\"341\" src=\"https:\/\/turkiyemhaber.com\/wp-content\/uploads\/2026\/08\/tekirdag-da-4-arac-zincirleme-kazaya-karisti-3-20122457_o.jpg\" alt=\"\" class=\"wp-image-4790\" srcset=\"https:\/\/turkiyemhaber.com\/wp-content\/uploads\/2026\/08\/tekirdag-da-4-arac-zincirleme-kazaya-karisti-3-20122457_o.jpg 640w, https:\/\/turkiyemhaber.com\/wp-content\/uploads\/2026\/08\/tekirdag-da-4-arac-zincirleme-kazaya-karisti-3-20122457_o-300x160.jpg 300w, https:\/\/turkiyemhaber.com\/wp-content\/uploads\/2026\/08\/tekirdag-da-4-arac-zincirleme-kazaya-karisti-3-20122457_o-18x10.jpg 18w\" sizes=\"auto, (max-width: 640px) 100vw, 640px\" \/><\/figure>\n\n\n\n<h2 class=\"wp-block-heading\">4 Ara\u00e7 Birbirine Girdi<\/h2>\n\n\n\n<p class=\"wp-block-paragraph\">Kaza, Ergene il\u00e7esine ba\u011fl\u0131 Vak\u0131flar Mahallesi mevkiinde, L\u00fcleburgaz istikametinde meydana geldi. Edinilen bilgilere g\u00f6re, Pamukkale Turizm&#8217;e ait yolcu otob\u00fcs\u00fc hen\u00fcz belirlenemeyen bir nedenle \u00f6n\u00fcnde seyreden iki i\u015f\u00e7i servis minib\u00fcs\u00fc ve bir otomobile \u00e7arpt\u0131.<\/p>\n\n\n\n<p class=\"wp-block-paragraph\">\u00c7arp\u0131\u015fman\u0131n etkisiyle kontrolden \u00e7\u0131kan yolcu otob\u00fcs\u00fc yoldan \u00e7\u0131karak yol kenar\u0131ndaki araziye savruldu. Kazan\u0131n ard\u0131ndan olay yerine \u00e7ok say\u0131da jandarma, itfaiye ve sa\u011fl\u0131k ekibi sevk edildi.<\/p>\n\n\n\n<figure class=\"wp-block-image size-full\"><img loading=\"lazy\" decoding=\"async\" width=\"640\" height=\"853\" src=\"https:\/\/turkiyemhaber.com\/wp-content\/uploads\/2026\/08\/tekirdagda-zincirleme-kaza-ort-20122457-3782_1_m.webp\" alt=\"\" class=\"wp-image-4791\" srcset=\"https:\/\/turkiyemhaber.com\/wp-content\/uploads\/2026\/08\/tekirdagda-zincirleme-kaza-ort-20122457-3782_1_m.webp 640w, https:\/\/turkiyemhaber.com\/wp-content\/uploads\/2026\/08\/tekirdagda-zincirleme-kaza-ort-20122457-3782_1_m-225x300.webp 225w, https:\/\/turkiyemhaber.com\/wp-content\/uploads\/2026\/08\/tekirdagda-zincirleme-kaza-ort-20122457-3782_1_m-9x12.webp 9w\" sizes=\"auto, (max-width: 640px) 100vw, 640px\" \/><\/figure>\n\n\n\n<h2 class=\"wp-block-heading\">29 Ki\u015fi Yaraland\u0131<\/h2>\n\n\n\n<p class=\"wp-block-paragraph\">Kazada toplam <strong>29 ki\u015fi hafif \u015fekilde yaraland\u0131.<\/strong> Sa\u011fl\u0131k ekiplerinin olay yerindeki ilk m\u00fcdahalesinin ard\u0131ndan yaral\u0131lar ambulanslarla \u00e7evredeki hastanelere kald\u0131r\u0131larak tedavi alt\u0131na al\u0131nd\u0131. Yaral\u0131lar\u0131n sa\u011fl\u0131k durumlar\u0131n\u0131n iyi oldu\u011fu \u00f6\u011frenildi.<\/p>\n\n\n\n<figure class=\"wp-block-image size-full\"><img loading=\"lazy\" decoding=\"async\" width=\"640\" height=\"327\" src=\"https:\/\/turkiyemhaber.com\/wp-content\/uploads\/2026\/08\/tekirdag-da-4-arac-zincirleme-kazaya-karisti-20122457_o.jpg\" alt=\"\" class=\"wp-image-4792\" srcset=\"https:\/\/turkiyemhaber.com\/wp-content\/uploads\/2026\/08\/tekirdag-da-4-arac-zincirleme-kazaya-karisti-20122457_o.jpg 640w, https:\/\/turkiyemhaber.com\/wp-content\/uploads\/2026\/08\/tekirdag-da-4-arac-zincirleme-kazaya-karisti-20122457_o-300x153.jpg 300w, https:\/\/turkiyemhaber.com\/wp-content\/uploads\/2026\/08\/tekirdag-da-4-arac-zincirleme-kazaya-karisti-20122457_o-18x9.jpg 18w\" sizes=\"auto, (max-width: 640px) 100vw, 640px\" \/><\/figure>\n\n\n\n<h2 class=\"wp-block-heading\">Jandarma \u0130nceleme Ba\u015flatt\u0131<\/h2>\n\n\n\n<p class=\"wp-block-paragraph\">Kaza nedeniyle b\u00f6lgede trafik bir s\u00fcre kontroll\u00fc olarak sa\u011flan\u0131rken, ara\u00e7lar\u0131n kald\u0131r\u0131lmas\u0131n\u0131n ard\u0131ndan ula\u015f\u0131m normale d\u00f6nd\u00fc. Jandarma ekipleri kazan\u0131n kesin nedeninin belirlenmesi i\u00e7in geni\u015f \u00e7apl\u0131 inceleme ba\u015flatt\u0131.<\/p>\n\n\n\n<p class=\"wp-block-paragraph\">Yetkililer, s\u00fcr\u00fcc\u00fcleri \u00f6zellikle sabah saatlerinde yo\u011funla\u015fan trafikte h\u0131z ve takip mesafesi konusunda dikkatli olmalar\u0131 konusunda uyard\u0131.<\/p>\n","protected":false},"excerpt":{"rendered":"<p>Tekirda\u011f&#8217;\u0131n Ergene il\u00e7esinde sabah saatlerinde meydana gelen zincirleme trafik kazas\u0131nda 29 ki\u015fi hafif yaraland\u0131. Yolcu<\/p>\n","protected":false},"author":1,"featured_media":4789,"comment_status":"open","ping_status":"open","sticky":false,"template":"","format":"standard","meta":{"_rtcl_gb_attr":"","footnotes":""},"categories":[1],"tags":[],"class_list":["post-4788","post","type-post","status-publish","format-standard","has-post-thumbnail","hentry","category-http-turkiyemhaber-com-wp-content-uploads-2026-03-saray-59-haber-13-mart-pdf"],"_links":{"self":[{"href":"https:\/\/turkiyemhaber.com\/index.php?rest_route=\/wp\/v2\/posts\/4788","targetHints":{"allow":["GET"]}}],"collection":[{"href":"https:\/\/turkiyemhaber.com\/index.php?rest_route=\/wp\/v2\/posts"}],"about":[{"href":"https:\/\/turkiyemhaber.com\/index.php?rest_route=\/wp\/v2\/types\/post"}],"author":[{"embeddable":true,"href":"https:\/\/turkiyemhaber.com\/index.php?rest_route=\/wp\/v2\/users\/1"}],"replies":[{"embeddable":true,"href":"https:\/\/turkiyemhaber.com\/index.php?rest_route=%2Fwp%2Fv2%2Fcomments&post=4788"}],"version-history":[{"count":1,"href":"https:\/\/turkiyemhaber.com\/index.php?rest_route=\/wp\/v2\/posts\/4788\/revisions"}],"predecessor-version":[{"id":4793,"href":"https:\/\/turkiyemhaber.com\/index.php?rest_route=\/wp\/v2\/posts\/4788\/revisions\/4793"}],"wp:featuredmedia":[{"embeddable":true,"href":"https:\/\/turkiyemhaber.com\/index.php?rest_route=\/wp\/v2\/media\/4789"}],"wp:attachment":[{"href":"https:\/\/turkiyemhaber.com\/index.php?rest_route=%2Fwp%2Fv2%2Fmedia&parent=4788"}],"wp:term":[{"taxonomy":"category","embeddable":true,"href":"https:\/\/turkiyemhaber.com\/index.php?rest_route=%2Fwp%2Fv2%2Fcategories&post=4788"},{"taxonomy":"post_tag","embeddable":true,"href":"https:\/\/turkiyemhaber.com\/index.php?rest_route=%2Fwp%2Fv2%2Ftags&post=4788"}],"curies":[{"name":"wp","href":"https:\/\/api.w.org\/{rel}","templated":true}]}}