{"id":4784,"date":"2026-08-06T09:30:00","date_gmt":"2026-08-06T09:30:00","guid":{"rendered":"https:\/\/turkiyemhaber.com\/?p=4784"},"modified":"2026-08-06T09:30:07","modified_gmt":"2026-08-06T09:30:07","slug":"tekirdagda-zincirleme-kaza-yolcu-otobusu-yoldan-cikti-5-kisi-yaralandi","status":"publish","type":"post","link":"https:\/\/turkiyemhaber.com\/?p=4784","title":{"rendered":"Tekirda\u011f&#8217;da Zincirleme Kaza! Yolcu Otob\u00fcs\u00fc Yoldan \u00c7\u0131kt\u0131, 5 Ki\u015fi Yaraland\u0131"},"content":{"rendered":"\n<p class=\"wp-block-paragraph\">Tekirda\u011f&#8217;\u0131n Ergene il\u00e7esinde yolcu otob\u00fcs\u00fc, iki servis arac\u0131 ve bir otomobilin kar\u0131\u015ft\u0131\u011f\u0131 zincirleme trafik kazas\u0131nda <strong>5 ki\u015fi yaraland\u0131<\/strong>. Kazan\u0131n ard\u0131ndan yoldan \u00e7\u0131kan otob\u00fcs araziye savrulurken, olay yerine \u00e7ok say\u0131da ekip sevk edildi.<\/p>\n\n\n\n<h2 class=\"wp-block-heading\">D\u00f6rt Ara\u00e7 Birbirine Girdi<\/h2>\n\n\n\n<p class=\"wp-block-paragraph\">Kaza, sabah saatlerinde <strong>Ergene il\u00e7esi Vak\u0131flar Mahallesi<\/strong> mevkisinde, Edirne yolu \u00fczerinde meydana geldi.<\/p>\n\n\n\n<p class=\"wp-block-paragraph\">L\u00fcleburgaz y\u00f6n\u00fcnde seyreden <strong>Pamukkale Turizm&#8217;e ait yolcu otob\u00fcs\u00fc<\/strong>, iki servis arac\u0131 ve bir otomobil hen\u00fcz belirlenemeyen nedenle \u00e7arp\u0131\u015ft\u0131.<\/p>\n\n\n\n<p class=\"wp-block-paragraph\">\u00c7arp\u0131\u015fman\u0131n etkisiyle yolcu otob\u00fcs\u00fc kontrolden \u00e7\u0131karak yol kenar\u0131ndaki araziye girdi.<\/p>\n\n\n\n<h2 class=\"wp-block-heading\">Yaral\u0131lar Hastaneye Kald\u0131r\u0131ld\u0131<\/h2>\n\n\n\n<p class=\"wp-block-paragraph\">Kazan\u0131n ihbar edilmesi \u00fczerine b\u00f6lgeye <strong>jandarma, itfaiye ve sa\u011fl\u0131k ekipleri<\/strong> sevk edildi.<\/p>\n\n\n\n<p class=\"wp-block-paragraph\">Kazada yaralanan <strong>5 ki\u015fi<\/strong>, sa\u011fl\u0131k ekiplerinin olay yerindeki ilk m\u00fcdahalesinin ard\u0131ndan ambulanslarla \u00e7evredeki hastanelere kald\u0131r\u0131larak tedavi alt\u0131na al\u0131nd\u0131.<\/p>\n\n\n\n<h2 class=\"wp-block-heading\">Jandarma \u0130nceleme Ba\u015flatt\u0131<\/h2>\n\n\n\n<p class=\"wp-block-paragraph\">Kazan\u0131n ard\u0131ndan g\u00fcvenlik g\u00fc\u00e7leri olay yerinde inceleme ba\u015flat\u0131rken, zincirleme kazan\u0131n kesin nedeni yap\u0131lacak ara\u015ft\u0131rman\u0131n ard\u0131ndan netlik kazanacak.<\/p>\n","protected":false},"excerpt":{"rendered":"<p>Tekirda\u011f&#8217;\u0131n Ergene il\u00e7esinde yolcu otob\u00fcs\u00fc, iki servis arac\u0131 ve bir otomobilin kar\u0131\u015ft\u0131\u011f\u0131 zincirleme trafik kazas\u0131nda<\/p>\n","protected":false},"author":1,"featured_media":4785,"comment_status":"open","ping_status":"open","sticky":false,"template":"","format":"standard","meta":{"_rtcl_gb_attr":"","footnotes":""},"categories":[1],"tags":[],"class_list":["post-4784","post","type-post","status-publish","format-standard","has-post-thumbnail","hentry","category-http-turkiyemhaber-com-wp-content-uploads-2026-03-saray-59-haber-13-mart-pdf"],"_links":{"self":[{"href":"https:\/\/turkiyemhaber.com\/index.php?rest_route=\/wp\/v2\/posts\/4784","targetHints":{"allow":["GET"]}}],"collection":[{"href":"https:\/\/turkiyemhaber.com\/index.php?rest_route=\/wp\/v2\/posts"}],"about":[{"href":"https:\/\/turkiyemhaber.com\/index.php?rest_route=\/wp\/v2\/types\/post"}],"author":[{"embeddable":true,"href":"https:\/\/turkiyemhaber.com\/index.php?rest_route=\/wp\/v2\/users\/1"}],"replies":[{"embeddable":true,"href":"https:\/\/turkiyemhaber.com\/index.php?rest_route=%2Fwp%2Fv2%2Fcomments&post=4784"}],"version-history":[{"count":1,"href":"https:\/\/turkiyemhaber.com\/index.php?rest_route=\/wp\/v2\/posts\/4784\/revisions"}],"predecessor-version":[{"id":4786,"href":"https:\/\/turkiyemhaber.com\/index.php?rest_route=\/wp\/v2\/posts\/4784\/revisions\/4786"}],"wp:featuredmedia":[{"embeddable":true,"href":"https:\/\/turkiyemhaber.com\/index.php?rest_route=\/wp\/v2\/media\/4785"}],"wp:attachment":[{"href":"https:\/\/turkiyemhaber.com\/index.php?rest_route=%2Fwp%2Fv2%2Fmedia&parent=4784"}],"wp:term":[{"taxonomy":"category","embeddable":true,"href":"https:\/\/turkiyemhaber.com\/index.php?rest_route=%2Fwp%2Fv2%2Fcategories&post=4784"},{"taxonomy":"post_tag","embeddable":true,"href":"https:\/\/turkiyemhaber.com\/index.php?rest_route=%2Fwp%2Fv2%2Ftags&post=4784"}],"curies":[{"name":"wp","href":"https:\/\/api.w.org\/{rel}","templated":true}]}}