{"id":4781,"date":"2026-08-06T09:25:43","date_gmt":"2026-08-06T09:25:43","guid":{"rendered":"https:\/\/turkiyemhaber.com\/?p=4781"},"modified":"2026-08-06T09:25:48","modified_gmt":"2026-08-06T09:25:48","slug":"tekirdagda-miras-kavgasi-kanli-bitti-kardes-agabeyini-tabancayla-vurdu","status":"publish","type":"post","link":"https:\/\/turkiyemhaber.com\/?p=4781","title":{"rendered":"Tekirda\u011f&#8217;da Miras Kavgas\u0131 Kanl\u0131 Bitti! Karde\u015f A\u011fabeyini Tabancayla Vurdu"},"content":{"rendered":"\n<p class=\"wp-block-paragraph\">Tekirda\u011f&#8217;\u0131n \u00c7orlu il\u00e7esinde y\u0131llard\u0131r devam eden miras anla\u015fmazl\u0131\u011f\u0131, silahl\u0131 sald\u0131r\u0131yla sonu\u00e7land\u0131. Sokakta kar\u015f\u0131la\u015fan iki karde\u015f aras\u0131nda \u00e7\u0131kan tart\u0131\u015fmada 72 ya\u015f\u0131ndaki V.G., a\u011fabeyi K.G.&#8217;yi tabancayla vurarak yaralad\u0131.<\/p>\n\n\n\n<h2 class=\"wp-block-heading\">Tart\u0131\u015fma Silahl\u0131 Kavgaya D\u00f6n\u00fc\u015ft\u00fc<\/h2>\n\n\n\n<p class=\"wp-block-paragraph\">Olay, \u015eeyhsinan Mahallesi Ferhat Kalfa Sokak&#8217;ta meydana geldi. Edinilen bilgilere g\u00f6re, uzun s\u00fcredir miras nedeniyle aralar\u0131nda husumet bulunan 72 ya\u015f\u0131ndaki V.G. ile 74 ya\u015f\u0131ndaki a\u011fabeyi K.G. sokakta kar\u015f\u0131la\u015ft\u0131.<\/p>\n\n\n\n<p class=\"wp-block-paragraph\">\u0130ki karde\u015f aras\u0131nda ba\u015flayan tart\u0131\u015fma k\u0131sa s\u00fcrede b\u00fcy\u00fcd\u00fc. Tart\u0131\u015fman\u0131n alevlenmesi \u00fczerine V.G., yan\u0131nda bulunan tabancayla a\u011fabeyine ate\u015f a\u00e7t\u0131.<\/p>\n\n\n\n<h2 class=\"wp-block-heading\">Baca\u011f\u0131ndan Yaraland\u0131<\/h2>\n\n\n\n<p class=\"wp-block-paragraph\">A\u00e7\u0131lan ate\u015f sonucu baca\u011f\u0131na isabet eden kur\u015funla yaralanan K.G., \u00e7evredekilerin ihbar\u0131 \u00fczerine olay yerine gelen sa\u011fl\u0131k ekiplerinin ilk m\u00fcdahalesinin ard\u0131ndan ambulansla <strong>\u00c7orlu Devlet Hastanesi&#8217;ne<\/strong> kald\u0131r\u0131ld\u0131.<\/p>\n\n\n\n<p class=\"wp-block-paragraph\">Tedavi alt\u0131na al\u0131nan K.G.&#8217;nin hayati tehlikesinin bulunmad\u0131\u011f\u0131 \u00f6\u011frenildi.<\/p>\n\n\n\n<h2 class=\"wp-block-heading\">\u015e\u00fcpheli Silahla Birlikte Yakaland\u0131<\/h2>\n\n\n\n<p class=\"wp-block-paragraph\">Olay\u0131n ard\u0131ndan ka\u00e7maya \u00e7al\u0131\u015fan \u015f\u00fcpheli V.G., Cumhuriyet Polis Merkezi Amirli\u011fi ekiplerinin h\u0131zl\u0131 m\u00fcdahalesiyle su\u00e7 aleti tabancayla birlikte yakalanarak g\u00f6zalt\u0131na al\u0131nd\u0131.<\/p>\n\n\n\n<p class=\"wp-block-paragraph\">Polis ekipleri olayla ilgili geni\u015f \u00e7apl\u0131 soru\u015fturma ba\u015flatt\u0131.<\/p>\n","protected":false},"excerpt":{"rendered":"<p>Tekirda\u011f&#8217;\u0131n \u00c7orlu il\u00e7esinde y\u0131llard\u0131r devam eden miras anla\u015fmazl\u0131\u011f\u0131, silahl\u0131 sald\u0131r\u0131yla sonu\u00e7land\u0131. Sokakta kar\u015f\u0131la\u015fan iki karde\u015f<\/p>\n","protected":false},"author":1,"featured_media":4782,"comment_status":"open","ping_status":"open","sticky":false,"template":"","format":"standard","meta":{"_rtcl_gb_attr":"","footnotes":""},"categories":[1],"tags":[],"class_list":["post-4781","post","type-post","status-publish","format-standard","has-post-thumbnail","hentry","category-http-turkiyemhaber-com-wp-content-uploads-2026-03-saray-59-haber-13-mart-pdf"],"_links":{"self":[{"href":"https:\/\/turkiyemhaber.com\/index.php?rest_route=\/wp\/v2\/posts\/4781","targetHints":{"allow":["GET"]}}],"collection":[{"href":"https:\/\/turkiyemhaber.com\/index.php?rest_route=\/wp\/v2\/posts"}],"about":[{"href":"https:\/\/turkiyemhaber.com\/index.php?rest_route=\/wp\/v2\/types\/post"}],"author":[{"embeddable":true,"href":"https:\/\/turkiyemhaber.com\/index.php?rest_route=\/wp\/v2\/users\/1"}],"replies":[{"embeddable":true,"href":"https:\/\/turkiyemhaber.com\/index.php?rest_route=%2Fwp%2Fv2%2Fcomments&post=4781"}],"version-history":[{"count":1,"href":"https:\/\/turkiyemhaber.com\/index.php?rest_route=\/wp\/v2\/posts\/4781\/revisions"}],"predecessor-version":[{"id":4783,"href":"https:\/\/turkiyemhaber.com\/index.php?rest_route=\/wp\/v2\/posts\/4781\/revisions\/4783"}],"wp:featuredmedia":[{"embeddable":true,"href":"https:\/\/turkiyemhaber.com\/index.php?rest_route=\/wp\/v2\/media\/4782"}],"wp:attachment":[{"href":"https:\/\/turkiyemhaber.com\/index.php?rest_route=%2Fwp%2Fv2%2Fmedia&parent=4781"}],"wp:term":[{"taxonomy":"category","embeddable":true,"href":"https:\/\/turkiyemhaber.com\/index.php?rest_route=%2Fwp%2Fv2%2Fcategories&post=4781"},{"taxonomy":"post_tag","embeddable":true,"href":"https:\/\/turkiyemhaber.com\/index.php?rest_route=%2Fwp%2Fv2%2Ftags&post=4781"}],"curies":[{"name":"wp","href":"https:\/\/api.w.org\/{rel}","templated":true}]}}