{"id":4778,"date":"2026-08-06T09:22:24","date_gmt":"2026-08-06T09:22:24","guid":{"rendered":"https:\/\/turkiyemhaber.com\/?p=4778"},"modified":"2026-08-06T09:22:28","modified_gmt":"2026-08-06T09:22:28","slug":"tekirdagda-aycicegi-uretiminde-arilar-verimi-artiriyor","status":"publish","type":"post","link":"https:\/\/turkiyemhaber.com\/?p=4778","title":{"rendered":"Tekirda\u011f&#8217;da Ay\u00e7i\u00e7e\u011fi \u00dcretiminde Ar\u0131lar Verimi Art\u0131r\u0131yor"},"content":{"rendered":"\n<p class=\"wp-block-paragraph\">T\u00fcrkiye&#8217;nin ay\u00e7i\u00e7e\u011fi \u00fcretiminde \u00f6nde gelen illerinden <strong>Tekirda\u011f&#8217;da<\/strong>, ar\u0131lar ay\u00e7i\u00e7e\u011fi tarlalar\u0131nda ger\u00e7ekle\u015ftirdikleri do\u011fal tozla\u015fma sayesinde hem \u00fcr\u00fcn verimini hem de kaliteyi art\u0131r\u0131yor. Uzmanlar, ar\u0131c\u0131l\u0131k ile bitkisel \u00fcretimin birbirini destekledi\u011fine dikkat \u00e7ekiyor.<\/p>\n\n\n\n<p class=\"wp-block-paragraph\">Tekirda\u011f&#8217;\u0131n geni\u015f ay\u00e7i\u00e7e\u011fi ekim alanlar\u0131nda faaliyet g\u00f6steren ar\u0131lar, \u00e7i\u00e7ekler aras\u0131nda polen ta\u015f\u0131yarak do\u011fal tozla\u015fmay\u0131 sa\u011fl\u0131yor. Bu s\u00fcre\u00e7 sayesinde ay\u00e7i\u00e7e\u011finde dane dolgunlu\u011fu artarken, \u00fcreticiler daha kaliteli ve verimli hasat elde ediyor.<\/p>\n\n\n\n<p class=\"wp-block-paragraph\">Ay\u00e7i\u00e7e\u011fi tarlalar\u0131 ayn\u0131 zamanda ar\u0131c\u0131l\u0131k a\u00e7\u0131s\u0131ndan da \u00f6nemli bir kaynak olu\u015fturuyor. B\u00f6lgede \u00fcretilen <strong>ay\u00e7i\u00e7ek bal\u0131<\/strong>, a\u00e7\u0131k sar\u0131 rengi, hafif aromas\u0131 ve kendine \u00f6zg\u00fc lezzetiyle \u00f6ne \u00e7\u0131karken, do\u011fal yap\u0131s\u0131 ve besleyici \u00f6zellikleriyle de t\u00fcketicilerden ilgi g\u00f6r\u00fcyor.<\/p>\n\n\n\n<h2 class=\"wp-block-heading\">S\u00fcrd\u00fcr\u00fclebilir Tar\u0131m \u0130\u00e7in Ar\u0131c\u0131l\u0131k Destekleniyor<\/h2>\n\n\n\n<p class=\"wp-block-paragraph\">Tekirda\u011f \u0130l Tar\u0131m ve Orman M\u00fcd\u00fcrl\u00fc\u011f\u00fc ekipleri, ay\u00e7i\u00e7e\u011fi \u00fcretim alanlar\u0131nda incelemelerini s\u00fcrd\u00fcr\u00fcrken, hem bitkisel \u00fcretimin hem de ar\u0131c\u0131l\u0131k faaliyetlerinin geli\u015ftirilmesine y\u00f6nelik \u00e7al\u0131\u015fmalar\u0131n devam etti\u011fini bildirdi.<\/p>\n\n\n\n<p class=\"wp-block-paragraph\">Yetkililer, do\u011fal dengeyi koruyan uygulamalar\u0131n s\u00fcrd\u00fcr\u00fclebilir tar\u0131m a\u00e7\u0131s\u0131ndan b\u00fcy\u00fck \u00f6nem ta\u015f\u0131d\u0131\u011f\u0131na dikkat \u00e7ekerek, <strong>&#8220;Ar\u0131lar varsa \u00fcretim var, bereket var&#8221;<\/strong> anlay\u0131\u015f\u0131yla \u00fcreticilerin desteklenmeye devam edilece\u011fini ifade etti.<\/p>\n\n\n\n<p class=\"wp-block-paragraph\">Ar\u0131c\u0131l\u0131k ve tar\u0131msal \u00fcretimin birlikte y\u00fcr\u00fct\u00fclmesiyle hem ay\u00e7i\u00e7e\u011fi veriminin art\u0131r\u0131lmas\u0131 hem de kaliteli bal \u00fcretiminin desteklenmesi hedefleniyor.<\/p>\n","protected":false},"excerpt":{"rendered":"<p>T\u00fcrkiye&#8217;nin ay\u00e7i\u00e7e\u011fi \u00fcretiminde \u00f6nde gelen illerinden Tekirda\u011f&#8217;da, ar\u0131lar ay\u00e7i\u00e7e\u011fi tarlalar\u0131nda ger\u00e7ekle\u015ftirdikleri do\u011fal tozla\u015fma sayesinde hem<\/p>\n","protected":false},"author":1,"featured_media":4779,"comment_status":"open","ping_status":"open","sticky":false,"template":"","format":"standard","meta":{"_rtcl_gb_attr":"","footnotes":""},"categories":[74],"tags":[],"class_list":["post-4778","post","type-post","status-publish","format-standard","has-post-thumbnail","hentry","category-yerel-haberler"],"_links":{"self":[{"href":"https:\/\/turkiyemhaber.com\/index.php?rest_route=\/wp\/v2\/posts\/4778","targetHints":{"allow":["GET"]}}],"collection":[{"href":"https:\/\/turkiyemhaber.com\/index.php?rest_route=\/wp\/v2\/posts"}],"about":[{"href":"https:\/\/turkiyemhaber.com\/index.php?rest_route=\/wp\/v2\/types\/post"}],"author":[{"embeddable":true,"href":"https:\/\/turkiyemhaber.com\/index.php?rest_route=\/wp\/v2\/users\/1"}],"replies":[{"embeddable":true,"href":"https:\/\/turkiyemhaber.com\/index.php?rest_route=%2Fwp%2Fv2%2Fcomments&post=4778"}],"version-history":[{"count":1,"href":"https:\/\/turkiyemhaber.com\/index.php?rest_route=\/wp\/v2\/posts\/4778\/revisions"}],"predecessor-version":[{"id":4780,"href":"https:\/\/turkiyemhaber.com\/index.php?rest_route=\/wp\/v2\/posts\/4778\/revisions\/4780"}],"wp:featuredmedia":[{"embeddable":true,"href":"https:\/\/turkiyemhaber.com\/index.php?rest_route=\/wp\/v2\/media\/4779"}],"wp:attachment":[{"href":"https:\/\/turkiyemhaber.com\/index.php?rest_route=%2Fwp%2Fv2%2Fmedia&parent=4778"}],"wp:term":[{"taxonomy":"category","embeddable":true,"href":"https:\/\/turkiyemhaber.com\/index.php?rest_route=%2Fwp%2Fv2%2Fcategories&post=4778"},{"taxonomy":"post_tag","embeddable":true,"href":"https:\/\/turkiyemhaber.com\/index.php?rest_route=%2Fwp%2Fv2%2Ftags&post=4778"}],"curies":[{"name":"wp","href":"https:\/\/api.w.org\/{rel}","templated":true}]}}