{"id":4772,"date":"2026-08-06T09:12:58","date_gmt":"2026-08-06T09:12:58","guid":{"rendered":"https:\/\/turkiyemhaber.com\/?p=4772"},"modified":"2026-08-06T09:13:03","modified_gmt":"2026-08-06T09:13:03","slug":"sgkdan-emeklilere-prim-borcu-kesintisi-duzenlemesi-maaslardan-ne-kadar-kesilecek","status":"publish","type":"post","link":"https:\/\/turkiyemhaber.com\/?p=4772","title":{"rendered":"SGK&#8217;dan Emeklilere Prim Borcu Kesintisi D\u00fczenlemesi! Maa\u015flardan Ne Kadar Kesilecek?"},"content":{"rendered":"\n<p class=\"wp-block-paragraph\">Sosyal G\u00fcvenlik Kurumu (SGK), y\u0131lba\u015f\u0131ndan bu yana uygulad\u0131\u011f\u0131 ge\u00e7mi\u015fe d\u00f6n\u00fck prim borcu tahsilat\u0131na ili\u015fkin usulleri netle\u015ftirdi. Sonradan tespit edilen <strong>Ba\u011f-Kur, SSK ve Emekli Sand\u0131\u011f\u0131 prim bor\u00e7lar\u0131<\/strong>, emekli, dul ve yetim ayl\u0131klar\u0131ndan yasal s\u0131n\u0131rlar \u00e7er\u00e7evesinde kesilebilecek.<\/p>\n\n\n\n<h2 class=\"wp-block-heading\">Sonradan Tespit Edilen Prim Bor\u00e7lar\u0131 Maa\u015ftan Tahsil Edilecek<\/h2>\n\n\n\n<p class=\"wp-block-paragraph\">Yeni uygulamaya g\u00f6re, emekli ayl\u0131\u011f\u0131 ba\u011fland\u0131ktan sonra ge\u00e7mi\u015fe d\u00f6n\u00fck prim borcu tespit edilmesi halinde SGK, s\u00f6z konusu bor\u00e7lar\u0131 maa\u015flardan kesinti yaparak tahsil edebilecek.<\/p>\n\n\n\n<p class=\"wp-block-paragraph\">Konuya ili\u015fkin de\u011ferlendirmede bulunan Ankara Y\u0131ld\u0131r\u0131m Beyaz\u0131t \u00dcniversitesi \u00d6\u011fretim G\u00f6revlisi <strong>Tarkan \u00d6z\u00e7etin<\/strong>, Ba\u011f-Kur, SSK ve Emekli Sand\u0131\u011f\u0131 kapsam\u0131ndaki prim bor\u00e7lar\u0131n\u0131n emekli maa\u015flar\u0131ndan tahsil edilebilece\u011fini belirtti.<\/p>\n\n\n\n<h2 class=\"wp-block-heading\">Kesintilerde Yasal \u00dcst S\u0131n\u0131r Uygulanacak<\/h2>\n\n\n\n<p class=\"wp-block-paragraph\">SGK&#8217;n\u0131n uygulayaca\u011f\u0131 kesintiler i\u00e7in belirlenen yasal s\u0131n\u0131rlar da a\u00e7\u0131kland\u0131.<\/p>\n\n\n\n<p class=\"wp-block-paragraph\">Buna g\u00f6re;<\/p>\n\n\n\n<ul class=\"wp-block-list\">\n<li><strong>Maa\u015ftan yap\u0131lacak kesinti ayl\u0131\u011f\u0131n y\u00fczde 10&#8217;unu a\u015famayacak.<\/strong><\/li>\n\n\n\n<li><strong>Toplam kesinti tutar\u0131 ise maa\u015f\u0131n d\u00f6rtte biri (y\u00fczde 25) s\u0131n\u0131r\u0131n\u0131 ge\u00e7emeyecek.<\/strong><\/li>\n<\/ul>\n\n\n\n<p class=\"wp-block-paragraph\">Bu s\u0131n\u0131rlar, emeklilerin gelir kayb\u0131n\u0131 belirli bir seviyede tutmay\u0131 ama\u00e7l\u0131yor.<\/p>\n\n\n\n<h2 class=\"wp-block-heading\">Birden Fazla Maa\u015f Alanlar \u0130\u00e7in Ayr\u0131 Hesaplama<\/h2>\n\n\n\n<p class=\"wp-block-paragraph\">Birden fazla emekli ayl\u0131\u011f\u0131 alan vatanda\u015flar i\u00e7in kesinti i\u015flemleri her maa\u015f \u00fczerinden ayr\u0131 ayr\u0131 de\u011ferlendirilecek.<\/p>\n\n\n\n<p class=\"wp-block-paragraph\">\u00d6rne\u011fin;<\/p>\n\n\n\n<ul class=\"wp-block-list\">\n<li>Kendi emekli maa\u015f\u0131n\u0131 alan bir ki\u015finin kendi prim borcu bulunuyorsa, bu maa\u015ftan yasal oranlarda kesinti yap\u0131labilecek.<\/li>\n\n\n\n<li>Ayn\u0131 ki\u015finin vefat eden e\u015finden ald\u0131\u011f\u0131 ayl\u0131\u011fa ili\u015fkin prim borcu bulunmas\u0131 halinde ise, ikinci maa\u015f i\u00e7in de ayr\u0131 bir kesinti uygulanabilecek.<\/li>\n<\/ul>\n\n\n\n<p class=\"wp-block-paragraph\">Uzmanlara g\u00f6re her ayl\u0131k, kendi borcu kapsam\u0131nda ba\u011f\u0131ms\u0131z olarak de\u011ferlendirilecek.<\/p>\n\n\n\n<h2 class=\"wp-block-heading\">Kimleri \u0130lgilendiriyor?<\/h2>\n\n\n\n<p class=\"wp-block-paragraph\">D\u00fczenleme;<\/p>\n\n\n\n<ul class=\"wp-block-list\">\n<li>Ba\u011f-Kur emeklilerini,<\/li>\n\n\n\n<li>SSK emeklilerini,<\/li>\n\n\n\n<li>Emekli Sand\u0131\u011f\u0131 emeklilerini,<\/li>\n\n\n\n<li>Dul ve yetim ayl\u0131\u011f\u0131 alan hak sahiplerini<\/li>\n<\/ul>\n\n\n\n<p class=\"wp-block-paragraph\">yak\u0131ndan ilgilendiriyor.<\/p>\n\n\n\n<p class=\"wp-block-paragraph\">SGK&#8217;n\u0131n, ge\u00e7mi\u015fe d\u00f6n\u00fck tespit edilen prim bor\u00e7lar\u0131n\u0131 mevcut yasal s\u0131n\u0131rlar \u00e7er\u00e7evesinde maa\u015flardan tahsil etmeye devam edece\u011fi belirtiliyor.<\/p>\n","protected":false},"excerpt":{"rendered":"<p>Sosyal G\u00fcvenlik Kurumu (SGK), y\u0131lba\u015f\u0131ndan bu yana uygulad\u0131\u011f\u0131 ge\u00e7mi\u015fe d\u00f6n\u00fck prim borcu tahsilat\u0131na ili\u015fkin usulleri<\/p>\n","protected":false},"author":1,"featured_media":4773,"comment_status":"open","ping_status":"open","sticky":false,"template":"","format":"standard","meta":{"_rtcl_gb_attr":"","footnotes":""},"categories":[14],"tags":[],"class_list":["post-4772","post","type-post","status-publish","format-standard","has-post-thumbnail","hentry","category-ekonomi"],"_links":{"self":[{"href":"https:\/\/turkiyemhaber.com\/index.php?rest_route=\/wp\/v2\/posts\/4772","targetHints":{"allow":["GET"]}}],"collection":[{"href":"https:\/\/turkiyemhaber.com\/index.php?rest_route=\/wp\/v2\/posts"}],"about":[{"href":"https:\/\/turkiyemhaber.com\/index.php?rest_route=\/wp\/v2\/types\/post"}],"author":[{"embeddable":true,"href":"https:\/\/turkiyemhaber.com\/index.php?rest_route=\/wp\/v2\/users\/1"}],"replies":[{"embeddable":true,"href":"https:\/\/turkiyemhaber.com\/index.php?rest_route=%2Fwp%2Fv2%2Fcomments&post=4772"}],"version-history":[{"count":1,"href":"https:\/\/turkiyemhaber.com\/index.php?rest_route=\/wp\/v2\/posts\/4772\/revisions"}],"predecessor-version":[{"id":4774,"href":"https:\/\/turkiyemhaber.com\/index.php?rest_route=\/wp\/v2\/posts\/4772\/revisions\/4774"}],"wp:featuredmedia":[{"embeddable":true,"href":"https:\/\/turkiyemhaber.com\/index.php?rest_route=\/wp\/v2\/media\/4773"}],"wp:attachment":[{"href":"https:\/\/turkiyemhaber.com\/index.php?rest_route=%2Fwp%2Fv2%2Fmedia&parent=4772"}],"wp:term":[{"taxonomy":"category","embeddable":true,"href":"https:\/\/turkiyemhaber.com\/index.php?rest_route=%2Fwp%2Fv2%2Fcategories&post=4772"},{"taxonomy":"post_tag","embeddable":true,"href":"https:\/\/turkiyemhaber.com\/index.php?rest_route=%2Fwp%2Fv2%2Ftags&post=4772"}],"curies":[{"name":"wp","href":"https:\/\/api.w.org\/{rel}","templated":true}]}}