{"id":4768,"date":"2026-08-06T09:06:40","date_gmt":"2026-08-06T09:06:40","guid":{"rendered":"https:\/\/turkiyemhaber.com\/?p=4768"},"modified":"2026-08-06T09:06:45","modified_gmt":"2026-08-06T09:06:45","slug":"belediyedeki-rusvet-sorusturmasinda-yeni-goruntuler-soyle-koy-ben-oradan-alirim","status":"publish","type":"post","link":"https:\/\/turkiyemhaber.com\/?p=4768","title":{"rendered":"Belediyedeki R\u00fc\u015fvet Soru\u015fturmas\u0131nda Yeni G\u00f6r\u00fcnt\u00fcler! &#8220;\u015e\u00f6yle Koy, Ben Oradan Al\u0131r\u0131m&#8221;"},"content":{"rendered":"\n<p class=\"wp-block-paragraph\">\u0130zmit Belediyesine y\u00f6nelik y\u00fcr\u00fct\u00fclen <strong>yolsuzluk ve r\u00fc\u015fvet soru\u015fturmas\u0131nda<\/strong> dosyaya giren yeni g\u00f6r\u00fcnt\u00fcler g\u00fcndem oldu. Soru\u015fturma kapsam\u0131nda, <strong>Ruhsat ve Denetim M\u00fcd\u00fcr\u00fc Figan \u00c7etin&#8217;in<\/strong> zarf i\u00e7inde para ald\u0131\u011f\u0131 \u00f6ne s\u00fcr\u00fclen anlara ili\u015fkin g\u00f6r\u00fcnt\u00fcler incelemeye al\u0131nd\u0131.<\/p>\n\n\n\n<h2 class=\"wp-block-heading\">G\u00f6r\u00fcnt\u00fcler Soru\u015fturma Dosyas\u0131na Girdi<\/h2>\n\n\n\n<p class=\"wp-block-paragraph\">\u0130stanbul Cumhuriyet Ba\u015fsavc\u0131l\u0131\u011f\u0131 taraf\u0131ndan y\u00fcr\u00fct\u00fclen soru\u015fturma kapsam\u0131nda dosyaya giren g\u00f6r\u00fcnt\u00fclerde, bir ki\u015finin Figan \u00c7etin&#8217;e zarf i\u00e7erisinde para verdi\u011fi g\u00f6r\u00fcl\u00fcyor.<\/p>\n\n\n\n<p class=\"wp-block-paragraph\">G\u00f6r\u00fcnt\u00fclerde \u00c7etin&#8217;in, <strong>&#8220;\u015e\u00f6yle koy, \u015furaya koy ben oradan al\u0131r\u0131m.&#8221;<\/strong> ifadelerini kulland\u0131\u011f\u0131 duyuluyor.<\/p>\n\n\n\n<p class=\"wp-block-paragraph\">\u0130ddiaya g\u00f6re g\u00f6r\u00fcnt\u00fcler, paray\u0131 teslim eden ki\u015fi taraf\u0131ndan kaydedildi.<\/p>\n\n\n\n<figure class=\"wp-block-image size-full\"><img loading=\"lazy\" decoding=\"async\" width=\"640\" height=\"339\" src=\"https:\/\/turkiyemhaber.com\/wp-content\/uploads\/2026\/08\/izmit-belediyesindeki-rusvet-r-69976516-2639_1_m.webp\" alt=\"\" class=\"wp-image-4770\" srcset=\"https:\/\/turkiyemhaber.com\/wp-content\/uploads\/2026\/08\/izmit-belediyesindeki-rusvet-r-69976516-2639_1_m.webp 640w, https:\/\/turkiyemhaber.com\/wp-content\/uploads\/2026\/08\/izmit-belediyesindeki-rusvet-r-69976516-2639_1_m-300x159.webp 300w, https:\/\/turkiyemhaber.com\/wp-content\/uploads\/2026\/08\/izmit-belediyesindeki-rusvet-r-69976516-2639_1_m-18x10.webp 18w\" sizes=\"auto, (max-width: 640px) 100vw, 640px\" \/><\/figure>\n\n\n\n<h2 class=\"wp-block-heading\">&#8220;\u0130lk Bize Operasyon Yaparlar&#8221;<\/h2>\n\n\n\n<p class=\"wp-block-paragraph\">Kay\u0131tlarda ayr\u0131ca Figan \u00c7etin&#8217;e ait oldu\u011fu \u00f6ne s\u00fcr\u00fclen \u015fu ifadeler de yer al\u0131yor:<\/p>\n\n\n\n<blockquote class=\"wp-block-quote is-layout-flow wp-block-quote-is-layout-flow\">\n<p class=\"wp-block-paragraph\"><strong>&#8220;\u00d6yle bir durumda ilk bize operasyon yaparlar burada.&#8221;<\/strong><\/p>\n<\/blockquote>\n\n\n\n<blockquote class=\"wp-block-quote is-layout-flow wp-block-quote-is-layout-flow\">\n<p class=\"wp-block-paragraph\"><strong>&#8220;Buraya zaten bir operasyon bekleniyordu.&#8221;<\/strong><\/p>\n<\/blockquote>\n\n\n\n<p class=\"wp-block-paragraph\">Bu konu\u015fmalar da soru\u015fturma dosyas\u0131ndaki deliller aras\u0131nda yer ald\u0131.<\/p>\n\n\n\n<h2 class=\"wp-block-heading\">Para Trafi\u011fi Ara\u015ft\u0131r\u0131l\u0131yor<\/h2>\n\n\n\n<p class=\"wp-block-paragraph\">Soru\u015fturma kapsam\u0131nda;<\/p>\n\n\n\n<ul class=\"wp-block-list\">\n<li>Zarf\u0131n i\u00e7inde bulunan para miktar\u0131,<\/li>\n\n\n\n<li>Paran\u0131n hangi tarihte teslim edildi\u011fi,<\/li>\n\n\n\n<li>Kim taraf\u0131ndan ve hangi ama\u00e7la verildi\u011fi,<\/li>\n\n\n\n<li>Paran\u0131n daha sonra kime ula\u015ft\u0131r\u0131ld\u0131\u011f\u0131,<\/li>\n\n\n\n<li>Belediye i\u00e7erisindeki hangi i\u015flem veya ruhsat s\u00fcreciyle ba\u011flant\u0131l\u0131 oldu\u011fu<\/li>\n<\/ul>\n\n\n\n<p class=\"wp-block-paragraph\">gibi iddialar \u00e7ok y\u00f6nl\u00fc olarak ara\u015ft\u0131r\u0131l\u0131yor.<\/p>\n\n\n\n<p class=\"wp-block-paragraph\">Savc\u0131l\u0131k, g\u00f6r\u00fcnt\u00fclerde yer alan ki\u015filer aras\u0131ndaki ili\u015fkiyi ve iddia edilen para trafi\u011finde ba\u015fka ki\u015filerin bulunup bulunmad\u0131\u011f\u0131n\u0131 da incelemeye devam ediyor.<\/p>\n\n\n\n<h3 class=\"wp-block-heading\">Soru\u015fturma Devam Ediyor<\/h3>\n\n\n\n<p class=\"wp-block-paragraph\">Yetkililer, dosyaya giren g\u00f6r\u00fcnt\u00fclerin di\u011fer delillerle birlikte de\u011ferlendirildi\u011fini belirtirken, soru\u015fturman\u0131n \u00e7ok y\u00f6nl\u00fc \u015fekilde s\u00fcrd\u00fc\u011f\u00fcn\u00fc bildirdi.<\/p>\n\n\n\n<p class=\"wp-block-paragraph\"><strong>Not:<\/strong> Haberde yer alan iddialar, devam eden adli soru\u015fturmaya dayanmaktad\u0131r. Soru\u015fturma ve olas\u0131 yarg\u0131lama s\u00fcreci tamamlanmadan ki\u015filer hakk\u0131nda kesin bir h\u00fck\u00fcm bulunmamaktad\u0131r.<\/p>\n","protected":false},"excerpt":{"rendered":"<p>\u0130zmit Belediyesine y\u00f6nelik y\u00fcr\u00fct\u00fclen yolsuzluk ve r\u00fc\u015fvet soru\u015fturmas\u0131nda dosyaya giren yeni g\u00f6r\u00fcnt\u00fcler g\u00fcndem oldu. Soru\u015fturma<\/p>\n","protected":false},"author":1,"featured_media":4769,"comment_status":"open","ping_status":"open","sticky":false,"template":"","format":"standard","meta":{"_rtcl_gb_attr":"","footnotes":""},"categories":[43],"tags":[],"class_list":["post-4768","post","type-post","status-publish","format-standard","has-post-thumbnail","hentry","category-son-dakika"],"_links":{"self":[{"href":"https:\/\/turkiyemhaber.com\/index.php?rest_route=\/wp\/v2\/posts\/4768","targetHints":{"allow":["GET"]}}],"collection":[{"href":"https:\/\/turkiyemhaber.com\/index.php?rest_route=\/wp\/v2\/posts"}],"about":[{"href":"https:\/\/turkiyemhaber.com\/index.php?rest_route=\/wp\/v2\/types\/post"}],"author":[{"embeddable":true,"href":"https:\/\/turkiyemhaber.com\/index.php?rest_route=\/wp\/v2\/users\/1"}],"replies":[{"embeddable":true,"href":"https:\/\/turkiyemhaber.com\/index.php?rest_route=%2Fwp%2Fv2%2Fcomments&post=4768"}],"version-history":[{"count":1,"href":"https:\/\/turkiyemhaber.com\/index.php?rest_route=\/wp\/v2\/posts\/4768\/revisions"}],"predecessor-version":[{"id":4771,"href":"https:\/\/turkiyemhaber.com\/index.php?rest_route=\/wp\/v2\/posts\/4768\/revisions\/4771"}],"wp:featuredmedia":[{"embeddable":true,"href":"https:\/\/turkiyemhaber.com\/index.php?rest_route=\/wp\/v2\/media\/4769"}],"wp:attachment":[{"href":"https:\/\/turkiyemhaber.com\/index.php?rest_route=%2Fwp%2Fv2%2Fmedia&parent=4768"}],"wp:term":[{"taxonomy":"category","embeddable":true,"href":"https:\/\/turkiyemhaber.com\/index.php?rest_route=%2Fwp%2Fv2%2Fcategories&post=4768"},{"taxonomy":"post_tag","embeddable":true,"href":"https:\/\/turkiyemhaber.com\/index.php?rest_route=%2Fwp%2Fv2%2Ftags&post=4768"}],"curies":[{"name":"wp","href":"https:\/\/api.w.org\/{rel}","templated":true}]}}