{"id":4765,"date":"2026-08-06T09:01:25","date_gmt":"2026-08-06T09:01:25","guid":{"rendered":"https:\/\/turkiyemhaber.com\/?p=4765"},"modified":"2026-08-06T09:01:32","modified_gmt":"2026-08-06T09:01:32","slug":"yeni-partiye-ilk-operasyon-manisa-il-baskani-ilksen-ozalper-gozaltina-alindi","status":"publish","type":"post","link":"https:\/\/turkiyemhaber.com\/?p=4765","title":{"rendered":"Yeni Parti&#8217;ye \u0130lk Operasyon: Manisa \u0130l Ba\u015fkan\u0131 \u0130lksen \u00d6zalper G\u00f6zalt\u0131na Al\u0131nd\u0131"},"content":{"rendered":"\n<p class=\"wp-block-paragraph\">Yeni Parti&#8217;nin kurulmas\u0131n\u0131n ard\u0131ndan partiye y\u00f6nelik ilk adli operasyon ger\u00e7ekle\u015ftirildi. \u0130stanbul Cumhuriyet Ba\u015fsavc\u0131l\u0131\u011f\u0131 taraf\u0131ndan ba\u015flat\u0131lan, daha sonra yetki kapsam\u0131nda Ankara Cumhuriyet Ba\u015fsavc\u0131l\u0131\u011f\u0131&#8217;na devredilen <strong>\u00e7\u0131kar ama\u00e7l\u0131 su\u00e7 \u00f6rg\u00fct\u00fc ve r\u00fc\u015fvet soru\u015fturmas\u0131<\/strong> kapsam\u0131nda, <strong>Yeni Parti Manisa \u0130l Ba\u015fkan\u0131 \u0130lksen \u00d6zalper<\/strong> g\u00f6zalt\u0131na al\u0131nd\u0131.<\/p>\n\n\n\n<p class=\"wp-block-paragraph\">Edinilen bilgilere g\u00f6re \u00d6zalper&#8217;in emniyetteki i\u015flemlerinin ard\u0131ndan ifadesinin al\u0131nmas\u0131 i\u00e7in <strong>Ankara&#8217;ya sevk edilmesi<\/strong> bekleniyor.<\/p>\n\n\n\n<h2 class=\"wp-block-heading\">Soru\u015fturma Nas\u0131l Ba\u015flad\u0131?<\/h2>\n\n\n\n<p class=\"wp-block-paragraph\">Soru\u015fturma, g\u00f6revden uzakla\u015ft\u0131r\u0131lan <strong>U\u015fak Belediye Ba\u015fkan\u0131 \u00d6zkan Yal\u0131m&#8217;\u0131n<\/strong> etkin pi\u015fmanl\u0131k h\u00fck\u00fcmlerinden yararlanarak verdi\u011fi ifadeler do\u011frultusunda y\u00fcr\u00fct\u00fcl\u00fcyor.<\/p>\n\n\n\n<p class=\"wp-block-paragraph\">Bu kapsamda 10 Haziran&#8217;da Manisa&#8217;da d\u00fczenlenen operasyonda, Mali Su\u00e7lar\u0131 Ara\u015ft\u0131rma Kurulu (MASAK) raporlar\u0131 ve HTS kay\u0131tlar\u0131 do\u011frultusunda;<\/p>\n\n\n\n<ul class=\"wp-block-list\">\n<li><strong>\u015eehzadeler A.\u015e. Genel M\u00fcd\u00fcr\u00fc Cem Y\u00fczer,<\/strong><\/li>\n\n\n\n<li><strong>Manisa B\u00fcy\u00fck\u015fehir Belediyesi Ba\u015fkan Dan\u0131\u015fman\u0131 Demirhan G\u00f6za\u00e7an&#8217;\u0131n \u015fof\u00f6r\u00fc An\u0131l Demir<\/strong><\/li>\n<\/ul>\n\n\n\n<p class=\"wp-block-paragraph\">g\u00f6zalt\u0131na al\u0131nm\u0131\u015ft\u0131.<\/p>\n\n\n\n<p class=\"wp-block-paragraph\">\u015e\u00fcphelilerin adreslerinde yap\u0131lan aramalarda dijital materyal ve \u00e7e\u015fitli dok\u00fcmanlara incelenmek \u00fczere el konulmu\u015ftu.<\/p>\n\n\n\n<h2 class=\"wp-block-heading\">3 \u015e\u00fcpheli Tutuklanm\u0131\u015ft\u0131<\/h2>\n\n\n\n<p class=\"wp-block-paragraph\">Soru\u015fturma kapsam\u0131nda etkin pi\u015fmanl\u0131ktan yararlanan \u00d6zkan Yal\u0131m&#8217;\u0131n, <strong>Denizli&#8217;de Demirhan G\u00f6za\u00e7an&#8217;a 1 milyon TL teslim etti\u011fini<\/strong> beyan etti\u011fi \u00f6ne s\u00fcr\u00fcld\u00fc.<\/p>\n\n\n\n<p class=\"wp-block-paragraph\">Bu kapsamda;<\/p>\n\n\n\n<ul class=\"wp-block-list\">\n<li><strong>Demirhan G\u00f6za\u00e7an,<\/strong><\/li>\n\n\n\n<li><strong>An\u0131l Demir<\/strong><\/li>\n\n\n\n<li><strong>Cem Y\u00fczer<\/strong><\/li>\n<\/ul>\n\n\n\n<p class=\"wp-block-paragraph\">\u00e7\u0131kar\u0131ld\u0131klar\u0131 mahkemece tutukland\u0131.<\/p>\n\n\n\n<h2 class=\"wp-block-heading\">Soru\u015fturma S\u00fcr\u00fcyor<\/h2>\n\n\n\n<p class=\"wp-block-paragraph\">Son olarak Yeni Parti Manisa \u0130l Ba\u015fkan\u0131 <strong>\u0130lksen \u00d6zalper<\/strong> hakk\u0131nda g\u00f6zalt\u0131 karar\u0131 uygulan\u0131rken, soru\u015fturman\u0131n Ankara Cumhuriyet Ba\u015fsavc\u0131l\u0131\u011f\u0131 koordinesinde s\u00fcrd\u00fc\u011f\u00fc bildirildi.<\/p>\n\n\n\n<p class=\"wp-block-paragraph\">\u00d6te yandan, soru\u015fturma kapsam\u0131nda yer alan iddialarla ilgili yarg\u0131 s\u00fcreci devam ediyor. G\u00f6zalt\u0131 ve tutuklama kararlar\u0131, su\u00e7lamalar\u0131n kesinle\u015fti\u011fi anlam\u0131na gelmiyor; nihai de\u011ferlendirme yarg\u0131lama s\u00fcrecinin sonunda yap\u0131lacak.<\/p>\n","protected":false},"excerpt":{"rendered":"<p>Yeni Parti&#8217;nin kurulmas\u0131n\u0131n ard\u0131ndan partiye y\u00f6nelik ilk adli operasyon ger\u00e7ekle\u015ftirildi. \u0130stanbul Cumhuriyet Ba\u015fsavc\u0131l\u0131\u011f\u0131 taraf\u0131ndan ba\u015flat\u0131lan,<\/p>\n","protected":false},"author":1,"featured_media":4766,"comment_status":"open","ping_status":"open","sticky":false,"template":"","format":"standard","meta":{"_rtcl_gb_attr":"","footnotes":""},"categories":[43],"tags":[],"class_list":["post-4765","post","type-post","status-publish","format-standard","has-post-thumbnail","hentry","category-son-dakika"],"_links":{"self":[{"href":"https:\/\/turkiyemhaber.com\/index.php?rest_route=\/wp\/v2\/posts\/4765","targetHints":{"allow":["GET"]}}],"collection":[{"href":"https:\/\/turkiyemhaber.com\/index.php?rest_route=\/wp\/v2\/posts"}],"about":[{"href":"https:\/\/turkiyemhaber.com\/index.php?rest_route=\/wp\/v2\/types\/post"}],"author":[{"embeddable":true,"href":"https:\/\/turkiyemhaber.com\/index.php?rest_route=\/wp\/v2\/users\/1"}],"replies":[{"embeddable":true,"href":"https:\/\/turkiyemhaber.com\/index.php?rest_route=%2Fwp%2Fv2%2Fcomments&post=4765"}],"version-history":[{"count":1,"href":"https:\/\/turkiyemhaber.com\/index.php?rest_route=\/wp\/v2\/posts\/4765\/revisions"}],"predecessor-version":[{"id":4767,"href":"https:\/\/turkiyemhaber.com\/index.php?rest_route=\/wp\/v2\/posts\/4765\/revisions\/4767"}],"wp:featuredmedia":[{"embeddable":true,"href":"https:\/\/turkiyemhaber.com\/index.php?rest_route=\/wp\/v2\/media\/4766"}],"wp:attachment":[{"href":"https:\/\/turkiyemhaber.com\/index.php?rest_route=%2Fwp%2Fv2%2Fmedia&parent=4765"}],"wp:term":[{"taxonomy":"category","embeddable":true,"href":"https:\/\/turkiyemhaber.com\/index.php?rest_route=%2Fwp%2Fv2%2Fcategories&post=4765"},{"taxonomy":"post_tag","embeddable":true,"href":"https:\/\/turkiyemhaber.com\/index.php?rest_route=%2Fwp%2Fv2%2Ftags&post=4765"}],"curies":[{"name":"wp","href":"https:\/\/api.w.org\/{rel}","templated":true}]}}