{"id":4762,"date":"2026-08-06T08:57:37","date_gmt":"2026-08-06T08:57:37","guid":{"rendered":"https:\/\/turkiyemhaber.com\/?p=4762"},"modified":"2026-08-06T08:57:41","modified_gmt":"2026-08-06T08:57:41","slug":"tekirdagda-kanolada-rekor-verim-dekar-basina-400-kilogram-hasat","status":"publish","type":"post","link":"https:\/\/turkiyemhaber.com\/?p=4762","title":{"rendered":"Tekirda\u011f&#8217;da Kanolada Rekor Verim! Dekar Ba\u015f\u0131na 400 Kilogram Hasat"},"content":{"rendered":"\n<p class=\"wp-block-paragraph\">Trakya&#8217;n\u0131n \u00f6nemli tar\u0131m merkezlerinden <strong>Tekirda\u011f&#8217;da<\/strong> bu y\u0131l kanola \u00fcreticisinin y\u00fcz\u00fc g\u00fcld\u00fc. \u0130l genelinde <strong>215 bin dekarda<\/strong> ger\u00e7ekle\u015ftirilen kanola hasad\u0131 tamamlan\u0131rken, <strong>dekar ba\u015f\u0131na yakla\u015f\u0131k 400 kilogram verim<\/strong> elde edildi.<\/p>\n\n\n\n<p class=\"wp-block-paragraph\">Ya\u011fl\u0131k bitkiler aras\u0131nda \u00f6nemli bir yere sahip olan kanolada yakalanan y\u00fcksek verim, hem \u00fcreticileri hem de tar\u0131m sekt\u00f6r\u00fcn\u00fc memnun etti.<\/p>\n\n\n\n<p class=\"wp-block-paragraph\">Tekirda\u011f Tar\u0131m ve Orman M\u00fcd\u00fcr\u00fc <strong>Mehmet Aksoy<\/strong>, Tekirda\u011f&#8217;\u0131n Trakya&#8217;da en fazla kanola ekili alana sahip il oldu\u011funu belirterek, bu y\u0131l ya\u011f\u0131\u015flar\u0131n bitkinin geli\u015fim d\u00f6nemine denk gelmesinin verime \u00f6nemli katk\u0131 sa\u011flad\u0131\u011f\u0131n\u0131 s\u00f6yledi.<\/p>\n\n\n\n<p class=\"wp-block-paragraph\">Aksoy, &#8220;Bu y\u0131l kanolada dekara yakla\u015f\u0131k <strong>400 kilogram verim<\/strong> ald\u0131k. Ya\u011f\u0131\u015flar\u0131n do\u011fru zamanda gelmesi ve uygulanan bitki besleme \u00fcr\u00fcnlerinin bitki taraf\u0131ndan etkin \u015fekilde al\u0131nmas\u0131 sayesinde verimli ve bereketli bir sezon ge\u00e7irdik. Kanola hasad\u0131n\u0131 ba\u015far\u0131yla tamamlad\u0131k.&#8221; dedi.<\/p>\n\n\n\n<p class=\"wp-block-paragraph\">Verimin \u00fcreticilerin beklentilerini kar\u015f\u0131lad\u0131\u011f\u0131n\u0131 ifade eden Aksoy, uygun iklim ko\u015fullar\u0131n\u0131n ve do\u011fru tar\u0131msal uygulamalar\u0131n ba\u015far\u0131l\u0131 sonu\u00e7lar verdi\u011fini vurgulad\u0131.<\/p>\n\n\n\n<p class=\"wp-block-paragraph\">Kanola \u00fcreticisi <strong>Ali Kay\u0131<\/strong> da bu y\u0131l hava \u015fartlar\u0131n\u0131n \u00fcreticinin yan\u0131nda oldu\u011funu belirterek, &#8220;Ya\u011f\u0131\u015flar\u0131n zaman\u0131nda gelmesi \u00fcr\u00fcne olumlu yans\u0131d\u0131. Hasad\u0131m\u0131z bereketli ge\u00e7ti, ald\u0131\u011f\u0131m\u0131z verim bizi mutlu etti.&#8221; ifadelerini kulland\u0131.<\/p>\n\n\n\n<p class=\"wp-block-paragraph\">\u00dcreticilerden <strong>Haydar \u0130nal<\/strong> ise uygun hava ko\u015fullar\u0131 ve sezon boyunca yap\u0131lan bak\u0131m \u00e7al\u0131\u015fmalar\u0131n\u0131n \u00fcr\u00fcn verimine do\u011frudan katk\u0131 sa\u011flad\u0131\u011f\u0131n\u0131 belirterek, bu y\u0131l\u0131 ba\u015far\u0131l\u0131 bir sezon olarak de\u011ferlendirdi.<\/p>\n\n\n\n<p class=\"wp-block-paragraph\">Tekirda\u011f&#8217;da elde edilen y\u00fcksek verimin, \u00f6n\u00fcm\u00fczdeki sezon i\u00e7in de kanola ekim alanlar\u0131n\u0131n artmas\u0131na katk\u0131 sa\u011flamas\u0131 bekleniyor.<\/p>\n","protected":false},"excerpt":{"rendered":"<p>Trakya&#8217;n\u0131n \u00f6nemli tar\u0131m merkezlerinden Tekirda\u011f&#8217;da bu y\u0131l kanola \u00fcreticisinin y\u00fcz\u00fc g\u00fcld\u00fc. \u0130l genelinde 215 bin<\/p>\n","protected":false},"author":1,"featured_media":4763,"comment_status":"open","ping_status":"open","sticky":false,"template":"","format":"standard","meta":{"_rtcl_gb_attr":"","footnotes":""},"categories":[1],"tags":[],"class_list":["post-4762","post","type-post","status-publish","format-standard","has-post-thumbnail","hentry","category-http-turkiyemhaber-com-wp-content-uploads-2026-03-saray-59-haber-13-mart-pdf"],"_links":{"self":[{"href":"https:\/\/turkiyemhaber.com\/index.php?rest_route=\/wp\/v2\/posts\/4762","targetHints":{"allow":["GET"]}}],"collection":[{"href":"https:\/\/turkiyemhaber.com\/index.php?rest_route=\/wp\/v2\/posts"}],"about":[{"href":"https:\/\/turkiyemhaber.com\/index.php?rest_route=\/wp\/v2\/types\/post"}],"author":[{"embeddable":true,"href":"https:\/\/turkiyemhaber.com\/index.php?rest_route=\/wp\/v2\/users\/1"}],"replies":[{"embeddable":true,"href":"https:\/\/turkiyemhaber.com\/index.php?rest_route=%2Fwp%2Fv2%2Fcomments&post=4762"}],"version-history":[{"count":1,"href":"https:\/\/turkiyemhaber.com\/index.php?rest_route=\/wp\/v2\/posts\/4762\/revisions"}],"predecessor-version":[{"id":4764,"href":"https:\/\/turkiyemhaber.com\/index.php?rest_route=\/wp\/v2\/posts\/4762\/revisions\/4764"}],"wp:featuredmedia":[{"embeddable":true,"href":"https:\/\/turkiyemhaber.com\/index.php?rest_route=\/wp\/v2\/media\/4763"}],"wp:attachment":[{"href":"https:\/\/turkiyemhaber.com\/index.php?rest_route=%2Fwp%2Fv2%2Fmedia&parent=4762"}],"wp:term":[{"taxonomy":"category","embeddable":true,"href":"https:\/\/turkiyemhaber.com\/index.php?rest_route=%2Fwp%2Fv2%2Fcategories&post=4762"},{"taxonomy":"post_tag","embeddable":true,"href":"https:\/\/turkiyemhaber.com\/index.php?rest_route=%2Fwp%2Fv2%2Ftags&post=4762"}],"curies":[{"name":"wp","href":"https:\/\/api.w.org\/{rel}","templated":true}]}}