{"id":4757,"date":"2026-08-06T08:49:26","date_gmt":"2026-08-06T08:49:26","guid":{"rendered":"https:\/\/turkiyemhaber.com\/?p=4757"},"modified":"2026-08-06T08:49:31","modified_gmt":"2026-08-06T08:49:31","slug":"bahceliden-cerceve-yasaya-ilk-imza-sonrasi-dikkat-ceken-mesajlar","status":"publish","type":"post","link":"https:\/\/turkiyemhaber.com\/?p=4757","title":{"rendered":"Bah\u00e7eli&#8217;den \u00c7er\u00e7eve Yasaya \u0130lk \u0130mza Sonras\u0131 Dikkat \u00c7eken Mesajlar"},"content":{"rendered":"\n<p class=\"wp-block-paragraph\">MHP Genel Ba\u015fkan\u0131 <strong>Devlet Bah\u00e7eli<\/strong>, &#8220;Milli Dayan\u0131\u015fma ve Toplumsal B\u00fct\u00fcnle\u015fmenin G\u00fc\u00e7lendirilmesine Dair Kanun Teklifi&#8221;ne ilk imzay\u0131 atmas\u0131n\u0131n ard\u0131ndan s\u00fcrece ili\u015fkin \u00f6nemli de\u011ferlendirmelerde bulundu. Bah\u00e7eli, teklifin T\u00fcrkiye&#8217;nin birlik ve beraberli\u011fi a\u00e7\u0131s\u0131ndan tarihi bir ad\u0131m oldu\u011funu belirterek, Selahattin Demirta\u015f ile ilgili a\u00e7\u0131klamalar\u0131yla da dikkat \u00e7ekti.<\/p>\n\n\n\n<figure class=\"wp-block-image size-full\"><img loading=\"lazy\" decoding=\"async\" width=\"640\" height=\"851\" src=\"https:\/\/turkiyemhaber.com\/wp-content\/uploads\/2026\/08\/bahceliden-cerceve-yasaya-ilk-26403580-7547_1_m.webp\" alt=\"\" class=\"wp-image-4759\" srcset=\"https:\/\/turkiyemhaber.com\/wp-content\/uploads\/2026\/08\/bahceliden-cerceve-yasaya-ilk-26403580-7547_1_m.webp 640w, https:\/\/turkiyemhaber.com\/wp-content\/uploads\/2026\/08\/bahceliden-cerceve-yasaya-ilk-26403580-7547_1_m-226x300.webp 226w, https:\/\/turkiyemhaber.com\/wp-content\/uploads\/2026\/08\/bahceliden-cerceve-yasaya-ilk-26403580-7547_1_m-9x12.webp 9w\" sizes=\"auto, (max-width: 640px) 100vw, 640px\" \/><\/figure>\n\n\n\n<h2 class=\"wp-block-heading\">&#8220;Bin Y\u0131ll\u0131k Karde\u015fli\u011fimiz Bir Kez Daha Tescillendi&#8221;<\/h2>\n\n\n\n<p class=\"wp-block-paragraph\">Millet Haber Ajans\u0131 Genel Yay\u0131n Y\u00f6netmeni Sinan Burhan&#8217;a konu\u015fan Bah\u00e7eli, yasa teklifine att\u0131\u011f\u0131 imzan\u0131n anlam\u0131na ili\u015fkin \u015fu ifadeleri kulland\u0131:<\/p>\n\n\n\n<blockquote class=\"wp-block-quote is-layout-flow wp-block-quote-is-layout-flow\">\n<p class=\"wp-block-paragraph\"><strong>&#8220;Att\u0131\u011f\u0131m\u0131z bu imza hay\u0131rl\u0131 ve u\u011furlu olsun. Bu imzayla bin y\u0131ll\u0131k karde\u015fli\u011fimiz bir kez daha tescillenmi\u015ftir. T\u00fcrk&#8217;\u00fcyle, K\u00fcrt&#8217;\u00fcyle, dili ve kimli\u011fi ne olursa olsun herkes kazanm\u0131\u015ft\u0131r. 86 milyon vatanda\u015f\u0131m\u0131z ve Orta Do\u011fu halklar\u0131 kazanm\u0131\u015ft\u0131r. Ayn\u0131 zamanda k\u00fcresel projelerin bozulmas\u0131n\u0131n ilk ad\u0131m\u0131 da at\u0131lm\u0131\u015ft\u0131r.&#8221;<\/strong><\/p>\n<\/blockquote>\n\n\n\n<p class=\"wp-block-paragraph\">Bah\u00e7eli ayr\u0131ca, Cumhurba\u015fkan\u0131 Recep Tayyip Erdo\u011fan ile TBMM Ba\u015fkan\u0131 Numan Kurtulmu\u015f&#8217;a s\u00fcre\u00e7teki katk\u0131lar\u0131ndan dolay\u0131 te\u015fekk\u00fcr etti.<\/p>\n\n\n\n<figure class=\"wp-block-image size-full\"><img loading=\"lazy\" decoding=\"async\" width=\"640\" height=\"457\" src=\"https:\/\/turkiyemhaber.com\/wp-content\/uploads\/2026\/08\/bahceliden-cerceve-yasaya-ilk-94996740-3618_1_m.png\" alt=\"\" class=\"wp-image-4760\" srcset=\"https:\/\/turkiyemhaber.com\/wp-content\/uploads\/2026\/08\/bahceliden-cerceve-yasaya-ilk-94996740-3618_1_m.png 640w, https:\/\/turkiyemhaber.com\/wp-content\/uploads\/2026\/08\/bahceliden-cerceve-yasaya-ilk-94996740-3618_1_m-300x214.png 300w, https:\/\/turkiyemhaber.com\/wp-content\/uploads\/2026\/08\/bahceliden-cerceve-yasaya-ilk-94996740-3618_1_m-18x12.png 18w\" sizes=\"auto, (max-width: 640px) 100vw, 640px\" \/><\/figure>\n\n\n\n<h2 class=\"wp-block-heading\">&#8220;Bu Bir Devlet Projesidir&#8221;<\/h2>\n\n\n\n<p class=\"wp-block-paragraph\">S\u00fcrecin bir devlet politikas\u0131 oldu\u011funu vurgulayan Bah\u00e7eli, Meclis ve devlet kurumlar\u0131n\u0131n gerekli \u00e7al\u0131\u015fmalar\u0131 y\u00fcr\u00fctt\u00fc\u011f\u00fcn\u00fc belirterek \u015funlar\u0131 s\u00f6yledi:<\/p>\n\n\n\n<blockquote class=\"wp-block-quote is-layout-flow wp-block-quote-is-layout-flow\">\n<p class=\"wp-block-paragraph\"><strong>&#8220;Bu proje bir devlet projesidir. Meclisimiz bu konuyla ilgili gerekli inisiyatifi alm\u0131\u015ft\u0131r. Devletimiz gerekli \u00e7al\u0131\u015fmalar\u0131 y\u00fcr\u00fct\u00fcyor. Hep birlikte bu s\u00fcreci takip edece\u011fiz.&#8221;<\/strong><\/p>\n<\/blockquote>\n\n\n\n<p class=\"wp-block-paragraph\">MHP grup toplant\u0131lar\u0131nda son d\u00f6nemde bu konuya de\u011finmemesinin nedenini de a\u00e7\u0131klayan Bah\u00e7eli, devlet gelene\u011fine uygun hareket ettiklerini ifade ederek, Cumhurba\u015fkan\u0131 ve Meclis Ba\u015fkan\u0131n\u0131n y\u00fcr\u00fctt\u00fc\u011f\u00fc \u00e7al\u0131\u015fmalar\u0131n \u00f6n\u00fcne ge\u00e7mek istemediklerini dile getirdi.<\/p>\n\n\n\n<h2 class=\"wp-block-heading\">Demirta\u015f A\u00e7\u0131klamas\u0131 G\u00fcndem Oldu<\/h2>\n\n\n\n<p class=\"wp-block-paragraph\">R\u00f6portaj\u0131n en dikkat \u00e7eken b\u00f6l\u00fcmlerinden biri ise Selahattin Demirta\u015f hakk\u0131nda yapt\u0131\u011f\u0131 de\u011ferlendirme oldu.<\/p>\n\n\n\n<p class=\"wp-block-paragraph\">Bah\u00e7eli, Demirta\u015f&#8217;\u0131 ziyaret etmedi\u011fini ancak avukatlar\u0131 arac\u0131l\u0131\u011f\u0131yla ileti\u015fim kurdu\u011funu belirterek \u015fu ifadeleri kulland\u0131:<\/p>\n\n\n\n<blockquote class=\"wp-block-quote is-layout-flow wp-block-quote-is-layout-flow\">\n<p class=\"wp-block-paragraph\"><strong>&#8220;Selahattin Demirta\u015f&#8217;\u0131 ziyaret etmedim. Ancak avukatlar\u0131 vas\u0131tas\u0131yla d\u00fczenli olarak g\u00f6r\u00fc\u015f\u00fcr, halini hat\u0131r\u0131n\u0131 sorar\u0131m. O da bana selamlar\u0131n\u0131 iletir. \u0130yi bir hukukumuz var. Ayr\u0131ca kendisinin herhangi bir talebi veya iste\u011fi olup olmad\u0131\u011f\u0131n\u0131 da sorar\u0131m. Demirta\u015f&#8217;la T\u00fcrkiye B\u00fcy\u00fck Millet Meclisi&#8217;nde birlikte \u00e7al\u0131\u015ft\u0131k.&#8221;<\/strong><\/p>\n<\/blockquote>\n\n\n\n<h2 class=\"wp-block-heading\">&#8220;Demirta\u015f Evine, Ahmetler G\u00f6revine, \u00d6calan Umut Hakk\u0131na Kavu\u015fmal\u0131d\u0131r&#8221;<\/h2>\n\n\n\n<p class=\"wp-block-paragraph\">Daha \u00f6nce yapt\u0131\u011f\u0131 &#8220;Selahattin Demirta\u015f evine d\u00f6ns\u00fcn&#8221; a\u00e7\u0131klamas\u0131n\u0131n hat\u0131rlat\u0131lmas\u0131 \u00fczerine Bah\u00e7eli, g\u00f6r\u00fc\u015f\u00fcn\u00fc yineleyerek \u015fu de\u011ferlendirmede bulundu:<\/p>\n\n\n\n<blockquote class=\"wp-block-quote is-layout-flow wp-block-quote-is-layout-flow\">\n<p class=\"wp-block-paragraph\"><strong>&#8220;Ben yine ayn\u0131 \u015feyi s\u00f6yl\u00fcyorum. Selahattin Demirta\u015f evine, Ahmetler g\u00f6revine, \u00d6calan umut hakk\u0131na kavu\u015fmal\u0131d\u0131r. T\u00fcrkiye huzur bulmal\u0131d\u0131r. Hedefimiz T\u00fcrkiye&#8217;nin ve b\u00f6lgenin huzura kavu\u015fmas\u0131d\u0131r.&#8221;<\/strong><\/p>\n<\/blockquote>\n\n\n\n<p class=\"wp-block-paragraph\">Bah\u00e7eli&#8217;nin a\u00e7\u0131klamalar\u0131, &#8220;Ter\u00f6rs\u00fcz T\u00fcrkiye&#8221; s\u00fcreci kapsam\u0131nda haz\u0131rlanan 12 maddelik \u00e7er\u00e7eve yasa teklifinin TBMM&#8217;ye sunuldu\u011fu g\u00fcn siyasi g\u00fcndemin en \u00e7ok konu\u015fulan ba\u015fl\u0131klar\u0131 aras\u0131nda yer ald\u0131.<\/p>\n","protected":false},"excerpt":{"rendered":"<p>MHP Genel Ba\u015fkan\u0131 Devlet Bah\u00e7eli, &#8220;Milli Dayan\u0131\u015fma ve Toplumsal B\u00fct\u00fcnle\u015fmenin G\u00fc\u00e7lendirilmesine Dair Kanun Teklifi&#8221;ne ilk<\/p>\n","protected":false},"author":1,"featured_media":4758,"comment_status":"open","ping_status":"open","sticky":false,"template":"","format":"standard","meta":{"_rtcl_gb_attr":"","footnotes":""},"categories":[44],"tags":[],"class_list":["post-4757","post","type-post","status-publish","format-standard","has-post-thumbnail","hentry","category-politika"],"_links":{"self":[{"href":"https:\/\/turkiyemhaber.com\/index.php?rest_route=\/wp\/v2\/posts\/4757","targetHints":{"allow":["GET"]}}],"collection":[{"href":"https:\/\/turkiyemhaber.com\/index.php?rest_route=\/wp\/v2\/posts"}],"about":[{"href":"https:\/\/turkiyemhaber.com\/index.php?rest_route=\/wp\/v2\/types\/post"}],"author":[{"embeddable":true,"href":"https:\/\/turkiyemhaber.com\/index.php?rest_route=\/wp\/v2\/users\/1"}],"replies":[{"embeddable":true,"href":"https:\/\/turkiyemhaber.com\/index.php?rest_route=%2Fwp%2Fv2%2Fcomments&post=4757"}],"version-history":[{"count":1,"href":"https:\/\/turkiyemhaber.com\/index.php?rest_route=\/wp\/v2\/posts\/4757\/revisions"}],"predecessor-version":[{"id":4761,"href":"https:\/\/turkiyemhaber.com\/index.php?rest_route=\/wp\/v2\/posts\/4757\/revisions\/4761"}],"wp:featuredmedia":[{"embeddable":true,"href":"https:\/\/turkiyemhaber.com\/index.php?rest_route=\/wp\/v2\/media\/4758"}],"wp:attachment":[{"href":"https:\/\/turkiyemhaber.com\/index.php?rest_route=%2Fwp%2Fv2%2Fmedia&parent=4757"}],"wp:term":[{"taxonomy":"category","embeddable":true,"href":"https:\/\/turkiyemhaber.com\/index.php?rest_route=%2Fwp%2Fv2%2Fcategories&post=4757"},{"taxonomy":"post_tag","embeddable":true,"href":"https:\/\/turkiyemhaber.com\/index.php?rest_route=%2Fwp%2Fv2%2Ftags&post=4757"}],"curies":[{"name":"wp","href":"https:\/\/api.w.org\/{rel}","templated":true}]}}