{"id":4735,"date":"2026-08-05T00:33:26","date_gmt":"2026-08-05T00:33:26","guid":{"rendered":"https:\/\/turkiyemhaber.com\/?p=4735"},"modified":"2026-08-05T00:33:31","modified_gmt":"2026-08-05T00:33:31","slug":"hekimhan-belediye-baskani-mehmet-serif-yildirim-yeni-partiye-katildi","status":"publish","type":"post","link":"https:\/\/turkiyemhaber.com\/?p=4735","title":{"rendered":"Hekimhan Belediye Ba\u015fkan\u0131 Mehmet \u015eerif Y\u0131ld\u0131r\u0131m YEN\u0130 Parti&#8217;ye Kat\u0131ld\u0131"},"content":{"rendered":"\n<p class=\"wp-block-paragraph\"><strong>Hekimhan Belediye Ba\u015fkan\u0131 Mehmet \u015eerif Y\u0131ld\u0131r\u0131m, YEN\u0130 Parti&#8217;ye kat\u0131larak Malatya&#8217;da partinin ilk belediye ba\u015fkan\u0131 oldu. YEN\u0130 Parti Malatya \u0130l Ba\u015fkan\u0131 Bar\u0131\u015f Y\u0131ld\u0131z, \u00f6n\u00fcm\u00fczdeki g\u00fcnlerde d\u00f6rt belediye ba\u015fkan\u0131 ile \u00e7ok say\u0131da belediye meclis \u00fcyesinin daha partiye kat\u0131laca\u011f\u0131n\u0131 a\u00e7\u0131klad\u0131.<\/strong><\/p>\n\n\n\n<p class=\"wp-block-paragraph\">Malatya siyasetinde dikkat \u00e7eken bir geli\u015fme ya\u015fand\u0131. <strong>Hekimhan Belediye Ba\u015fkan\u0131 Mehmet \u015eerif Y\u0131ld\u0131r\u0131m<\/strong>, YEN\u0130 Parti Malatya \u0130l Ba\u015fkanl\u0131\u011f\u0131&#8217;nda d\u00fczenlenen programda \u00fcyelik formunu imzalayarak resmen <strong>YEN\u0130 Parti&#8217;ye kat\u0131ld\u0131.<\/strong><\/p>\n\n\n\n<h2 class=\"wp-block-heading\">Malatya Te\u015fkilat\u0131 Resmen Kuruldu<\/h2>\n\n\n\n<p class=\"wp-block-paragraph\">Programda konu\u015fan YEN\u0130 Parti Malatya \u0130l Ba\u015fkan\u0131 <strong>Bar\u0131\u015f Y\u0131ld\u0131z<\/strong>, Malatya \u0130l Ba\u015fkanl\u0131\u011f\u0131 ile t\u00fcm il\u00e7e te\u015fkilatlar\u0131n\u0131n kurulu\u015f i\u015flemlerinin tamamland\u0131\u011f\u0131n\u0131 belirtti.<\/p>\n\n\n\n<p class=\"wp-block-paragraph\">Y\u0131ld\u0131z, Valili\u011fe ve il\u00e7e kaymakaml\u0131klar\u0131na gerekli kurulu\u015f dilek\u00e7elerinin teslim edildi\u011fini ifade ederek, parti te\u015fkilatlanmas\u0131n\u0131n resmen tamamland\u0131\u011f\u0131n\u0131 s\u00f6yledi.<\/p>\n\n\n\n<h2 class=\"wp-block-heading\">&#8220;D\u00f6rt Belediye Ba\u015fkan\u0131m\u0131z da Bizimle Olacak&#8221;<\/h2>\n\n\n\n<p class=\"wp-block-paragraph\">Bar\u0131\u015f Y\u0131ld\u0131z, partiye kat\u0131l\u0131mlar\u0131n \u00f6n\u00fcm\u00fczdeki g\u00fcnlerde de devam edece\u011fini belirterek \u015fu a\u00e7\u0131klamay\u0131 yapt\u0131:<\/p>\n\n\n\n<blockquote class=\"wp-block-quote is-layout-flow wp-block-quote-is-layout-flow\">\n<p class=\"wp-block-paragraph\">&#8220;D\u00f6rt belediye ba\u015fkan\u0131m\u0131z da bizimle olacak. Bununla birlikte Battalgazi, Ye\u015filyurt, Yaz\u0131han ve Ak\u00e7ada\u011f belediye meclis \u00fcyelerinden de YEN\u0130 Parti&#8217;ye kat\u0131l\u0131mlar ger\u00e7ekle\u015fecek. \u0130lk imzay\u0131 ise Hekimhan Belediye Ba\u015fkan\u0131m\u0131z Mehmet \u015eerif Y\u0131ld\u0131r\u0131m att\u0131.&#8221;<\/p>\n<\/blockquote>\n\n\n\n<h2 class=\"wp-block-heading\">&#8220;Yol Arkada\u015flar\u0131mla Birlikte Kat\u0131l\u0131yorum&#8221;<\/h2>\n\n\n\n<p class=\"wp-block-paragraph\">YEN\u0130 Parti&#8217;ye kat\u0131lmas\u0131n\u0131n ard\u0131ndan konu\u015fan <strong>Mehmet \u015eerif Y\u0131ld\u0131r\u0131m<\/strong>, belediye meclis \u00fcyeleriyle birlikte yeni siyasi yolculuklar\u0131na ba\u015flad\u0131klar\u0131n\u0131 ifade etti.<\/p>\n\n\n\n<p class=\"wp-block-paragraph\">Y\u0131ld\u0131r\u0131m, a\u00e7\u0131klamas\u0131nda \u015fu ifadeleri kulland\u0131:<\/p>\n\n\n\n<blockquote class=\"wp-block-quote is-layout-flow wp-block-quote-is-layout-flow\">\n<p class=\"wp-block-paragraph\">&#8220;Bug\u00fcne kadar birlikte yol y\u00fcr\u00fcmekten onur duydu\u011fum arkada\u015flar\u0131mdan ayr\u0131lmadan, onlar\u0131 yar\u0131 yolda b\u0131rakmadan, belediye meclis \u00fcyelerimizle birlikte YEN\u0130 Parti&#8217;ye kat\u0131lman\u0131n onurunu ya\u015f\u0131yorum. Yolumuz a\u00e7\u0131k, yolumuz ayd\u0131nl\u0131k olsun. Partimize, halk\u0131m\u0131za ve T\u00fcrkiye&#8217;ye hay\u0131rl\u0131 olsun.&#8221;<\/p>\n<\/blockquote>\n\n\n\n<h2 class=\"wp-block-heading\">Malatya Siyasetinde Yeni D\u00f6nem<\/h2>\n\n\n\n<p class=\"wp-block-paragraph\">Hekimhan Belediye Ba\u015fkan\u0131 Mehmet \u015eerif Y\u0131ld\u0131r\u0131m&#8217;\u0131n YEN\u0130 Parti&#8217;ye kat\u0131lmas\u0131yla birlikte parti, <strong>Malatya&#8217;daki ilk belediye ba\u015fkan\u0131n\u0131<\/strong> b\u00fcnyesine katm\u0131\u015f oldu.<\/p>\n\n\n\n<p class=\"wp-block-paragraph\">YEN\u0130 Parti y\u00f6netimi, \u00f6n\u00fcm\u00fczdeki g\u00fcnlerde yeni belediye ba\u015fkanlar\u0131 ve belediye meclis \u00fcyelerinin kat\u0131l\u0131m\u0131yla Malatya&#8217;daki te\u015fkilatlanmas\u0131n\u0131 daha da g\u00fc\u00e7lendirmeyi hedefliyor.<\/p>\n","protected":false},"excerpt":{"rendered":"<p>Hekimhan Belediye Ba\u015fkan\u0131 Mehmet \u015eerif Y\u0131ld\u0131r\u0131m, YEN\u0130 Parti&#8217;ye kat\u0131larak Malatya&#8217;da partinin ilk belediye ba\u015fkan\u0131 oldu.<\/p>\n","protected":false},"author":1,"featured_media":4736,"comment_status":"open","ping_status":"open","sticky":false,"template":"","format":"standard","meta":{"_rtcl_gb_attr":"","footnotes":""},"categories":[44],"tags":[],"class_list":["post-4735","post","type-post","status-publish","format-standard","has-post-thumbnail","hentry","category-politika"],"_links":{"self":[{"href":"https:\/\/turkiyemhaber.com\/index.php?rest_route=\/wp\/v2\/posts\/4735","targetHints":{"allow":["GET"]}}],"collection":[{"href":"https:\/\/turkiyemhaber.com\/index.php?rest_route=\/wp\/v2\/posts"}],"about":[{"href":"https:\/\/turkiyemhaber.com\/index.php?rest_route=\/wp\/v2\/types\/post"}],"author":[{"embeddable":true,"href":"https:\/\/turkiyemhaber.com\/index.php?rest_route=\/wp\/v2\/users\/1"}],"replies":[{"embeddable":true,"href":"https:\/\/turkiyemhaber.com\/index.php?rest_route=%2Fwp%2Fv2%2Fcomments&post=4735"}],"version-history":[{"count":1,"href":"https:\/\/turkiyemhaber.com\/index.php?rest_route=\/wp\/v2\/posts\/4735\/revisions"}],"predecessor-version":[{"id":4737,"href":"https:\/\/turkiyemhaber.com\/index.php?rest_route=\/wp\/v2\/posts\/4735\/revisions\/4737"}],"wp:featuredmedia":[{"embeddable":true,"href":"https:\/\/turkiyemhaber.com\/index.php?rest_route=\/wp\/v2\/media\/4736"}],"wp:attachment":[{"href":"https:\/\/turkiyemhaber.com\/index.php?rest_route=%2Fwp%2Fv2%2Fmedia&parent=4735"}],"wp:term":[{"taxonomy":"category","embeddable":true,"href":"https:\/\/turkiyemhaber.com\/index.php?rest_route=%2Fwp%2Fv2%2Fcategories&post=4735"},{"taxonomy":"post_tag","embeddable":true,"href":"https:\/\/turkiyemhaber.com\/index.php?rest_route=%2Fwp%2Fv2%2Ftags&post=4735"}],"curies":[{"name":"wp","href":"https:\/\/api.w.org\/{rel}","templated":true}]}}