{"id":4726,"date":"2026-08-05T00:25:00","date_gmt":"2026-08-05T00:25:00","guid":{"rendered":"https:\/\/turkiyemhaber.com\/?p=4726"},"modified":"2026-08-05T00:25:05","modified_gmt":"2026-08-05T00:25:05","slug":"yalovada-tarihi-eser-kacakciligi-operasyonu-228-sikke-ve-28-tarihi-obje-ele-gecirildi","status":"publish","type":"post","link":"https:\/\/turkiyemhaber.com\/?p=4726","title":{"rendered":"Yalova&#8217;da Tarihi Eser Ka\u00e7ak\u00e7\u0131l\u0131\u011f\u0131 Operasyonu: 228 Sikke ve 28 Tarihi Obje Ele Ge\u00e7irildi"},"content":{"rendered":"\n<p class=\"wp-block-paragraph\"><strong>Yalova&#8217;n\u0131n \u00c7iftlikk\u00f6y il\u00e7esinde jandarma ekiplerinin d\u00fczenledi\u011fi operasyonda, tarihi eser niteli\u011fi ta\u015f\u0131d\u0131\u011f\u0131 de\u011ferlendirilen 228 sikke ile 28 tarihi obje ele ge\u00e7irildi. G\u00f6zalt\u0131na al\u0131nan \u015f\u00fcpheli hakk\u0131nda adli i\u015flem ba\u015flat\u0131ld\u0131.<\/strong><\/p>\n\n\n\n<p class=\"wp-block-paragraph\">Yalova \u0130l Jandarma Komutanl\u0131\u011f\u0131 ekipleri, tarihi eser ka\u00e7ak\u00e7\u0131l\u0131\u011f\u0131na y\u00f6nelik y\u00fcr\u00fctt\u00fckleri \u00e7al\u0131\u015fmalar kapsam\u0131nda \u00f6nemli bir operasyona imza att\u0131.<\/p>\n\n\n\n<h2 class=\"wp-block-heading\">Yol Kontrol Noktas\u0131nda Durduruldu<\/h2>\n\n\n\n<p class=\"wp-block-paragraph\">Edinilen bilgiye g\u00f6re, <strong>\u015e.F.<\/strong> isimli \u015f\u00fcphelinin elinde bulunan tarihi eserleri satmaya \u00e7al\u0131\u015ft\u0131\u011f\u0131 y\u00f6n\u00fcnde al\u0131nan istihbarat \u00fczerine ekipler harekete ge\u00e7ti.<\/p>\n\n\n\n<p class=\"wp-block-paragraph\">Yap\u0131lan \u00e7al\u0131\u015fmalar\u0131n ard\u0131ndan \u015f\u00fcphelinin kulland\u0131\u011f\u0131 ara\u00e7, <strong>\u00c7iftlikk\u00f6y il\u00e7esine ba\u011fl\u0131 Ta\u015fk\u00f6pr\u00fc beldesindeki yol kontrol noktas\u0131nda<\/strong> durduruldu.<\/p>\n\n\n\n<h2 class=\"wp-block-heading\">256 Tarihi Eser Niteli\u011finde Par\u00e7a Ele Ge\u00e7irildi<\/h2>\n\n\n\n<p class=\"wp-block-paragraph\">Ara\u00e7ta yap\u0131lan aramada;<\/p>\n\n\n\n<ul class=\"wp-block-list\">\n<li><strong>228 adet sikke,<\/strong><\/li>\n\n\n\n<li><strong>28 adet tarihi obje<\/strong><\/li>\n<\/ul>\n\n\n\n<p class=\"wp-block-paragraph\">olmak \u00fczere, tarihi eser niteli\u011fi ta\u015f\u0131d\u0131\u011f\u0131 de\u011ferlendirilen toplam <strong>256 par\u00e7a<\/strong> ele ge\u00e7irildi.<\/p>\n\n\n\n<p class=\"wp-block-paragraph\">Ele ge\u00e7irilen eserler, incelenmek \u00fczere muhafaza alt\u0131na al\u0131nd\u0131.<\/p>\n\n\n\n<h2 class=\"wp-block-heading\">\u015e\u00fcpheli Hakk\u0131nda Adli \u0130\u015flem Ba\u015flat\u0131ld\u0131<\/h2>\n\n\n\n<p class=\"wp-block-paragraph\">Operasyon kapsam\u0131nda g\u00f6zalt\u0131na al\u0131nan \u015f\u00fcpheli hakk\u0131nda, <strong>2863 say\u0131l\u0131 K\u00fclt\u00fcr ve Tabiat Varl\u0131klar\u0131n\u0131 Koruma Kanunu<\/strong> kapsam\u0131nda adli i\u015flem ba\u015flat\u0131ld\u0131\u011f\u0131 bildirildi.<\/p>\n\n\n\n<p class=\"wp-block-paragraph\">Jandarma ekiplerinin, k\u00fclt\u00fcrel miras\u0131n korunmas\u0131na y\u00f6nelik ka\u00e7ak\u00e7\u0131l\u0131k faaliyetlerine kar\u015f\u0131 \u00e7al\u0131\u015fmalar\u0131n\u0131 kararl\u0131l\u0131kla s\u00fcrd\u00fcrd\u00fc\u011f\u00fc belirtildi.<\/p>\n","protected":false},"excerpt":{"rendered":"<p>Yalova&#8217;n\u0131n \u00c7iftlikk\u00f6y il\u00e7esinde jandarma ekiplerinin d\u00fczenledi\u011fi operasyonda, tarihi eser niteli\u011fi ta\u015f\u0131d\u0131\u011f\u0131 de\u011ferlendirilen 228 sikke ile<\/p>\n","protected":false},"author":1,"featured_media":4727,"comment_status":"open","ping_status":"open","sticky":false,"template":"","format":"standard","meta":{"_rtcl_gb_attr":"","footnotes":""},"categories":[1],"tags":[],"class_list":["post-4726","post","type-post","status-publish","format-standard","has-post-thumbnail","hentry","category-http-turkiyemhaber-com-wp-content-uploads-2026-03-saray-59-haber-13-mart-pdf"],"_links":{"self":[{"href":"https:\/\/turkiyemhaber.com\/index.php?rest_route=\/wp\/v2\/posts\/4726","targetHints":{"allow":["GET"]}}],"collection":[{"href":"https:\/\/turkiyemhaber.com\/index.php?rest_route=\/wp\/v2\/posts"}],"about":[{"href":"https:\/\/turkiyemhaber.com\/index.php?rest_route=\/wp\/v2\/types\/post"}],"author":[{"embeddable":true,"href":"https:\/\/turkiyemhaber.com\/index.php?rest_route=\/wp\/v2\/users\/1"}],"replies":[{"embeddable":true,"href":"https:\/\/turkiyemhaber.com\/index.php?rest_route=%2Fwp%2Fv2%2Fcomments&post=4726"}],"version-history":[{"count":1,"href":"https:\/\/turkiyemhaber.com\/index.php?rest_route=\/wp\/v2\/posts\/4726\/revisions"}],"predecessor-version":[{"id":4728,"href":"https:\/\/turkiyemhaber.com\/index.php?rest_route=\/wp\/v2\/posts\/4726\/revisions\/4728"}],"wp:featuredmedia":[{"embeddable":true,"href":"https:\/\/turkiyemhaber.com\/index.php?rest_route=\/wp\/v2\/media\/4727"}],"wp:attachment":[{"href":"https:\/\/turkiyemhaber.com\/index.php?rest_route=%2Fwp%2Fv2%2Fmedia&parent=4726"}],"wp:term":[{"taxonomy":"category","embeddable":true,"href":"https:\/\/turkiyemhaber.com\/index.php?rest_route=%2Fwp%2Fv2%2Fcategories&post=4726"},{"taxonomy":"post_tag","embeddable":true,"href":"https:\/\/turkiyemhaber.com\/index.php?rest_route=%2Fwp%2Fv2%2Ftags&post=4726"}],"curies":[{"name":"wp","href":"https:\/\/api.w.org\/{rel}","templated":true}]}}