{"id":4723,"date":"2026-08-05T00:23:25","date_gmt":"2026-08-05T00:23:25","guid":{"rendered":"https:\/\/turkiyemhaber.com\/?p=4723"},"modified":"2026-08-05T00:23:32","modified_gmt":"2026-08-05T00:23:32","slug":"inegolde-2026-seftali-hasadi-basladi","status":"publish","type":"post","link":"https:\/\/turkiyemhaber.com\/?p=4723","title":{"rendered":"\u0130neg\u00f6l&#8217;de 2026 \u015eeftali Hasad\u0131 Ba\u015flad\u0131"},"content":{"rendered":"\n<p class=\"wp-block-paragraph\"><strong>Bursa&#8217;n\u0131n \u0130neg\u00f6l il\u00e7esinde 2026 y\u0131l\u0131 \u015feftali hasad\u0131 G\u00fclaven \u00e7e\u015fidiyle ba\u015flad\u0131. \u00dcreticiler verimden memnun kal\u0131rken, \u00fcr\u00fcnlerin daha iyi de\u011ferlendirilebilmesi i\u00e7in ihracat\u0131n art\u0131r\u0131lmas\u0131 ve b\u00f6lgede aroma fabrikas\u0131 kurulmas\u0131 \u00e7a\u011fr\u0131s\u0131nda bulundu.<\/strong><\/p>\n\n\n\n<p class=\"wp-block-paragraph\">\u0130neg\u00f6l&#8217;\u00fcn \u00f6nemli meyve \u00fcretim merkezlerinden <strong>\u0130sa\u00f6ren Mahallesi&#8217;nde<\/strong> \u015feftali hasad\u0131 ba\u015flad\u0131. Sezonun ilk \u00fcr\u00fcn\u00fc olan <strong>G\u00fclaven<\/strong> \u00e7e\u015fidinin toplanmas\u0131na ba\u015flan\u0131rken, \u00f6n\u00fcm\u00fczdeki g\u00fcnlerde <strong>Kristalven<\/strong> \u015feftalisinin de hasat edilmesi bekleniyor.<\/p>\n\n\n\n<h2 class=\"wp-block-heading\">Verim Y\u00fcksek, \u00dcretici Umutlu<\/h2>\n\n\n\n<p class=\"wp-block-paragraph\">\u0130sa\u00f6ren K\u0131rsal Kalk\u0131nma Kooperatifi Ba\u015fkan\u0131 <strong>Erhan Ulu<\/strong>, 2026 sezonunun verim a\u00e7\u0131s\u0131ndan olduk\u00e7a iyi ba\u015flad\u0131\u011f\u0131n\u0131 belirtti.<\/p>\n\n\n\n<p class=\"wp-block-paragraph\">Ulu, G\u00fclaven \u015feftalisinin \u00fcreticiden \u00e7\u0131k\u0131\u015f fiyat\u0131n\u0131n <strong>20-25 TL<\/strong> aras\u0131nda oldu\u011funu ifade ederek, yaln\u0131zca hasat maliyetinin kilogram ba\u015f\u0131na yakla\u015f\u0131k <strong>5 TL<\/strong> oldu\u011funu s\u00f6yledi.<\/p>\n\n\n\n<p class=\"wp-block-paragraph\">\u00dcreticilerin eme\u011finin kar\u015f\u0131l\u0131\u011f\u0131n\u0131 alabilmesi i\u00e7in ihracat\u0131n \u00f6n\u00fcn\u00fcn a\u00e7\u0131lmas\u0131 gerekti\u011fini vurgulayan Ulu, d\u0131\u015f pazarlara eri\u015fimin art\u0131r\u0131lmas\u0131n\u0131n \u00fcreticilere \u00f6nemli katk\u0131 sa\u011flayaca\u011f\u0131n\u0131 dile getirdi.<\/p>\n\n\n\n<h2 class=\"wp-block-heading\">Aroma Fabrikas\u0131 Talebi<\/h2>\n\n\n\n<p class=\"wp-block-paragraph\">\u0130sa\u00f6ren Mahallesi Muhtar\u0131 <strong>\u0130smail \u00c7\u0131bukcu<\/strong> ise bu y\u0131l meyve \u00fcretiminde rekoltenin olduk\u00e7a y\u00fcksek oldu\u011funu belirtti.<\/p>\n\n\n\n<p class=\"wp-block-paragraph\">\u00c7\u0131bukcu, b\u00f6lgede kurulacak bir <strong>aroma fabrikas\u0131n\u0131n<\/strong>, \u00f6zellikle \u00fcr\u00fcn fazlas\u0131n\u0131n ya\u015fand\u0131\u011f\u0131 d\u00f6nemlerde \u015feftalilerin de\u011ferlendirilmesine katk\u0131 sa\u011flayaca\u011f\u0131n\u0131 ifade ederek, b\u00f6yle bir yat\u0131r\u0131m\u0131n \u00fcreticinin y\u00fck\u00fcn\u00fc hafifletece\u011fini s\u00f6yledi.<\/p>\n\n\n\n<h2 class=\"wp-block-heading\">&#8220;\u0130neg\u00f6l \u015eeftalisini Tatmaya Davet Ediyoruz&#8221;<\/h2>\n\n\n\n<p class=\"wp-block-paragraph\">Bu y\u0131l \u0130sa\u00f6ren&#8217;de yeti\u015ftirilen \u015feftalilerin hem kaliteli hem de bol oldu\u011funu belirten \u00c7\u0131bukcu, t\u00fcm vatanda\u015flar\u0131 <strong>\u0130neg\u00f6l \u015feftalisini tatmaya<\/strong> davet etti.<\/p>\n\n\n\n<p class=\"wp-block-paragraph\">\u0130neg\u00f6l, kaliteli \u015feftali \u00fcretimiyle T\u00fcrkiye&#8217;nin \u00f6nemli meyve merkezleri aras\u0131nda yer al\u0131rken, \u00fcreticiler sezonun bereketli ge\u00e7mesini umut ediyor.<\/p>\n","protected":false},"excerpt":{"rendered":"<p>Bursa&#8217;n\u0131n \u0130neg\u00f6l il\u00e7esinde 2026 y\u0131l\u0131 \u015feftali hasad\u0131 G\u00fclaven \u00e7e\u015fidiyle ba\u015flad\u0131. \u00dcreticiler verimden memnun kal\u0131rken, \u00fcr\u00fcnlerin<\/p>\n","protected":false},"author":1,"featured_media":4724,"comment_status":"open","ping_status":"open","sticky":false,"template":"","format":"standard","meta":{"_rtcl_gb_attr":"","footnotes":""},"categories":[1],"tags":[],"class_list":["post-4723","post","type-post","status-publish","format-standard","has-post-thumbnail","hentry","category-http-turkiyemhaber-com-wp-content-uploads-2026-03-saray-59-haber-13-mart-pdf"],"_links":{"self":[{"href":"https:\/\/turkiyemhaber.com\/index.php?rest_route=\/wp\/v2\/posts\/4723","targetHints":{"allow":["GET"]}}],"collection":[{"href":"https:\/\/turkiyemhaber.com\/index.php?rest_route=\/wp\/v2\/posts"}],"about":[{"href":"https:\/\/turkiyemhaber.com\/index.php?rest_route=\/wp\/v2\/types\/post"}],"author":[{"embeddable":true,"href":"https:\/\/turkiyemhaber.com\/index.php?rest_route=\/wp\/v2\/users\/1"}],"replies":[{"embeddable":true,"href":"https:\/\/turkiyemhaber.com\/index.php?rest_route=%2Fwp%2Fv2%2Fcomments&post=4723"}],"version-history":[{"count":1,"href":"https:\/\/turkiyemhaber.com\/index.php?rest_route=\/wp\/v2\/posts\/4723\/revisions"}],"predecessor-version":[{"id":4725,"href":"https:\/\/turkiyemhaber.com\/index.php?rest_route=\/wp\/v2\/posts\/4723\/revisions\/4725"}],"wp:featuredmedia":[{"embeddable":true,"href":"https:\/\/turkiyemhaber.com\/index.php?rest_route=\/wp\/v2\/media\/4724"}],"wp:attachment":[{"href":"https:\/\/turkiyemhaber.com\/index.php?rest_route=%2Fwp%2Fv2%2Fmedia&parent=4723"}],"wp:term":[{"taxonomy":"category","embeddable":true,"href":"https:\/\/turkiyemhaber.com\/index.php?rest_route=%2Fwp%2Fv2%2Fcategories&post=4723"},{"taxonomy":"post_tag","embeddable":true,"href":"https:\/\/turkiyemhaber.com\/index.php?rest_route=%2Fwp%2Fv2%2Ftags&post=4723"}],"curies":[{"name":"wp","href":"https:\/\/api.w.org\/{rel}","templated":true}]}}